{"id":43499,"date":"2025-10-09T21:20:12","date_gmt":"2025-10-09T21:20:12","guid":{"rendered":"https:\/\/cordoba.gob.ar\/?p=82151"},"modified":"2025-10-09T21:20:12","modified_gmt":"2025-10-09T21:20:12","slug":"deporte-diverso-y-disidente-una-jornada-para-deconstruir-jugando-en-el-cerutti","status":"publish","type":"post","link":"https:\/\/economiapoliticacba.com\/?p=43499","title":{"rendered":"Deporte diverso y disidente, una jornada para deconstruir jugando en el Cerutti"},"content":{"rendered":"<div><img src=\"http:\/\/economiapoliticacba.com\/wp-content\/uploads\/2025\/10\/deporte-diverso-y-disidente-una-jornada-para-deconstruir-jugando-en-el-cerutti.jpg\" class=\"ff-og-image-inserted\"><\/div>\n<p>La Municipalidad de C\u00f3rdoba, a trav\u00e9s de la Secretar\u00eda de Fortalecimiento Vecinal y Deportes y la de Pol\u00edticas Sociales y Desarrollo Humano organizan para este s\u00e1bado una jornada deportiva abierta, diversa e inclusiva bajo la consigna \u201cDeporte diverso y disidente: una invitaci\u00f3n a deconstruir jugando\u201d, en el Polideportivo Carlos Cerutti (Mart\u00edn Alonso Pinz\u00f3n 1050), de 14:00 a 19:30 horas.<\/p>\n<p>La propuesta, que invita a deconstruir estereotipos, celebrar la diversidad a trav\u00e9s del deporte, propone un espacio de participaci\u00f3n, encuentro y disfrute para la comunidad LGTBIQ+ y para todos aquellos los vecinos y vecinas que disfruten del deporte libre de prejuicios.<\/p>\n<p>A lo largo del d\u00eda se podr\u00e1n visibilizar diferentes pr\u00e1cticas deportivas disidentes donde podr\u00e1 verse en cancha abierta partidos de v\u00f3ley, f\u00fatbol, b\u00e1squet, hockey, ajedrez, en modalidad abierta y recreativa, fortaleciendo la inclusi\u00f3n y generando un espacio donde todas las identidades y corporalidades sean bienvenidas.<\/p>\n<p>Esta iniciativa se enmarca en la continuidad de las pol\u00edticas p\u00fablicas de inclusi\u00f3n y diversidad que la Municipalidad de C\u00f3rdoba ha venido implementando en diferentes \u00e1mbitos, reafirmando su compromiso con la construcci\u00f3n de una sociedad m\u00e1s justa y equitativa. En l\u00ednea con ediciones anteriores realizadas en otros espacios, como en el Polideportivo General Paz y en el Club Municipalidad, se llevar\u00e1 adelante esta nueva propuesta en el Cerutti, demostrando una vez m\u00e1s que el compromiso con la inclusi\u00f3n y la diversidad es una pol\u00edtica de estado en la ciudad Capital.<\/p>\n<p>No ser\u00e1 una jornada de competencias, sino de compartir, construir v\u00ednculos y habitar los espacios deportivos desde el respeto, la alegr\u00eda y la igualdad en espacios seguros y cuidados libres de violencia.<\/p>\n<p>La participaci\u00f3n es libre y gratuita, y se invita a equipos a sumarse a la propuesta que busca promover la igualdad y el respeto a trav\u00e9s del deporte.<\/p>\n<p>Quienes deseen participar, podr\u00e1n inscribirse incluso el mismo d\u00eda del encuentro, a trav\u00e9s del siguiente enlace: <a href=\"https:\/\/forms.gle\/qRQ4MEkw3cVy4LTq5?fbclid=IwZXh0bgNhZW0CMTAAYnJpZBExOGRNb0pmeDNKMjBWeFZ0NAEe4pTpeeElweAgifJTxvrRGP_9E35N0vmbQ3j7a7X_shVm5ZK-UDxcMdUd02A_aem_fcmFfgQRx4f5OuBb-qPKuQ\">https:\/\/forms.gle\/qRQ4MEkw3cVy4LTq5<\/a><\/p>\n","protected":false},"excerpt":{"rendered":"<p>La Municipalidad de C\u00f3rdoba, a trav\u00e9s de la Secretar\u00eda de Fortalecimiento Vecinal y Deportes y la de Pol\u00edticas Sociales y Desarrollo Humano organizan para este s\u00e1bado una jornada deportiva abierta, diversa e inclusiva bajo la consigna \u201cDeporte diverso y disidente: una invitaci\u00f3n a deconstruir jugando\u201d, en el Polideportivo Carlos Cerutti (Mart\u00edn Alonso Pinz\u00f3n 1050), de [&hellip;]<\/p>\n","protected":false},"author":1,"featured_media":43500,"comment_status":"closed","ping_status":"closed","sticky":false,"template":"","format":"standard","meta":{"om_disable_all_campaigns":false,"_monsterinsights_skip_tracking":false,"_monsterinsights_sitenote_active":false,"_monsterinsights_sitenote_note":"","_monsterinsights_sitenote_category":0},"categories":[15],"tags":[],"aioseo_notices":[],"_links":{"self":[{"href":"https:\/\/economiapoliticacba.com\/index.php?rest_route=\/wp\/v2\/posts\/43499"}],"collection":[{"href":"https:\/\/economiapoliticacba.com\/index.php?rest_route=\/wp\/v2\/posts"}],"about":[{"href":"https:\/\/economiapoliticacba.com\/index.php?rest_route=\/wp\/v2\/types\/post"}],"author":[{"embeddable":true,"href":"https:\/\/economiapoliticacba.com\/index.php?rest_route=\/wp\/v2\/users\/1"}],"replies":[{"embeddable":true,"href":"https:\/\/economiapoliticacba.com\/index.php?rest_route=%2Fwp%2Fv2%2Fcomments&post=43499"}],"version-history":[{"count":0,"href":"https:\/\/economiapoliticacba.com\/index.php?rest_route=\/wp\/v2\/posts\/43499\/revisions"}],"wp:featuredmedia":[{"embeddable":true,"href":"https:\/\/economiapoliticacba.com\/index.php?rest_route=\/wp\/v2\/media\/43500"}],"wp:attachment":[{"href":"https:\/\/economiapoliticacba.com\/index.php?rest_route=%2Fwp%2Fv2%2Fmedia&parent=43499"}],"wp:term":[{"taxonomy":"category","embeddable":true,"href":"https:\/\/economiapoliticacba.com\/index.php?rest_route=%2Fwp%2Fv2%2Fcategories&post=43499"},{"taxonomy":"post_tag","embeddable":true,"href":"https:\/\/economiapoliticacba.com\/index.php?rest_route=%2Fwp%2Fv2%2Ftags&post=43499"}],"curies":[{"name":"wp","href":"https:\/\/api.w.org\/{rel}","templated":true}]}}