{"id":43497,"date":"2025-10-09T18:13:00","date_gmt":"2025-10-09T18:13:00","guid":{"rendered":"https:\/\/www.iprofesional.com\/politica\/439248-allanamiento-a-espert-por-presunto-vinculo-con-empresario-acusado-de-narcotrafico"},"modified":"2025-10-09T18:13:00","modified_gmt":"2025-10-09T18:13:00","slug":"video-allanaron-la-casa-de-espert-por-presunto-vinculo-con-fred-machado","status":"publish","type":"post","link":"https:\/\/economiapoliticacba.com\/?p=43497","title":{"rendered":"VIDEO | Allanaron la casa de Espert, por presunto v\u00ednculo con Fred Machado"},"content":{"rendered":"<p><img src=\"http:\/\/economiapoliticacba.com\/wp-content\/uploads\/2025\/10\/video-allanaron-la-casa-de-espert-por-presunto-vinculo-con-fred-machado.jpg\"><\/p>\n<div><img src=\"http:\/\/economiapoliticacba.com\/wp-content\/uploads\/2025\/10\/video-allanaron-la-casa-de-espert-por-presunto-vinculo-con-fred-machado.webp\" class=\"ff-og-image-inserted\"><\/div>\n<p>La casa del diputado nacional <strong><a href=\"https:\/\/www.iprofesional.com\/politica\/439203-que-dice-millonario-contrato-que-jose-luis-espert-firmo-con-fred-machado\" target=\"_blank\" title=\"Qu\u00e9 dice el millonario contrato que Jos\u00e9 Luis Espert firm\u00f3 con Fred Machado\" rel=\"noopener noreferrer\">Jos\u00e9 Luis Espert<\/a> <\/strong>est\u00e1 siendo allanada por las vinculaciones con el empresario acusado por narcotr\u00e1fico <strong>Federico \u2018Fred\u2019 Machado<\/strong> y la transferencia de <strong>200.000 d\u00f3lares<\/strong> a la cuenta del funcionario oficialista.<\/p>\n<h2>Allanaron la casa y oficina de Jos\u00e9 Luis Espert<\/h2>\n<p>Vale aclarar que <span>fue <strong>el propio Espert quien recibi\u00f3 a la Polic\u00eda en su casa. <\/strong>El diputado nacional y excandidato a gobernador estaba acompa\u00f1ado por sus abogados, seg\u00fan indic\u00f3&nbsp;TN.<\/span><\/p>\n<p>El referente de La Libertad Avanza entreg\u00f3 un celular a la Justicia, que <strong>lo tendr\u00e1 secuestrado al menos hasta que se haga una copia forense y sea peritado.<\/strong><\/p>\n<p>La investigaci\u00f3n est\u00e1 a cargo del fiscal federal<span>&nbsp;<\/span><strong>Federico Dom\u00ednguez,<\/strong> mientras que el juez que orden\u00f3 las requisas es<span>&nbsp;<\/span>Lino Mirabelli.<\/p>\n<h2>Habl\u00f3 el abogado de Jos\u00e9 Luis Espert: qu\u00e9 dijo<\/h2>\n<p><span>El abogado del diputado nacional Jos\u00e9 Luis Espert,<strong> Alejandro Freeland<\/strong>, sostuvo que no lo dejan ingresar al allanamiento si no es con la orden del juez: &#8220;<\/span><span>Me voy afuera porque me aburro y estoy parado con el perro&#8221;.<\/span><\/p>\n<p><span>En declaraciones a la prensa, el defensor del legislador libertario sostuvo que esta indicaci\u00f3n &#8220;no la vio en ning\u00fan caso&#8221; y que cree en <strong>est\u00e1 impulsado por &#8220;gente de la pol\u00edtica&#8221;<\/strong> <strong>y por &#8220;los medios de comunicaci\u00f3n<\/strong> que se subieron a un carro&#8221;, manifest\u00f3.<\/span><\/p>\n<p><span>&#8220;Resulta que ac\u00e1 estoy, esperando a que el Se\u00f1or Juez me autorice al defensor a entrar al acercamiento. <span><strong>Nunca vi un escarnio y un ataque tan bruta<\/strong>l, tan descarnado y tan feroz a una persona que reci\u00e9n est\u00e1 se\u00f1alada y denunciada como<a href=\"https:\/\/www.iprofesional.com\/politica\/439168-intento-de-magnicidio-a-cristina-kirchner-sabag-montiel-condenado-a-10-anos-de-prision\" target=\"_blank\" title=\"Condenaron a Sabag Montiel y Brenda Uliarte por el intento de magnicidio contra Cristina Kirchner\" rel=\"noopener noreferrer\"> presunto autor de un delito&#8221;<\/a><\/span>, manifest\u00f3.<\/span><\/p>\n<p><span>En estos momentos, la casa del diputado Espert contin\u00faa siendo allanada por las vinculaciones con el empresario acusado por narcotr\u00e1fico Federico \u2018Fred\u2019 Machado y una transferencia de 200.000 d\u00f3lares a su cuenta bancaria personal. <\/span><span>El procedimiento se lleva a cabo en un inmueble de la calle <strong>Brasil 785, <\/strong>en la localidad bonaerense de<strong> San Isidro<\/strong>, seg\u00fan informaron fuentes judiciales.<\/span><\/p>\n<h2>Qu\u00e9 dice el millonario contrato que Jos\u00e9 Luis Espert firm\u00f3 con Fred Machado<\/h2>\n<p>Efectivos de la<span>&nbsp;<\/span><strong>Polic\u00eda Federal<span>&nbsp;<\/span><\/strong>encontraron un contrato firmado en 2019 entre el diputado en uso de licencia<strong><span>&nbsp;<\/span>Jos\u00e9 Luis Espert y Federico &#8220;Fred&#8221; Machado<\/strong><span>&nbsp;<\/span>por 1.000.000 de<span>&nbsp;<\/span><a href=\"https:\/\/www.iprofesional.com\/finanzas\/429355-ahora-te-pagan-mas-por-poner-tus-dolares-en-plazo-fijo-que-tasa-ofrece-cada-banco\" target=\"_blank\" title=\"Ahora te pagan m\u00e1s por poner tus d\u00f3lares en plazo fijo\" rel=\"noopener noreferrer\"><strong>d\u00f3lares<\/strong><\/a>, durante un allanamiento.&nbsp;El texto brinda detalles sobre<span>&nbsp;<\/span><strong>pagos en cuotas de 100.000 d\u00f3lares por servicios pactados entre el pol\u00edtico y el empresario<\/strong><span>&nbsp;<\/span>que tendr\u00eda supuestos v\u00ednculos con narcotraficantes, quien ser\u00e1 extraditado a Estados Unidos. El documento presentaba roturas y manchas, pero fue reconstruido por la<span>&nbsp;<\/span><strong>Polic\u00eda<\/strong>, trascendi\u00f3.<\/p>\n<p><span>&#8220;El precio total que &#8216;el comitente'(<strong>Machado<\/strong>) se obliga a pagar &#8216;al prestador&#8217;&nbsp;(<strong>Espert<\/strong>) por el trabajo encomendado asciende la suma de d\u00f3lares estadounidenses, un mill\u00f3n (u$s 1.000.000) pagaderos de la siguiente forma: d\u00f3lares estadounidenses cien mil (u$s 100.000), en el acto de la suscripci\u00f3n de este contrato, sirviendo el presente del m\u00e1s eficaz recibo y carta de pago&#8221;,<\/span> resalta el texto.<\/p>\n<p>Y agrega: &#8220;El<span>&nbsp;<\/span><strong>saldo ser\u00e1 abonado al prestado<\/strong>&#8221; (9) cuotas mensuales consecutivas e iguales de d\u00f3lares estadounidenses cien mil (u$s 100.000) cada una, a partir del mes siguiente al de la suscripci\u00f3n de este convenio, comprometi\u00e9ndose &#8216;el comitente&#8217; a hacer efectivo los pagos mediante transferencia bancaria&#8221;.<\/p>\n<p>&#8220;Las transferencias ser\u00e1n efectivas dentro de los primeros cinco d\u00edas de cada mes.<span>&nbsp;<\/span><span>&#8216;El comitente&#8217;<\/span><span>&nbsp;<\/span>renuncia expresamente a alegar cualquier impedimento derivado de fuerza mayor, caso fortuito o disposici\u00f3n estatal de la que resultare la imposibilidad de dar cumplimiento a los<span>&nbsp;<\/span><strong>pagos en la especie de moneda pactada<\/strong><span>&nbsp;<\/span>y toma a su cargo las consecuencias de tales eventos&#8221;, contin\u00faa.<\/p>\n<p>Y resalta tambi\u00e9n que &#8220;conociendo en su integridad las<span>&nbsp;<\/span><strong>circunstancias del mercado<\/strong>, tambi\u00e9n renuncia expresa e irrevocablemente a invocar la teor\u00eda de la imprevisi\u00f3n&#8221;.&nbsp;Machado, quien hasta el martes cumpl\u00eda<span>&nbsp;<\/span><strong>prisi\u00f3n domiciliaria en Viedma<\/strong>, provincia de<span>&nbsp;<\/span><a href=\"https:\/\/www.iprofesional.com\/economia\/428582-acuerdo-millonario-de-rio-negro-con-petroleras-por-el-mega-oleoducto\" target=\"_blank\" title=\"Acuerdo millonario de R\u00edo Negro con petroleras por el mega oleoducto\" rel=\"noopener noreferrer\"><strong>R\u00edo Negro<\/strong><\/a>, de donde es oriundo, fue trasladado a un destacamento luego de que la Corte Suprema habilitara su extradici\u00f3n a Estados Unidos para ser juzgado por narcotr\u00e1fico y fraude.<\/p>\n<p>El pacto ten\u00eda una parte dedicada a<span>&nbsp;<\/span><strong>posibles incumplimientos<\/strong>: &#8220;Para el caso de que el prestador no finalice el trabajo en el plazo establecido y no hubiere acuerdo en la pr\u00f3rroga del plazo facultar\u00e1 al comitente a requerir al prestador a que de cumplimiento a su obligaci\u00f3n dentro de los pr\u00f3ximos (30) treinta d\u00edas, vencidos los cuales sin que haya satisfecho su prestaci\u00f3n quedar\u00e1 resuelto el contrato, pudiendo reclamar el comitente la devoluci\u00f3n de las sumas entregadas y los da\u00f1os y perjuicios ocasionados por la conducta del prestador&#8221;.<\/p>\n<p>En este caso, seg\u00fan palabras del propio<span>&nbsp;<\/span><a href=\"https:\/\/www.iprofesional.com\/politica\/439183-caos-libertario-jose-luis-espert-estara-en-boleta-y-javier-milei-diego-santilli-frente-de-campana\" target=\"_blank\" title=\"Espert en la boleta, Reichardt candidata y Milei-Santilli liderando la campa\u00f1a\" rel=\"noopener noreferrer\"><strong>Espert<\/strong><\/a>, no devolvi\u00f3 el dinero pese a que no hab\u00eda terminado el trabajo, pero se debi\u00f3 a una<span>&nbsp;<\/span><strong>raz\u00f3n de fuerza mayor<\/strong>, que fue la pandemia. Finalmente, el contrato establec\u00eda que ante cualquier<span>&nbsp;<\/span><strong>controversia<\/strong><span>&nbsp;<\/span>que pudiera surgir, las partes acordaban someterse a &#8220;la competencia de los<span>&nbsp;<\/span><strong>Tribunales Ordinarios de New York<\/strong>, de los<span>&nbsp;<\/span><a href=\"https:\/\/www.iprofesional.com\/impuestos\/438779-alerta-para-argentinos-con-cuentas-en-estados-unidos-por-que-arca-los-expuso\" target=\"_blank\" title=\"Alerta para argentinos con cuentas en Estados Unidos de Am\u00e9rica, por qu\u00e9 ARCA los expuso\" rel=\"noopener noreferrer\"><strong>Estados Unidos de Am\u00e9rica<\/strong><\/a>&#8220;.<\/p>\n","protected":false},"excerpt":{"rendered":"<p>La casa del diputado nacional Jos\u00e9 Luis Espert est\u00e1 siendo allanada por las vinculaciones con el empresario acusado por narcotr\u00e1fico Federico \u2018Fred\u2019 Machado y la transferencia de 200.000 d\u00f3lares a la cuenta del funcionario oficialista. Allanaron la casa y oficina de Jos\u00e9 Luis Espert Vale aclarar que fue el propio Espert quien recibi\u00f3 a la [&hellip;]<\/p>\n","protected":false},"author":1,"featured_media":43498,"comment_status":"closed","ping_status":"closed","sticky":false,"template":"","format":"standard","meta":{"om_disable_all_campaigns":false,"_monsterinsights_skip_tracking":false,"_monsterinsights_sitenote_active":false,"_monsterinsights_sitenote_note":"","_monsterinsights_sitenote_category":0},"categories":[20],"tags":[],"aioseo_notices":[],"_links":{"self":[{"href":"https:\/\/economiapoliticacba.com\/index.php?rest_route=\/wp\/v2\/posts\/43497"}],"collection":[{"href":"https:\/\/economiapoliticacba.com\/index.php?rest_route=\/wp\/v2\/posts"}],"about":[{"href":"https:\/\/economiapoliticacba.com\/index.php?rest_route=\/wp\/v2\/types\/post"}],"author":[{"embeddable":true,"href":"https:\/\/economiapoliticacba.com\/index.php?rest_route=\/wp\/v2\/users\/1"}],"replies":[{"embeddable":true,"href":"https:\/\/economiapoliticacba.com\/index.php?rest_route=%2Fwp%2Fv2%2Fcomments&post=43497"}],"version-history":[{"count":0,"href":"https:\/\/economiapoliticacba.com\/index.php?rest_route=\/wp\/v2\/posts\/43497\/revisions"}],"wp:featuredmedia":[{"embeddable":true,"href":"https:\/\/economiapoliticacba.com\/index.php?rest_route=\/wp\/v2\/media\/43498"}],"wp:attachment":[{"href":"https:\/\/economiapoliticacba.com\/index.php?rest_route=%2Fwp%2Fv2%2Fmedia&parent=43497"}],"wp:term":[{"taxonomy":"category","embeddable":true,"href":"https:\/\/economiapoliticacba.com\/index.php?rest_route=%2Fwp%2Fv2%2Fcategories&post=43497"},{"taxonomy":"post_tag","embeddable":true,"href":"https:\/\/economiapoliticacba.com\/index.php?rest_route=%2Fwp%2Fv2%2Ftags&post=43497"}],"curies":[{"name":"wp","href":"https:\/\/api.w.org\/{rel}","templated":true}]}}