{"id":43472,"date":"2025-10-08T19:56:24","date_gmt":"2025-10-08T19:56:24","guid":{"rendered":"https:\/\/cordoba.gob.ar\/?p=82034"},"modified":"2025-10-08T19:56:24","modified_gmt":"2025-10-08T19:56:24","slug":"jueves-en-la-feria-del-libro-de-japon-al-cordobazo-el-conicet-y-las-universidades","status":"publish","type":"post","link":"https:\/\/economiapoliticacba.com\/?p=43472","title":{"rendered":"Jueves en la Feria del Libro: de Jap\u00f3n al Cordobazo, el CONICET y las universidades"},"content":{"rendered":"<div><img src=\"http:\/\/economiapoliticacba.com\/wp-content\/uploads\/2025\/10\/jueves-en-la-feria-del-libro-de-japon-al-cordobazo-el-conicet-y-las-universidades.jpg\" class=\"ff-og-image-inserted\"><\/div>\n<ul>\n<li><strong>Habr\u00e1 m\u00fasica, presentaciones de libros, conversatorios y la proyecci\u00f3n de una pel\u00edcula.<\/strong><\/li>\n<li><strong>Viviana Rivero ser\u00e1 la gran figura del d\u00eda: dar\u00e1 una charla a las 19:00.<\/strong><\/li>\n<li><strong>CONICET abrir\u00e1 su ciclo a las 18:00.<\/strong><\/li>\n<\/ul>\n<hr>\n<p>Este jueves 9 de octubre, entre las propuestas de la Feria del Libro C\u00f3rdoba, se encuentran diversas actividades que buscan nutrir de diversidad la jornada cultural previa al inicio del fin de semana. La Feria se podr\u00e1 visitar, como es habitual, a partir de las 11:00.<\/p>\n<p>Desde las 16:00, comenzar\u00e1n las primeras presentaciones. En esta oportunidad, el conversatorio sobre el libro \u201cPlataformas de streaming. Una econom\u00eda de la dispersi\u00f3n\u201d de Agust\u00edn Berti tendr\u00e1 lugar en la Carpa Leonor Allende. Este libro analiza c\u00f3mo las plataformas de streaming transformaron nuestra forma de ver cine y series, entre pantallas t\u00e1ctiles, cat\u00e1logos infinitos y promesas de disponibilidad total.<\/p>\n<p>A la misma hora, en la Carpa Susana Cabuchi se presentar\u00e1n los libros \u201cMiseria planificada\u201d de Leandro Inchauspe y Hugo Dante Ortiz y \u201cSarita: \u00a1trabajadoras si, esclavas no!\u201d de Bitin Baronetto e Ilda Bustos. Con gran carga social, estas ediciones invitan a reflexionar sobre la situaci\u00f3n social en nuestra ciudad con humanidad y conciencia.<\/p>\n<p>A las 17:00, en la misma carpa, \u201cPalabra universitaria: entre c\u00e1tedras, caf\u00e9s y escrituras\u201d ser\u00e1 un espacio que vincular\u00e1 el \u00e1mbito acad\u00e9mico con la vida cultural y la creaci\u00f3n literaria, explorando las conexiones entre la docencia, la investigaci\u00f3n y la palabra escrita. Nuestra ciudad, protagonista de grandes gestas universitarias, ser\u00e1 el epicentro de la reflexi\u00f3n acerca de esta tem\u00e1tica, tan actual en estos tiempos.<\/p>\n<p>A las 18:00, se inaugurar\u00e1 el Ciclo CONICET en la Feria, que tendr\u00e1 actividad en los pr\u00f3ximos d\u00edas. En esta oportunidad, cuatro investigadores de este organismo protagonizar\u00e1n la charla \u201cC\u00f3rdoba antes de C\u00f3rdoba: una mirada desde la arqueolog\u00eda y los museos\u201d en la Carpa Julio Carri P\u00e9rez.<\/p>\n<p>Cerca del final de la jornada, se presentar\u00e1 desde las 19:00 Ky\u014dmei Daiko, grupo de ensamble de Taikos, tambores japoneses, en el Escenario Miguel Iriarte. A la misma hora, en la Carpa Leonor Allende, se desarrollar\u00e1 una charla abierta con la reconocida escritora cordobesa Viviana Rivero.<\/p>\n<p>Tambi\u00e9n se presentar\u00e1n a lo largo del d\u00eda personalidades como Jorge \u2018Chacho\u2019 Marzetti, David Voloj y Sol Fantin. La <a href=\"https:\/\/feriadellibro.cordoba.gob.ar\">programaci\u00f3n completa<\/a>, as\u00ed como tambi\u00e9n el mapa con la ubicaci\u00f3n de las diferentes carpas, se puede consultar en la web de la FLC.<\/p>\n<p>La jornada llegar\u00e1 a su fin a las 21:00, con la proyecci\u00f3n de Tosco (2011, dir. Adri\u00e1n Jaime), la pel\u00edcula que recuerda el 50\u00b0 aniversario del fallecimiento de Agust\u00edn Tosco, uno de los l\u00edderes sindicales m\u00e1s destacados de la historia del movimiento obrero cordob\u00e9s y argentino. Ser\u00e1 en el marco del Ciclo de cine Aniversarios y tendr\u00e1 lugar en el auditorio del Cineclub Municipal.<\/p>\n<p>Todas las actividades son de participaci\u00f3n gratuita. La FLC se puede visitar de lunes a s\u00e1bado y feriado, de 11:00 a 21:00, y los domingos de 15:00 a 21:00.<\/p>\n","protected":false},"excerpt":{"rendered":"<p>Habr\u00e1 m\u00fasica, presentaciones de libros, conversatorios y la proyecci\u00f3n de una pel\u00edcula. Viviana Rivero ser\u00e1 la gran figura del d\u00eda: dar\u00e1 una charla a las 19:00. CONICET abrir\u00e1 su ciclo a las 18:00. Este jueves 9 de octubre, entre las propuestas de la Feria del Libro C\u00f3rdoba, se encuentran diversas actividades que buscan nutrir de [&hellip;]<\/p>\n","protected":false},"author":1,"featured_media":43473,"comment_status":"closed","ping_status":"closed","sticky":false,"template":"","format":"standard","meta":{"om_disable_all_campaigns":false,"_monsterinsights_skip_tracking":false,"_monsterinsights_sitenote_active":false,"_monsterinsights_sitenote_note":"","_monsterinsights_sitenote_category":0},"categories":[15],"tags":[],"aioseo_notices":[],"_links":{"self":[{"href":"https:\/\/economiapoliticacba.com\/index.php?rest_route=\/wp\/v2\/posts\/43472"}],"collection":[{"href":"https:\/\/economiapoliticacba.com\/index.php?rest_route=\/wp\/v2\/posts"}],"about":[{"href":"https:\/\/economiapoliticacba.com\/index.php?rest_route=\/wp\/v2\/types\/post"}],"author":[{"embeddable":true,"href":"https:\/\/economiapoliticacba.com\/index.php?rest_route=\/wp\/v2\/users\/1"}],"replies":[{"embeddable":true,"href":"https:\/\/economiapoliticacba.com\/index.php?rest_route=%2Fwp%2Fv2%2Fcomments&post=43472"}],"version-history":[{"count":0,"href":"https:\/\/economiapoliticacba.com\/index.php?rest_route=\/wp\/v2\/posts\/43472\/revisions"}],"wp:featuredmedia":[{"embeddable":true,"href":"https:\/\/economiapoliticacba.com\/index.php?rest_route=\/wp\/v2\/media\/43473"}],"wp:attachment":[{"href":"https:\/\/economiapoliticacba.com\/index.php?rest_route=%2Fwp%2Fv2%2Fmedia&parent=43472"}],"wp:term":[{"taxonomy":"category","embeddable":true,"href":"https:\/\/economiapoliticacba.com\/index.php?rest_route=%2Fwp%2Fv2%2Fcategories&post=43472"},{"taxonomy":"post_tag","embeddable":true,"href":"https:\/\/economiapoliticacba.com\/index.php?rest_route=%2Fwp%2Fv2%2Ftags&post=43472"}],"curies":[{"name":"wp","href":"https:\/\/api.w.org\/{rel}","templated":true}]}}