{"id":43470,"date":"2025-10-08T22:29:00","date_gmt":"2025-10-08T22:29:00","guid":{"rendered":"https:\/\/www.iprofesional.com\/legales\/439195-juez-federal-pide-autorizacion-a-diputados-para-avanzar-con-medidas-contra-jose-luis-espert"},"modified":"2025-10-08T22:29:00","modified_gmt":"2025-10-08T22:29:00","slug":"un-juez-federal-pide-autorizacion-a-diputados-para-avanzar-con-medidas-judiciales-contra-espert","status":"publish","type":"post","link":"https:\/\/economiapoliticacba.com\/?p=43470","title":{"rendered":"Un juez federal pide autorizaci\u00f3n a Diputados para avanzar con medidas judiciales contra Espert"},"content":{"rendered":"<p><img src=\"http:\/\/economiapoliticacba.com\/wp-content\/uploads\/2025\/10\/un-juez-federal-pide-autorizacion-a-diputados-para-avanzar-con-medidas-judiciales-contra-espert.jpg\"><\/p>\n<div><img src=\"http:\/\/economiapoliticacba.com\/wp-content\/uploads\/2025\/10\/un-juez-federal-pide-autorizacion-a-diputados-para-avanzar-con-medidas-judiciales-contra-espert.webp\" class=\"ff-og-image-inserted\"><\/div>\n<p>El <strong>juez federal de San Isidro, Lino Mirabelli<\/strong>, elev\u00f3 una solicitud formal a la C\u00e1mara de Diputados, presidida por el legislador Mart\u00edn Menem.<\/p>\n<p>El magistrado busca obtener la autorizaci\u00f3n necesaria para avanzar con medidas judiciales espec\u00edficas, que incluyen el registro y el secuestro de bienes del <strong>diputado nacional Jos\u00e9 Luis Espert<\/strong>.<span>&nbsp;<\/span><span>Este pedido surge en un contexto donde el legislador hab\u00eda solicitado una licencia.<\/span><\/p>\n<h2>Jos\u00e9 Luis Espert: la situaci\u00f3n de los fueros parlamentarios<\/h2>\n<p>Aunque <a href=\"https:\/\/www.iprofesional.com\/politica\/439163-espert-se-pidio-licencia-en-diputados-para-evitar-que-lo-expulsen\" target=\"_blank\" rel=\"noopener noreferrer\">el diputado Jos\u00e9 Luis Espert present\u00f3 su pedido de licencia este mi\u00e9rcoles por la ma\u00f1ana<\/a>, todav\u00eda mantiene sus fueros parlamentarios. Esta condici\u00f3n legal impide que se realicen ciertas acciones judiciales sin el consentimiento previo del cuerpo legislativo al que pertenece.<\/p>\n<p>Por ello, <strong>la resoluci\u00f3n del requerimiento planteado por el juez Lino Mirabelli debe ser analizada<\/strong> y aprobada por el pleno de la C\u00e1mara de Diputados.<\/p>\n<p>En definitiva, la potestad de decidir sobre el futuro de las medidas solicitadas por el juez federal Lino Mirabelli recae exclusivamente en la <strong>C\u00e1mara de Diputados<\/strong>. El proceso requiere la evaluaci\u00f3n y el voto del conjunto de los legisladores, quienes definir\u00e1n si se permite avanzar con el registro y el secuestro de los bienes del diputado Jos\u00e9 Luis Espert, a pesar de su pedido de licencia.<\/p>\n<h2>Jos\u00e9 Luis Espert pidi\u00f3 licencia en Diputados: dudas sobre su sueldo<\/h2>\n<p>Con el pedido de licencia hasta el 8 de diciembre, Espert&nbsp;<strong>dejar\u00e1 vac\u00eda su banca hasta la finalizaci\u00f3n de su mandato<\/strong>, que ser\u00e1 el 10 del mismo mes. Ingres\u00f3 a la C\u00e1mara baja en 2021 y esperaba ser reelecto este a\u00f1o con el apoyo de Milei, que fue expl\u00edcito desde mucho antes de que se acordara el armado de las listas.<\/p>\n<p><a href=\"https:\/\/www.iprofesional.com\/politica\/438918-se-bajo-espert-por-la-argentina-doy-un-paso-al-costado\" target=\"_blank\" rel=\"noopener noreferrer\">El esc\u00e1ndalo lo dej\u00f3 sin esa posibilidad<\/a> y ahora, tambi\u00e9n, lo deja afuera del recinto. El pedido de licencia <span>tendr\u00e1 que ser aprobado por el pleno de la C\u00e1mara de Diputados y se descuenta que as\u00ed ser\u00e1, pero no se prev\u00e9 que lo hagan en la sesi\u00f3n de este mi\u00e9rcoles porque no figura en el temario. Quedar\u00eda para la pr\u00f3xima.<\/span><\/p>\n<p>Ante las consultas de la prensa, el oficialismo no precis\u00f3 si la licencia ser\u00e1 con goce o sin goce de sueldo. La nota que present\u00f3 Espert <strong>no lo aclara y esa omisi\u00f3n deja un resquicio para que siga percibiendo por los pr\u00f3ximos dos meses su dieta <\/strong>como diputado, que hoy ronda los $5.000.000 en bruto.<\/p>\n<p>En el inicio del debate de este mi\u00e9rcoles se escucharon a algunos diputados de la oposici\u00f3n criticar el &#8220;es\u00e1ndalo narco&#8221;, como se refieren a la denuncia contra Espert, y a otros insistir con la idea de excluirlo de la C\u00e1mara. Hay al menos <strong>dos proyectos presentados <\/strong>en ese sentido, uno de <strong>Facundo Manes <\/strong>(Democracia para Siempre) y otro de <strong>Victoria Tolosa Paz <\/strong>(Uni\u00f3n por la Patria).<\/p>\n<p>Ambos proyectos son similares y fueron presentados despu\u00e9s de que el libertario confirmara su renuncia a la candidatura. El de Manes propone <span>&#8220;excluir al diputado nacional Jos\u00e9 Luis Espert del seno de esta Honorable C\u00e1mara por indignidad, de acuerdo con lo dispuesto por el art\u00edculo 66 de la Constituci\u00f3n Nacional&#8221;.<\/span><\/p>\n<h2>\u00bfLa licencia de Espert beneficia al Gobierno o lo complica m\u00e1s?<\/h2>\n<p>Seg\u00fan ese art\u00edculo de la carta magna, cada C\u00e1mara del Congreso &#8220;podr\u00e1 con dos tercios de votos corregir a cualquiera de sus miembros por desorden de conducta en el ejercicio de sus funciones, o <strong>removerlo por inhabilidad f\u00edsica o moral <\/strong>sobreviniente a su incorporaci\u00f3n, y hasta excluirle de su seno&#8221;.<\/p>\n<p><strong>&#8220;Si no puede ser candidato, tampoco puede ser diputado&#8221;,<\/strong> fue la idea que esgrimi\u00f3 Manes y que empezaron a compartir varios legisladores de la oposici\u00f3n en la horas posteriores al anuncio de Espert sobre su decisi\u00f3n de bajarse de la carrera electoral.<\/p>\n<p>El planteo, sin embargo, no era compartido por todo el arco opositor. <strong>La mayor\u00eda de dos tercios que se necesitar\u00eda para expulsarlo de la C\u00e1mara nunca estvo clara<\/strong>. El bloque UCR qe encabeza Rodrigo de Loredo y espacios provinciales como Innovaci\u00f3n Federal se manten\u00edan al margen de la discusi\u00f3n sobre Espert y sin ellos los dos tercios ser\u00edan imposibles.<\/p>\n<p>Tambi\u00e9n hab\u00eda voces dentro de Encuentro Federal e incluso de Democracia para Siempre que desaconsejaban meterse en una discusi\u00f3n compleja sobre la eventual remoci\u00f3n, especialmente ante una denuncia -presentada por el candidato kirchnerista <strong>Juan Grabois<\/strong>&#8211; que no hab\u00eda motivado planteo alguno de la Justicia al Congreso sobre la situaci\u00f3n de Espert.<\/p>\n<p>Pero esto cambi\u00f3 en las \u00faltimas 24 horas, cuando<span> el <a href=\"https:\/\/www.iprofesional.com\/politica\/439077-espert-imputado-por-presunto-lavado-de-dinero-tras-la-denuncia-de-juan-grabois\" target=\"_blank\" rel=\"noopener noreferrer\">fiscal federal de San Isidro, Fernando Dom\u00ednguez, imput\u00f3 formalmente a Espert<\/a> y abri\u00f3 un expediente por presuntas maniobras de lavado de dinero, a partir de la denuncia de Grabois. Esto fue lo que motiv\u00f3 al diputado a pedir licencia, dado que le dar\u00eda mayor sustento a los planteos sobre su expulsi\u00f3n.<\/span><\/p>\n<p>La situaci\u00f3n ya le gener\u00f3 un problema may\u00fasculo a La Libertad Avanza, que perdi\u00f3 a su primer candidato en la provincia de Buenos Aires y para colmo <a href=\"https:\/\/www.iprofesional.com\/politica\/439109-que-hara-mieli-si-justicia-no-acepta-que-diego-santilli-encabece-lista-lla\" target=\"_blank\" rel=\"noopener noreferrer\">no logra que la Justicia acepte que <strong>Diego Santilli<\/strong> ocupe su lugar<\/a> y ordena que salte al primer puesto de la lista<strong> Karen Reichardt<\/strong>, que iba segunda. Tampoco avanza el pedido para reimprimir las boletas.<\/p>\n<p>De esta forma, el gobierno de <strong>Javier Milei <\/strong>se encamina a las elecciones con una boleta que tendr\u00e1 la cara de <strong>Jos\u00e9 Luis Espert<\/strong>. La oposici\u00f3n, claro esta, lo celebra. El cuadro de situaci\u00f3n a partir del esc\u00e1ndalo ya era muy malo para el oficialismo como para sumarle, adem\u00e1s un debate en <strong>Diputados <\/strong>sobre su eventual expulsi\u00f3n. El pedido de licencia es as\u00ed otro intento por dar vuelta la p\u00e1gina en La Libertad Avanza a pesar de que los deje con un voto menos.<\/p>\n","protected":false},"excerpt":{"rendered":"<p>El juez federal de San Isidro, Lino Mirabelli, elev\u00f3 una solicitud formal a la C\u00e1mara de Diputados, presidida por el legislador Mart\u00edn Menem. El magistrado busca obtener la autorizaci\u00f3n necesaria para avanzar con medidas judiciales espec\u00edficas, que incluyen el registro y el secuestro de bienes del diputado nacional Jos\u00e9 Luis Espert.&nbsp;Este pedido surge en un [&hellip;]<\/p>\n","protected":false},"author":1,"featured_media":43471,"comment_status":"closed","ping_status":"closed","sticky":false,"template":"","format":"standard","meta":{"om_disable_all_campaigns":false,"_monsterinsights_skip_tracking":false,"_monsterinsights_sitenote_active":false,"_monsterinsights_sitenote_note":"","_monsterinsights_sitenote_category":0},"categories":[20],"tags":[],"aioseo_notices":[],"_links":{"self":[{"href":"https:\/\/economiapoliticacba.com\/index.php?rest_route=\/wp\/v2\/posts\/43470"}],"collection":[{"href":"https:\/\/economiapoliticacba.com\/index.php?rest_route=\/wp\/v2\/posts"}],"about":[{"href":"https:\/\/economiapoliticacba.com\/index.php?rest_route=\/wp\/v2\/types\/post"}],"author":[{"embeddable":true,"href":"https:\/\/economiapoliticacba.com\/index.php?rest_route=\/wp\/v2\/users\/1"}],"replies":[{"embeddable":true,"href":"https:\/\/economiapoliticacba.com\/index.php?rest_route=%2Fwp%2Fv2%2Fcomments&post=43470"}],"version-history":[{"count":0,"href":"https:\/\/economiapoliticacba.com\/index.php?rest_route=\/wp\/v2\/posts\/43470\/revisions"}],"wp:featuredmedia":[{"embeddable":true,"href":"https:\/\/economiapoliticacba.com\/index.php?rest_route=\/wp\/v2\/media\/43471"}],"wp:attachment":[{"href":"https:\/\/economiapoliticacba.com\/index.php?rest_route=%2Fwp%2Fv2%2Fmedia&parent=43470"}],"wp:term":[{"taxonomy":"category","embeddable":true,"href":"https:\/\/economiapoliticacba.com\/index.php?rest_route=%2Fwp%2Fv2%2Fcategories&post=43470"},{"taxonomy":"post_tag","embeddable":true,"href":"https:\/\/economiapoliticacba.com\/index.php?rest_route=%2Fwp%2Fv2%2Ftags&post=43470"}],"curies":[{"name":"wp","href":"https:\/\/api.w.org\/{rel}","templated":true}]}}