{"id":43442,"date":"2025-10-07T21:59:44","date_gmt":"2025-10-07T21:59:44","guid":{"rendered":"https:\/\/cordoba.gob.ar\/?p=81940"},"modified":"2025-10-07T21:59:44","modified_gmt":"2025-10-07T21:59:44","slug":"miercoles-en-la-feria-del-libro-la-historia-y-literatura-de-los-pueblos-originarios-protagonistas-de-la-jornada","status":"publish","type":"post","link":"https:\/\/economiapoliticacba.com\/?p=43442","title":{"rendered":"Mi\u00e9rcoles en la Feria del Libro: la historia y literatura de los pueblos originarios, protagonistas de la jornada"},"content":{"rendered":"<div><img src=\"http:\/\/economiapoliticacba.com\/wp-content\/uploads\/2025\/10\/miercoles-en-la-feria-del-libro-la-historia-y-literatura-de-los-pueblos-originarios-protagonistas-de-la-jornada.jpg\" class=\"ff-og-image-inserted\"><\/div>\n<ul>\n<li data-prosemirror-content-type=\"node\" data-prosemirror-node-name=\"paragraph\" data-prosemirror-node-block=\"true\"><strong>La poeta mapuche Liliana Ancalao dar\u00e1 una entrevista a las 19:00.<\/strong><\/li>\n<li data-prosemirror-content-type=\"node\" data-prosemirror-node-name=\"paragraph\" data-prosemirror-node-block=\"true\"><strong>Seguidamente, desde las 20:00, el influencer Juancito Piedra brindar\u00e1 un conversatorio.<\/strong><\/li>\n<\/ul>\n<hr>\n<p data-prosemirror-content-type=\"node\" data-prosemirror-node-name=\"paragraph\" data-prosemirror-node-block=\"true\">La jornada del mi\u00e9rcoles 8 de octubre en la Feria del Libro C\u00f3rdoba presenta una cargada y nutrida agenda de actividades, que tendr\u00e1n como epicentro la Supermanzana de la Intendencia.<\/p>\n<p data-prosemirror-content-type=\"node\" data-prosemirror-node-name=\"paragraph\" data-prosemirror-node-block=\"true\">A partir de las 17:00, un grupo de historiadores de la UNC conversar\u00e1n con autoridades del Museo de la Ciudad en el Cabildo de C\u00f3rdoba, en el marco del \u201cConversatorio Bischoff\u201d, que repasar\u00e1 la historia de la Primera Imprenta de C\u00f3rdoba, que data del a\u00f1o 1765. Cargada de historia jesuita, esta propuesta ser\u00e1 un imperdible del mi\u00e9rcoles.<\/p>\n<p data-prosemirror-content-type=\"node\" data-prosemirror-node-name=\"paragraph\" data-prosemirror-node-block=\"true\">A las 19:00, en la Carpa Leonor Allende, de la Supermanzana de la Intendencia, la poeta mapuche Liliana Ancalao reflexionar\u00e1 sobre los sentidos de su escritura en el mapa de la literatura argentina, en un di\u00e1logo con Fernanda Libro que abordar\u00e1 la cuesti\u00f3n de los pueblos nativos y su v\u00ednculo con la literatura como parte de la identidad de nuestro pa\u00eds.<\/p>\n<p data-prosemirror-content-type=\"node\" data-prosemirror-node-name=\"paragraph\" data-prosemirror-node-block=\"true\">En el mismo espacio, pero desde las 20:00, el cierre de la jornada estar\u00e1 a cargo de Juancito Piedra, un influencer que busca crear conciencia sobre la relevancia hist\u00f3rica, cultural y actual de los pueblos nativos en Argentina. \u201cDe las redes a la Feria\u201d ser\u00e1 el nombre de la charla en la que el divulgador cordob\u00e9s profundizar\u00e1 sobre la C\u00f3rdoba previa a la llegada de los espa\u00f1oles.<\/p>\n<p data-prosemirror-content-type=\"node\" data-prosemirror-node-name=\"paragraph\" data-prosemirror-node-block=\"true\">Las propuestas tambi\u00e9n incluyen presentaciones de libros y perform\u00e1ticas, charlas, conversatorios, lecturas de textos, entrevistas, una clase magistral y actividades para las infancias. Adem\u00e1s, la Feria estar\u00e1 abierta al p\u00fablico de 11:00 a 21:00.<\/p>\n<p data-prosemirror-content-type=\"node\" data-prosemirror-node-name=\"paragraph\" data-prosemirror-node-block=\"true\">Todas las actividades son de participaci\u00f3n gratuita. La programaci\u00f3n completa se puede consultar en la <a href=\"https:\/\/feriadellibro.cordoba.gob.ar\/programacion\/\">web<\/a>.<\/p>\n","protected":false},"excerpt":{"rendered":"<p>La poeta mapuche Liliana Ancalao dar\u00e1 una entrevista a las 19:00. Seguidamente, desde las 20:00, el influencer Juancito Piedra brindar\u00e1 un conversatorio. La jornada del mi\u00e9rcoles 8 de octubre en la Feria del Libro C\u00f3rdoba presenta una cargada y nutrida agenda de actividades, que tendr\u00e1n como epicentro la Supermanzana de la Intendencia. A partir de [&hellip;]<\/p>\n","protected":false},"author":1,"featured_media":43443,"comment_status":"closed","ping_status":"closed","sticky":false,"template":"","format":"standard","meta":{"om_disable_all_campaigns":false,"_monsterinsights_skip_tracking":false,"_monsterinsights_sitenote_active":false,"_monsterinsights_sitenote_note":"","_monsterinsights_sitenote_category":0},"categories":[15],"tags":[],"aioseo_notices":[],"_links":{"self":[{"href":"https:\/\/economiapoliticacba.com\/index.php?rest_route=\/wp\/v2\/posts\/43442"}],"collection":[{"href":"https:\/\/economiapoliticacba.com\/index.php?rest_route=\/wp\/v2\/posts"}],"about":[{"href":"https:\/\/economiapoliticacba.com\/index.php?rest_route=\/wp\/v2\/types\/post"}],"author":[{"embeddable":true,"href":"https:\/\/economiapoliticacba.com\/index.php?rest_route=\/wp\/v2\/users\/1"}],"replies":[{"embeddable":true,"href":"https:\/\/economiapoliticacba.com\/index.php?rest_route=%2Fwp%2Fv2%2Fcomments&post=43442"}],"version-history":[{"count":0,"href":"https:\/\/economiapoliticacba.com\/index.php?rest_route=\/wp\/v2\/posts\/43442\/revisions"}],"wp:featuredmedia":[{"embeddable":true,"href":"https:\/\/economiapoliticacba.com\/index.php?rest_route=\/wp\/v2\/media\/43443"}],"wp:attachment":[{"href":"https:\/\/economiapoliticacba.com\/index.php?rest_route=%2Fwp%2Fv2%2Fmedia&parent=43442"}],"wp:term":[{"taxonomy":"category","embeddable":true,"href":"https:\/\/economiapoliticacba.com\/index.php?rest_route=%2Fwp%2Fv2%2Fcategories&post=43442"},{"taxonomy":"post_tag","embeddable":true,"href":"https:\/\/economiapoliticacba.com\/index.php?rest_route=%2Fwp%2Fv2%2Ftags&post=43442"}],"curies":[{"name":"wp","href":"https:\/\/api.w.org\/{rel}","templated":true}]}}