{"id":43408,"date":"2025-10-07T13:05:49","date_gmt":"2025-10-07T13:05:49","guid":{"rendered":"https:\/\/cordoba.gob.ar\/?p=81886"},"modified":"2025-10-07T13:05:49","modified_gmt":"2025-10-07T13:05:49","slug":"la-municipalidad-de-cordoba-y-el-colegio-de-abogados-colaboraran-en-la-fiscalizacion-proyectos-y-concientizacion-sobre-el-cuidado-ambiental","status":"publish","type":"post","link":"https:\/\/economiapoliticacba.com\/?p=43408","title":{"rendered":"La Municipalidad de C\u00f3rdoba y el Colegio de Abogados colaborar\u00e1n en la fiscalizaci\u00f3n, proyectos y concientizaci\u00f3n sobre el cuidado ambiental"},"content":{"rendered":"<div><img src=\"http:\/\/economiapoliticacba.com\/wp-content\/uploads\/2025\/10\/la-municipalidad-de-cordoba-y-el-colegio-de-abogados-colaboraran-en-la-fiscalizacion-proyectos-y-concientizacion-sobre-el-cuidado-ambiental.jpg\" class=\"ff-og-image-inserted\"><\/div>\n<ul>\n<li><strong>El intendente Daniel Passerini y el presidente de ese organismo profesional, Eduardo Bittar, firmaron este lunes un convenio marco de cooperaci\u00f3n institucional.<\/strong><\/li>\n<\/ul>\n<hr>\n<p>Para reforzar y ampliar las pol\u00edticas p\u00fablicas ambientales, la Municipalidad de C\u00f3rdoba y el Colegio de Abogados sellaron este lunes un convenio marco de cooperaci\u00f3n institucional. La firma se realiz\u00f3 en el Palacio 6 de Julio y estuvo a cargo del intendente Daniel Passerini y el presidente de ese organismo profesional, Eduardo Bittar.<\/p>\n<p>\u201cEl Colegio de Abogados lleva 100 a\u00f1os acompa\u00f1ando el crecimiento y la historia de nuestra ciudad. En este momento, hay discusiones que se est\u00e1n desarrollando en C\u00f3rdoba que, sin el inestimable apoyo y acompa\u00f1amiento de los colegios profesionales, nosotros no podr\u00edamos llevarlas adelante\u201d, fueron las primeras palabras del intendente Passerini previo a la firma del convenio.<\/p>\n<p>\u201cHoy estamos en un momento muy complicado de la Argentina, donde lamentablemente la pol\u00edtica p\u00fablica no debe verse manchada por las malas conductas de quienes dicen venir a limpiar la pol\u00edtica. Nada se limpia con m\u00e1s contaminaci\u00f3n\u201d, cuestion\u00f3 Passerini y defini\u00f3: \u201cNosotros creemos en la fuerza de las personas; creemos en la fuerza de la historia, pero fundamentalmente creemos en la \u00e9tica de los cordobeses y las cordobesas. Eso venimos a cuidar\u00bb.<\/p>\n<p>El acuerdo busca enfrentar la cuesti\u00f3n ambiental desde una gesti\u00f3n asociada entre el sector p\u00fablico y los privados, que luego puedan instrumentarse en proyectos espec\u00edficos. En este caso, se trabajar\u00e1 en colaboraci\u00f3n directa con el Instituto de Protecci\u00f3n Animal y Ambiental, perteneciente a la Secretar\u00eda de Ambiente y Econom\u00eda Circular, aunque a futuro podr\u00e1 ampliarse a \u00e1reas del municipio.<\/p>\n<p>\u201cQue nuestras instituciones puedan firmar un convenio como este, representa que la pol\u00edtica y la justicia social siempre est\u00e1n presentes. Es un honor sentir que nuestros colegas, con toda su fuerza, cabeza y esp\u00edritu, pueden hacer este aporte\u201d, resalt\u00f3 por su parte Eduardo Bittar, presidente del Colegio de Abogados de C\u00f3rdoba.<\/p>\n<p>Esta cooperaci\u00f3n permitir\u00e1 escalar en el cuidado y la fiscalizaci\u00f3n ambiental, la mejora de los marcos normativos, as\u00ed como tambi\u00e9n la posibilidad de dise\u00f1ar instancias de formaci\u00f3n para equipos t\u00e9cnicos y jur\u00eddicos. Tambi\u00e9n se podr\u00e1n impulsar campa\u00f1as conjuntas de concientizaci\u00f3n, generar espacios de participaci\u00f3n ciudadana y acciones de promoci\u00f3n del acceso a la justicia, entre muchas otras iniciativas.<\/p>\n","protected":false},"excerpt":{"rendered":"<p>El intendente Daniel Passerini y el presidente de ese organismo profesional, Eduardo Bittar, firmaron este lunes un convenio marco de cooperaci\u00f3n institucional. Para reforzar y ampliar las pol\u00edticas p\u00fablicas ambientales, la Municipalidad de C\u00f3rdoba y el Colegio de Abogados sellaron este lunes un convenio marco de cooperaci\u00f3n institucional. La firma se realiz\u00f3 en el Palacio [&hellip;]<\/p>\n","protected":false},"author":1,"featured_media":43409,"comment_status":"closed","ping_status":"closed","sticky":false,"template":"","format":"standard","meta":{"om_disable_all_campaigns":false,"_monsterinsights_skip_tracking":false,"_monsterinsights_sitenote_active":false,"_monsterinsights_sitenote_note":"","_monsterinsights_sitenote_category":0},"categories":[15],"tags":[],"aioseo_notices":[],"_links":{"self":[{"href":"https:\/\/economiapoliticacba.com\/index.php?rest_route=\/wp\/v2\/posts\/43408"}],"collection":[{"href":"https:\/\/economiapoliticacba.com\/index.php?rest_route=\/wp\/v2\/posts"}],"about":[{"href":"https:\/\/economiapoliticacba.com\/index.php?rest_route=\/wp\/v2\/types\/post"}],"author":[{"embeddable":true,"href":"https:\/\/economiapoliticacba.com\/index.php?rest_route=\/wp\/v2\/users\/1"}],"replies":[{"embeddable":true,"href":"https:\/\/economiapoliticacba.com\/index.php?rest_route=%2Fwp%2Fv2%2Fcomments&post=43408"}],"version-history":[{"count":0,"href":"https:\/\/economiapoliticacba.com\/index.php?rest_route=\/wp\/v2\/posts\/43408\/revisions"}],"wp:featuredmedia":[{"embeddable":true,"href":"https:\/\/economiapoliticacba.com\/index.php?rest_route=\/wp\/v2\/media\/43409"}],"wp:attachment":[{"href":"https:\/\/economiapoliticacba.com\/index.php?rest_route=%2Fwp%2Fv2%2Fmedia&parent=43408"}],"wp:term":[{"taxonomy":"category","embeddable":true,"href":"https:\/\/economiapoliticacba.com\/index.php?rest_route=%2Fwp%2Fv2%2Fcategories&post=43408"},{"taxonomy":"post_tag","embeddable":true,"href":"https:\/\/economiapoliticacba.com\/index.php?rest_route=%2Fwp%2Fv2%2Ftags&post=43408"}],"curies":[{"name":"wp","href":"https:\/\/api.w.org\/{rel}","templated":true}]}}