{"id":43293,"date":"2025-10-03T21:29:34","date_gmt":"2025-10-03T21:29:34","guid":{"rendered":"https:\/\/cordoba.gob.ar\/?p=81814"},"modified":"2025-10-03T21:29:34","modified_gmt":"2025-10-03T21:29:34","slug":"este-fin-de-semana-retira-tu-sube-en-la-feria-del-libro","status":"publish","type":"post","link":"https:\/\/economiapoliticacba.com\/?p=43293","title":{"rendered":"Este fin de semana retir\u00e1 tu SUBE en la Feria del Libro"},"content":{"rendered":"<div><img src=\"http:\/\/economiapoliticacba.com\/wp-content\/uploads\/2025\/10\/este-fin-de-semana-retira-tu-sube-en-la-feria-del-libro.jpg\" class=\"ff-og-image-inserted\"><\/div>\n<p><span>En el marco de la 39\u00b0 Edici\u00f3n de la Feria del Libro C\u00f3rdoba, las y los vecinos podr\u00e1n gestionar su SUBE en el Palacio 6 de Julio este fin de semana.<\/span><\/p>\n<p><span>Los puntos de gesti\u00f3n, ubicados en la planta baja de la Municipalidad, atender\u00e1n al p\u00fablico el d\u00eda s\u00e1bado 4, de manera habitual de 08:00 a 16:00 horas, e incorporar\u00e1n el d\u00eda domingo 5, de 11:00 a 18:00 horas.<\/span><\/p>\n<p><span>Con DNI, los interesados podr\u00e1n retirar de manera gratuita la nueva tarjeta, la cual se&nbsp; entrega con un saldo negativo de $1.500, que se descuenta en la primera recarga. Tambi\u00e9n se pueden realizar consultas o tr\u00e1mites referidos a la Tarifa Social para Personas Mayores de 70 a\u00f1os y a la Tarifa Social Federal.<\/span><\/p>\n<p><span>Del 4 al 19 de octubre, la Feria del Libro C\u00f3rdoba se llevar\u00e1 adelante en la Supermanzana de la Intendencia y en centros culturales con una propuesta de m\u00e1s de 300 actividades pensadas para toda la familia.<\/span><\/p>\n","protected":false},"excerpt":{"rendered":"<p>En el marco de la 39\u00b0 Edici\u00f3n de la Feria del Libro C\u00f3rdoba, las y los vecinos podr\u00e1n gestionar su SUBE en el Palacio 6 de Julio este fin de semana. Los puntos de gesti\u00f3n, ubicados en la planta baja de la Municipalidad, atender\u00e1n al p\u00fablico el d\u00eda s\u00e1bado 4, de manera habitual de 08:00 [&hellip;]<\/p>\n","protected":false},"author":1,"featured_media":43294,"comment_status":"closed","ping_status":"closed","sticky":false,"template":"","format":"standard","meta":{"om_disable_all_campaigns":false,"_monsterinsights_skip_tracking":false,"_monsterinsights_sitenote_active":false,"_monsterinsights_sitenote_note":"","_monsterinsights_sitenote_category":0},"categories":[15],"tags":[],"aioseo_notices":[],"_links":{"self":[{"href":"https:\/\/economiapoliticacba.com\/index.php?rest_route=\/wp\/v2\/posts\/43293"}],"collection":[{"href":"https:\/\/economiapoliticacba.com\/index.php?rest_route=\/wp\/v2\/posts"}],"about":[{"href":"https:\/\/economiapoliticacba.com\/index.php?rest_route=\/wp\/v2\/types\/post"}],"author":[{"embeddable":true,"href":"https:\/\/economiapoliticacba.com\/index.php?rest_route=\/wp\/v2\/users\/1"}],"replies":[{"embeddable":true,"href":"https:\/\/economiapoliticacba.com\/index.php?rest_route=%2Fwp%2Fv2%2Fcomments&post=43293"}],"version-history":[{"count":0,"href":"https:\/\/economiapoliticacba.com\/index.php?rest_route=\/wp\/v2\/posts\/43293\/revisions"}],"wp:featuredmedia":[{"embeddable":true,"href":"https:\/\/economiapoliticacba.com\/index.php?rest_route=\/wp\/v2\/media\/43294"}],"wp:attachment":[{"href":"https:\/\/economiapoliticacba.com\/index.php?rest_route=%2Fwp%2Fv2%2Fmedia&parent=43293"}],"wp:term":[{"taxonomy":"category","embeddable":true,"href":"https:\/\/economiapoliticacba.com\/index.php?rest_route=%2Fwp%2Fv2%2Fcategories&post=43293"},{"taxonomy":"post_tag","embeddable":true,"href":"https:\/\/economiapoliticacba.com\/index.php?rest_route=%2Fwp%2Fv2%2Ftags&post=43293"}],"curies":[{"name":"wp","href":"https:\/\/api.w.org\/{rel}","templated":true}]}}