{"id":43287,"date":"2025-10-03T19:57:00","date_gmt":"2025-10-03T19:57:00","guid":{"rendered":"https:\/\/www.iprofesional.com\/legales\/438870-triple-crimen-narco-justicia-peru-dicto-prision-preventiva-para-pequeno-j"},"modified":"2025-10-03T19:57:00","modified_gmt":"2025-10-03T19:57:00","slug":"triple-crimen-narco-la-justicia-de-peru-dicto-la-prision-preventiva-a-pequeno-j","status":"publish","type":"post","link":"https:\/\/economiapoliticacba.com\/?p=43287","title":{"rendered":"Triple crimen narco: la justicia de Per\u00fa dict\u00f3 la prisi\u00f3n preventiva a Peque\u00f1o J"},"content":{"rendered":"<p><img src=\"http:\/\/economiapoliticacba.com\/wp-content\/uploads\/2025\/10\/triple-crimen-narco-la-justicia-de-peru-dicto-la-prision-preventiva-a-pequeno-j.jpg\"><\/p>\n<div><img src=\"http:\/\/economiapoliticacba.com\/wp-content\/uploads\/2025\/10\/triple-crimen-narco-la-justicia-de-peru-dicto-la-prision-preventiva-a-pequeno-j.webp\" class=\"ff-og-image-inserted\"><\/div>\n<p><strong>Peque\u00f1o J<\/strong>, el principal acusado del <strong>crimen de Lara, Morena y Brenda en Florencio Varela<\/strong>, acaba de presentarse a una audiencia ante la <strong>Justicia de Per\u00fa <\/strong>donde fue notificado de su imputaci\u00f3n, le leyeron sus <strong>derechos<\/strong> y le dieron la posibilidad de elegir si desea una &#8220;<strong>extradici\u00f3n simplificada<\/strong>&#8221; a Argentina que demorar\u00eda menos de lo previsto. No obstante, Tony Janzen Valverde Victoriano no acept\u00f3.<\/p>\n<p>La decisi\u00f3n la tom\u00f3 luego de solicitar unos minutos para consultar con su <strong>abogado<\/strong> personal, quien lo acompa\u00f1\u00f3 en la jornada que estuvo a cargo del juez Cristhian Rafael Chumpitaz Pariona. Luego de un corto cuarto intermedio, el acusado manifest\u00f3 no aceptar la opci\u00f3n.<\/p>\n<h2>Peque\u00f1o J, principal acusado del triple crimen, argument\u00f3 su negativa a la extradici\u00f3n<\/h2>\n<p>Su defensor dio detalles sobre esta decisi\u00f3n. A su turno, resalt\u00f3 que Peque\u00f1o J es inocente y que volvi\u00f3 a Per\u00fa porque <strong>vio las noticias argentinas y se sinti\u00f3 indefenso<\/strong>. &#8220;Vio que su nombre y apellido sal\u00eda en la televisi\u00f3n y \u00e9l es solo un joven de veinte a\u00f1os. Dijo \u2018en Argentina no tengo ninguna familia, si me detienen, \u00bfqui\u00e9n me va a ver en la c\u00e1rcel? \u00bfqui\u00e9n me va a poner un abogado? Por eso fue la idea de que se venga al <strong>Per\u00fa<\/strong>&#8220;.<\/p>\n<p>En este sentido, el letrado insisti\u00f3 en que le otorguen a <strong>Peque\u00f1o J<\/strong> la <strong>libertad con restricciones<\/strong>, a diferencia de la Fiscal\u00eda que solicit\u00f3 que Janzen Valverde Victoriano quede en prisi\u00f3n preventiva, a diferencia de los 9 meses que solicitaba la Fiscal\u00eda. Luego de escuchar a todas las partes, <strong>los jueces deliberaron y decidieron<\/strong>: &#8220;Se cumple con los presupuestos procesales para la detenci\u00f3n preventiva, con fines de extradici\u00f3n del reclamado Tony Janzen Valverde Victoriano&#8221;, resalt\u00f3 el juez, alegando que Peque\u00f1o J &#8220;podr\u00eda incluso abandonar el Per\u00fa en cualquier momento o evadir o someterse a este proceso judicial de extradici\u00f3n pasiva que se tiene instaurando y que le sigue la Rep\u00fablica de Argentina&#8221;.<\/p>\n<p><span>&#8220;Se ordena el internamiento en el <strong>Establecimiento Penitenciario Nueva Frontera Imperial Ca\u00f1ete<\/strong> por el plazo de los 9 meses descrito ya con el cargo del Instituto Nacional Penitenciario, tiempo en el cual el Estado o el pa\u00eds requiriente, en este caso la Rep\u00fablica de Argentina, deber\u00e1 alcanzar por la v\u00eda diplom\u00e1tica todos los recaudos en copia debidamente autentificada relacionada con el presente proceso de extradici\u00f3n pasiva&#8221;,<\/span> dijo el juez en su resoluci\u00f3n.<\/p>\n<p>Su <strong>abogado<\/strong> luego resalt\u00f3: &#8220;Buscan llevarlo preso sin una investigaci\u00f3n clara de lo sucedido. Por eso, el planteamiento de esta defensa, estrat\u00e9gicamente o t\u00e1cticamente, es que se demore. Que siga su curso normal (la extradici\u00f3n) cosa que enfr\u00ede las cosas y se pueda llevar adelante all\u00e1 los <strong>planteamientos claros de c\u00f3mo han sucedido los hechos<\/strong>&#8220;.<\/p>\n<p>Y a\u00f1adi\u00f3: &#8220;En virtud de ello, se\u00f1or magistrado, quien habla, se ha presentado los tres arraigos de ley: <strong>arraigo laboral, arraigo domiciliario y arraigo familiar<\/strong>. La casa donde vive es una casa conocida de sus se\u00f1ores padres. Por tanto, esta <strong>defensa solicita al se\u00f1or magistrado que en vuestra jurisdicci\u00f3n se le d\u00e9 la libertad con comparecencia<\/strong> para que mi patrocinado pueda trabajar tambi\u00e9n y aportar por la familia. Esta defensa le solicita su comprensi\u00f3n. Es un joven que tiene 20 a\u00f1os, tiene mucho por dar, como dice, a la sociedad peruana y al Estado peruano. En consecuencia, pido que se aplique el principio de humanidad para mi patrocinado&#8221;.<\/p>\n<p>Por parte de la Justicia, especific\u00f3 que esta <strong>detenci\u00f3n preventiva empezar\u00e1 a computarse a partir de la aprehensi\u00f3n de Peque\u00f1o J<\/strong>, el 30 de septiembre del a\u00f1o 2025.&nbsp;El abogado de <strong>Janzen Valverde Victoriano<\/strong>, sin embargo, adelant\u00f3 que apelar\u00e1 la resoluci\u00f3n.<\/p>\n<p>La audiencia empez\u00f3 con el juez ley\u00e9ndole a Peque\u00f1o J sus cargos: &#8220;Se le adjudica el haber participado en la comisi\u00f3n de los <strong>hechos perpetrados en el d\u00eda 9 y 23 de septiembre de 2025 <\/strong>en el interior del domicilio ubicado en la calle Cha\u00f1ar, n\u00famero 702 partido de Florencia, Varela, Argentina, Buenos Aires&#8221;, afirm\u00f3 el juez al comienzo de la audiencia.<\/p>\n<p>En este contexto, detall\u00f3: &#8220;Se entiende que <strong>Valverde Victoriano<\/strong> junto con un n\u00famero indeterminado de sujetos, actuando de com\u00fan acuerdo con divisi\u00f3n de roles y con claras intenciones de causarle la <strong>muerte<\/strong>, aplicaron m\u00faltiples golpes de pu\u00f1os, patadas y diversos cortes utilizando armas blancas sobre la superficie corporal de la humanidad de Morena Verdi, Brenda Loreley del Castillo y Lara Morena Guti\u00e9rrez, ocasion\u00e1ndole lesiones de tal magnitud que habr\u00edan provocado su desespero&#8221;.<\/p>\n","protected":false},"excerpt":{"rendered":"<p>Peque\u00f1o J, el principal acusado del crimen de Lara, Morena y Brenda en Florencio Varela, acaba de presentarse a una audiencia ante la Justicia de Per\u00fa donde fue notificado de su imputaci\u00f3n, le leyeron sus derechos y le dieron la posibilidad de elegir si desea una &#8220;extradici\u00f3n simplificada&#8221; a Argentina que demorar\u00eda menos de lo [&hellip;]<\/p>\n","protected":false},"author":1,"featured_media":43288,"comment_status":"closed","ping_status":"closed","sticky":false,"template":"","format":"standard","meta":{"om_disable_all_campaigns":false,"_monsterinsights_skip_tracking":false,"_monsterinsights_sitenote_active":false,"_monsterinsights_sitenote_note":"","_monsterinsights_sitenote_category":0},"categories":[20],"tags":[],"aioseo_notices":[],"_links":{"self":[{"href":"https:\/\/economiapoliticacba.com\/index.php?rest_route=\/wp\/v2\/posts\/43287"}],"collection":[{"href":"https:\/\/economiapoliticacba.com\/index.php?rest_route=\/wp\/v2\/posts"}],"about":[{"href":"https:\/\/economiapoliticacba.com\/index.php?rest_route=\/wp\/v2\/types\/post"}],"author":[{"embeddable":true,"href":"https:\/\/economiapoliticacba.com\/index.php?rest_route=\/wp\/v2\/users\/1"}],"replies":[{"embeddable":true,"href":"https:\/\/economiapoliticacba.com\/index.php?rest_route=%2Fwp%2Fv2%2Fcomments&post=43287"}],"version-history":[{"count":0,"href":"https:\/\/economiapoliticacba.com\/index.php?rest_route=\/wp\/v2\/posts\/43287\/revisions"}],"wp:featuredmedia":[{"embeddable":true,"href":"https:\/\/economiapoliticacba.com\/index.php?rest_route=\/wp\/v2\/media\/43288"}],"wp:attachment":[{"href":"https:\/\/economiapoliticacba.com\/index.php?rest_route=%2Fwp%2Fv2%2Fmedia&parent=43287"}],"wp:term":[{"taxonomy":"category","embeddable":true,"href":"https:\/\/economiapoliticacba.com\/index.php?rest_route=%2Fwp%2Fv2%2Fcategories&post=43287"},{"taxonomy":"post_tag","embeddable":true,"href":"https:\/\/economiapoliticacba.com\/index.php?rest_route=%2Fwp%2Fv2%2Ftags&post=43287"}],"curies":[{"name":"wp","href":"https:\/\/api.w.org\/{rel}","templated":true}]}}