{"id":43251,"date":"2025-10-02T22:19:00","date_gmt":"2025-10-02T22:19:00","guid":{"rendered":"https:\/\/www.iprofesional.com\/legales\/438789-por-que-ya-no-se-escucharan-mensajes-acelerados-final-publicidad"},"modified":"2025-10-02T22:19:00","modified_gmt":"2025-10-02T22:19:00","slug":"ya-no-se-escucharan-mensajes-acelerados-al-final-de-una-publicidad","status":"publish","type":"post","link":"https:\/\/economiapoliticacba.com\/?p=43251","title":{"rendered":"Ya no se escuchar\u00e1n mensajes acelerados al final de una publicidad"},"content":{"rendered":"<p><img src=\"http:\/\/economiapoliticacba.com\/wp-content\/uploads\/2025\/10\/ya-no-se-escucharan-mensajes-acelerados-al-final-de-una-publicidad.jpg\"><\/p>\n<div><img src=\"http:\/\/economiapoliticacba.com\/wp-content\/uploads\/2025\/10\/ya-no-se-escucharan-mensajes-acelerados-al-final-de-una-publicidad.webp\" class=\"ff-og-image-inserted\"><\/div>\n<p>El <a href=\"https:\/\/www.iprofesional.com\/politica\/438485-la-encuesta-mas-importante-para-milei-la-confianza-en-el-gobierno-cae\" target=\"_blank\" title=\"Cae la confianza en el Gobierno, la encuesta m\u00e1s importante para Milei\" rel=\"noopener noreferrer\"><strong>Gobierno<\/strong><\/a> busca finalizar con la <strong>obligaci\u00f3n<\/strong> de los anunciantes en <strong>medios audiovisuales<\/strong> de incluir todas las <strong>disposiciones legales<\/strong> que abarcan a un <strong>determinado producto, campa\u00f1a o promoci\u00f3n<\/strong>. De esa forma, ya <strong>no se escuchar\u00e1n en la publicidad los mensajes acelerados<\/strong>, evitando consumir una gran cantidad segundos, que explican los detalles regulatorios de lo publicitado, los cuales por lo general son imposibles de entender.<\/p>\n<p>Dicho formato ser\u00e1 reemplazado por una <strong>remisi\u00f3n a una p\u00e1gina web en la que constar\u00e1n todos los detalles<\/strong>. La medida la anticip\u00f3 el <strong>subsecretario de Defensa del Consumidor y Lealtad Comercial<\/strong>, <strong>Fernando Blanco Mui\u00f1o<\/strong>, en el contexto del relanzamiento de la <strong>C\u00e1mara de Medios de Pago<\/strong> llevado a cabo ayer.<\/p>\n<h2>Los cambios en las publicidades<\/h2>\n<p>&#8220;Vamos a sacar una norma en estos d\u00edas, complementaria de la <strong>resoluci\u00f3n 12\/2024<\/strong> respecto de publicidad, para terminar con \u2018los legales\u2019, esos mensajes inmensos que no lee nadie, que en la radio no escucha nadie y que no tiene ning\u00fan sentido&#8221;, explic\u00f3.<\/p>\n<p>El funcionario anticip\u00f3 que una <strong>nueva norma unificar\u00e1 todo ese contenido en una leyenda m\u00e1s corta<\/strong>, del estilo &#8220;para m\u00e1s informaci\u00f3n consultar en&#8230;&#8221; y la menci\u00f3n a una p\u00e1gina web. <span>&#8220;Esa frase va a tener la misma velocidad que la locuci\u00f3n del aviso principal, o sea, terminamos con esto de la <strong>velocidad que no le sirve a nadie<\/strong>, ni entiende nadie&#8221;<\/span>, agreg\u00f3.<\/p>\n<p><strong>Blanco Mui\u00f1o <\/strong>agreg\u00f3 que la disposici\u00f3n incorporar\u00e1 adem\u00e1s una serie de <strong>alertas vinculadas a la publicidad del juego online<\/strong>. &#8220;Vamos a incluir la obligatoriedad de que el warning, \u2018jugar compulsivamente, afecta a la salud\u2019, ocupe el 10% del aviso. Ahora es exactamente la mitad&#8221;.<\/p>\n<p>En paralelo, explic\u00f3 el <strong>trabajo conjunto con las empresas de medios de pago en temas como la apertura del sistema <a href=\"https:\/\/www.iprofesional.com\/actualidad\/436073-viajar-gratis-con-tarjeta-sube-el-beneficio-es-solo-en-buenos-aires-o-en-todo-el-pais\" target=\"_blank\" title=\"Viajar gratis con tarjeta SUBE\" rel=\"noopener noreferrer\">SUBE<\/a> <\/strong>en el <a href=\"https:\/\/www.iprofesional.com\/economia\/438634-aumentan-tarifas-de-colectivos-subte-y-peajes-en-caba-y-conurbano-desde-octubre-2025\" target=\"_blank\" title=\"Aumentan las tarifas del transporte p\u00fablico\" rel=\"noopener noreferrer\"><strong>transporte p\u00fablico<\/strong><\/a>, las propinas electr\u00f3nicas o la obligatoriedad de que un vendedor o un mozo se lleve la tarjeta del cliente, entre otros avances.<\/p>\n<p>&#8220;Con el <strong>monopolio de la SUBE<\/strong>, el usuario ten\u00eda que hacer fila para recargarla y los p\u00edcaros de siempre le cobraban, cosa que estaba expresamente vedada. Las c<strong>omisiones de Naci\u00f3n Servicios por gestionar la tarjeta SUBE<\/strong> eran de las m\u00e1s altas del mundo&#8221;, dijo.<\/p>\n<p>&#8220;En estos temas, la Argentina ven\u00eda con una agenda sepia, amarillenta, del pasado. Por eso, desde que asumimos nos reunimos con la <strong>C\u00e1mara de Medios de Pago<\/strong> con una visi\u00f3n de futuro y de presente. Antes, por ejemplo, un turista ten\u00eda que cambiar plata para poder dejar una propina&#8221;, agreg\u00f3 Blanco Mui\u00f1o.<\/p>\n<h2>Los medios de pagos digitales consolidan su transformaci\u00f3n<\/h2>\n<p>La transformaci\u00f3n de los <strong>medios de pago digitales en Argentina<\/strong> se consolida como un <strong>proceso din\u00e1mico y estrat\u00e9gico<\/strong>, impulsado por la colaboraci\u00f3n entre el sector privado y organismos p\u00fablicos.&nbsp;En esta l\u00ednea, la <strong>C\u00e1mara de Medios de Pago<\/strong> celebr\u00f3 su relanzamiento bajo el lema &#8220;Nuevo rumbo, liderando la transformaci\u00f3n de los medios de pago&#8221;, presentando una <strong>renovada identidad institucional<\/strong> y una agenda que busca posicionar a la entidad como referente del <strong>ecosistema de pagos tanto a nivel nacional como regional<\/strong>.<\/p>\n<p>La apertura estuvo a cargo de <strong>Gustavo Salerno<\/strong>, presidente de la entidad, quien resalt\u00f3 la <strong>misi\u00f3n de la instituci\u00f3n<\/strong>: &#8220;Promover la evoluci\u00f3n de los medios de pago digitales, facilitando el desarrollo de la econom\u00eda. Trabajamos en pos de fortalecer la competitividad, la innovaci\u00f3n y la inclusi\u00f3n financiera&#8221;.<\/p>\n<p>&#8220;Somos un <strong>punto de encuentro entre empresas, reguladores, organismos p\u00fablicos<\/strong>, c\u00e1maras afines y medios, para seguir construyendo juntos un ecosistema \u00e1gil, transparente y seguro&#8221;, a\u00f1adi\u00f3 Salerno.&nbsp;La jornada incluy\u00f3 dos di\u00e1logos conducidos por la nueva directora ejecutiva de la C\u00e1mara, <strong>Luciana Rios Benso<\/strong>, quien convers\u00f3 con <strong>Pedro Inchauspe<\/strong>, <strong>director del <a href=\"https:\/\/www.iprofesional.com\/legales\/435748-banco-central-deudores-como-consultar-tu-situacion-crediticia-online-paso-a-paso\" target=\"_blank\" title=\"C\u00f3mo consultar la situaci\u00f3n crediticia en el Banco Central de la Rep\u00fablica Argentina\" rel=\"noopener noreferrer\">Banco Central de la Rep\u00fablica Argentina<\/a><\/strong>, y con Blanco Mui\u00f1o.<\/p>\n<p>Rios Benso enfatiz\u00f3 en que &#8220;la <strong>innovaci\u00f3n y la experiencia del usuario son los grandes motores de la transformaci\u00f3n<\/strong>. La confianza y la seguridad en cada operaci\u00f3n se convierten en diferenciales clave para responder a las expectativas de los consumidores y anticiparse a sus nuevas demandas&#8221;.<\/p>\n<p>El programa del evento abarc\u00f3 <strong>debates y exposiciones sobre los principales desaf\u00edos y tendencias del sector<\/strong>. En el di\u00e1logo &#8220;Pagos en movimiento: la agenda de las marcas l\u00edderes&#8221;, participaron Gustavo Salerno (Cabal), Manuel Cascante (American Express), Gabriela Renaudo (Visa), Fernando Gonz\u00e1lez (Mastercard) y Pablo Caputto (NaranjaX).<\/p>\n<p>La agenda tambi\u00e9n incluy\u00f3 una <strong>disertaci\u00f3n<\/strong> sobre &#8220;<strong>El mapa de la ciberseguridad en Am\u00e9rica Latina y Argentina<\/strong>&#8221; a cargo de <strong>Walter Rissi<\/strong>, socio responsable de Consulting en KPMG Argentina. Adem\u00e1s, el panel &#8220;<strong>Interoperabilidad y crecimiento: desaf\u00edos de la nueva adquirencia<\/strong>&#8221; reuni\u00f3 a Juan de la Torre (Fiserv), Emiliano Porciani (Payway Argentina), Juan Pablo D\u2019Antiochia (Worldpay) y Patricia Furlong (Global Processing), quienes analizaron la evoluci\u00f3n del mercado de adquirencia en el pa\u00eds y su impacto en el ecosistema de pagos.<\/p>\n<p>Los directivos destacaron el <strong>crecimiento sostenido en el uso y aceptaci\u00f3n de <a href=\"https:\/\/www.iprofesional.com\/negocios\/436086-que-ventajas-tienen-pagos-de-facturas-por-qr-que-son-boom-en-argentina\" target=\"_blank\" title=\"Medios de pagos digitales, las ventajas que tienen los pagos de facturas con QR\" rel=\"noopener noreferrer\">medios de pago digitales<\/a><\/strong> en los \u00faltimos a\u00f1os, as\u00ed como la evoluci\u00f3n del consumo. Subrayaron la importancia de la <strong>colaboraci\u00f3n p\u00fablico-privada y la disposici\u00f3n al di\u00e1logo con reguladores y autoridades de todos los niveles del Estado<\/strong>. Entre los logros compartidos resaltaron los siguientes: el Programa Ped\u00ed el POS, la eliminaci\u00f3n de retenciones nacionales (IVA y Ganancias), la digitalizaci\u00f3n de propinas, las soluciones de pago en transporte, el bimonetarismo y la interoperabilidad.<\/p>\n","protected":false},"excerpt":{"rendered":"<p>El Gobierno busca finalizar con la obligaci\u00f3n de los anunciantes en medios audiovisuales de incluir todas las disposiciones legales que abarcan a un determinado producto, campa\u00f1a o promoci\u00f3n. De esa forma, ya no se escuchar\u00e1n en la publicidad los mensajes acelerados, evitando consumir una gran cantidad segundos, que explican los detalles regulatorios de lo publicitado, [&hellip;]<\/p>\n","protected":false},"author":1,"featured_media":43252,"comment_status":"closed","ping_status":"closed","sticky":false,"template":"","format":"standard","meta":{"om_disable_all_campaigns":false,"_monsterinsights_skip_tracking":false,"_monsterinsights_sitenote_active":false,"_monsterinsights_sitenote_note":"","_monsterinsights_sitenote_category":0},"categories":[20],"tags":[],"aioseo_notices":[],"_links":{"self":[{"href":"https:\/\/economiapoliticacba.com\/index.php?rest_route=\/wp\/v2\/posts\/43251"}],"collection":[{"href":"https:\/\/economiapoliticacba.com\/index.php?rest_route=\/wp\/v2\/posts"}],"about":[{"href":"https:\/\/economiapoliticacba.com\/index.php?rest_route=\/wp\/v2\/types\/post"}],"author":[{"embeddable":true,"href":"https:\/\/economiapoliticacba.com\/index.php?rest_route=\/wp\/v2\/users\/1"}],"replies":[{"embeddable":true,"href":"https:\/\/economiapoliticacba.com\/index.php?rest_route=%2Fwp%2Fv2%2Fcomments&post=43251"}],"version-history":[{"count":0,"href":"https:\/\/economiapoliticacba.com\/index.php?rest_route=\/wp\/v2\/posts\/43251\/revisions"}],"wp:featuredmedia":[{"embeddable":true,"href":"https:\/\/economiapoliticacba.com\/index.php?rest_route=\/wp\/v2\/media\/43252"}],"wp:attachment":[{"href":"https:\/\/economiapoliticacba.com\/index.php?rest_route=%2Fwp%2Fv2%2Fmedia&parent=43251"}],"wp:term":[{"taxonomy":"category","embeddable":true,"href":"https:\/\/economiapoliticacba.com\/index.php?rest_route=%2Fwp%2Fv2%2Fcategories&post=43251"},{"taxonomy":"post_tag","embeddable":true,"href":"https:\/\/economiapoliticacba.com\/index.php?rest_route=%2Fwp%2Fv2%2Ftags&post=43251"}],"curies":[{"name":"wp","href":"https:\/\/api.w.org\/{rel}","templated":true}]}}