{"id":43170,"date":"2025-09-30T20:53:00","date_gmt":"2025-09-30T20:53:00","guid":{"rendered":"https:\/\/www.iprofesional.com\/legales\/438559-quebro-empresa-seguridad-siseg-srl-que-firmo-contratos-con-espn-y-unilever"},"modified":"2025-09-30T20:53:00","modified_gmt":"2025-09-30T20:53:00","slug":"quebro-una-empresa-de-seguridad-que-firmo-contratos-con-espn-y-unicenter","status":"publish","type":"post","link":"https:\/\/economiapoliticacba.com\/?p=43170","title":{"rendered":"Quebr\u00f3 una empresa de seguridad que firm\u00f3 contratos con ESPN y Unicenter"},"content":{"rendered":"<p><img src=\"http:\/\/economiapoliticacba.com\/wp-content\/uploads\/2025\/09\/quebro-una-empresa-de-seguridad-que-firmo-contratos-con-espn-y-unicenter.jpg\"><\/p>\n<div><img src=\"http:\/\/economiapoliticacba.com\/wp-content\/uploads\/2025\/09\/quebro-una-empresa-de-seguridad-que-firmo-contratos-con-espn-y-unicenter.webp\" class=\"ff-og-image-inserted\"><\/div>\n<p>El juez Guillermo Mario Pesaresi del Juzgado Comercial N.\u00ba 24 <strong>le baj\u00f3 el martillo a la empresa de seguridad SISEG SRL (CUIT 30-65484650-9)<\/strong> inscripta en la Inspecci\u00f3n General de Justicia el 31 de julio de 1992, adem\u00e1s de &#8220;decretar <a href=\"https:\/\/www.iprofesional.com\/legales\/433827-juicios-impagos-irregularidades-que-hay-detras-de-inhibicion-a-la-nueva-seguros\" target=\"_blank\" rel=\"noopener noreferrer\">la inhibici\u00f3n general<\/a> del fallido para disponer o gravar sus bienes registrables&#8221;.<\/p>\n<p>El magistrado fall\u00f3 en el expediente de SISEG S.R.L. s\/CONCURSO PREVENTIVO y <strong>se declar\u00f3 la inhabilitaci\u00f3n por un a\u00f1o y la prohibici\u00f3n de salir del pa\u00eds, del socio gerente, Ernesto Jorge P\u00e9rez.<\/strong><\/p>\n<h2><strong>Quebr\u00f3 Siseg SRL, la empresa que firm\u00f3 contratos con ESPN, Unilever y varios bancos<\/strong><\/h2>\n<p>Fuentes del sindicato de custodios afirmaron a <strong>iProfesional<\/strong> que <strong>esta situaci\u00f3n impacta de lleno en cientos de familias de vigiladores privados, <\/strong>que perder\u00e1n su fuente laboral en un &#8220;final anunciado y que era esperable por la cantidad de reclamos que hab\u00eda acumulado la compa\u00f1\u00eda&#8221;.<\/p>\n<p>El proceso qued\u00f3 bajo la sindicatura del Estudio<strong><span>&nbsp;<\/span><\/strong>Conti Apicella<strong>,<\/strong><span>&nbsp;<\/span>que ya promovi\u00f3 un incidente de investigaci\u00f3n denunciando irregularidades contables, facturaci\u00f3n omitida, rodados sin control, seguros inexistentes, y la prestaci\u00f3n de servicios no declarados a entidades financieras como el Banco Patagonia, lo que configura un entramado de fraude concursal.<\/p>\n<p>En el fallo se explica que hay una red de sociedades y juicios laborales sin definici\u00f3n y la&nbsp;documentaci\u00f3n judicial da cuenta de una red de sociedades paralelas<span>&nbsp;<\/span><strong>(SISEG Internacional S.A., Grupo SISEG S.R.L. y otras)<\/strong> con v\u00ednculos societarios y laborales que buscan eludir responsabilidades.<\/p>\n<p>A esto se suman m\u00faltiples juicios laborales en curso donde se reclama por despidos, salarios adeudados y aportes no depositados, en algunos casos intentando trasladar personal de forma irregular a terceros<span>&nbsp;<\/span><strong>(como Mercado Libre a trav\u00e9s de Meli Log S.R.L.).<\/strong><\/p>\n<p>Incluso se detect\u00f3 que la propia familia vinculada a la empresa inici\u00f3 acciones cruzadas de quiebra, como la del<span>&nbsp;<\/span><strong>Banco Comafi<\/strong><span>&nbsp;<\/span>contra el due\u00f1o de la empresa , confirmando la magnitud de las irregularidades.<\/p>\n<p>Desde su creaci\u00f3n, SISEG SRL tuvo importantes contratos con firmas privadas. Algunas de ellas fueron: ESPN, Unicenter, <a href=\"https:\/\/www.iprofesional.com\/management\/438333-jumbo-vea-y-disco-buscan-empleados-como-postularse-y-conseguir-el-trabajo\" target=\"_blank\" rel=\"noopener noreferrer\">Vea, Jumbo, Cencosud<\/a>, Dexter, Caputo, Universidad Di Tella, Paladini, entre otras. Sin embargo, <strong>esta cartera de clientes top no alcanz\u00f3 para frenar un declive en sus operaciones.<\/strong><\/p>\n<p>Fuentes gremiales se\u00f1alaron que <span>Ernesto Jorge &#8220;Perico&#8221; P\u00e9rez &#8220;fue mencionado como excolaborador de Mohamed Al\u00ed Seineld\u00edn y de otros militares retirados, que en los 90 se dedicaron a armar empresas de&nbsp;seguridad. As\u00ed naci\u00f3 SISEG S.R.L., en 1992, de la mano de los contactos de P\u00e9rez con funcionarios gubernamentales de la etapa menemista&#8221;.&nbsp;<\/span><\/p>\n<p>En el Sindicato de Custodios pusieron de relieve que este fallo ratifica sus denuncias hist\u00f3ricas relacionadas con los cuestionados procedimientos de crisis que libra la secretar\u00eda de Trabajo de la Naci\u00f3n. &#8220;El procedimiento preventivo de crisis es un salvavidas de plomo. Lo usan para licuar salarios, recortar aportes y jubilar a la quiebra empresas enteras, dejando a miles de trabajadores sin futuro&#8221;.<\/p>\n<p>Desde una de las organizacioens sindicales de la actividad, remarcan que <strong>este modus operandi no es exclusivo de&nbsp;SISEG<\/strong>, sino que se repite en decenas de compa\u00f1\u00edas del sector, con la complicidad de otros gremios&nbsp;que firman acuerdos sin controles ni garant\u00edas para los trabajadores.<\/p>\n<p>Por otra parte, Siseg SRL acumula malas noticias judiciales porque <span>en Rosario un juez fall\u00f3 a favor de un vigilador privado que <strong>deber\u00e1 ser indemnizado por despido indirecto.<\/strong><\/span><strong> <\/strong>En un juicio laboral patrocinado por el agobado Danilo Echegaray contra la empresa en la que prest\u00f3 tareas como vigilador desde noviembre de 2024, se hizo referencia, en la demanda, a los&nbsp;antecedentes de la extinci\u00f3n del contrato de trabajo, al intercambio telegr\u00e1fico y al despido indirecto notificado mediante careta documento.<\/p>\n<p>Al contestar la demanda la firma Siseg SRL se\u00f1al\u00f3 la improcedencia de los rubros reclamados por el trabajador, pero el juez laboral Ricardo Gramegna sostuvo que &#8220;teniendo por acreditada la versi\u00f3n del accionante en relaci\u00f3n con la extensi\u00f3n de la jornada de trabajo, cumplida m\u00e1s all\u00e1 del l\u00edmite legal de 8 horas diarias y 48 horas semanales, corresponde receptar el rubro horas el que estimo razonable, teniendo presente las declaraciones testimoniales en la suma de 6 horas diarias devengadas desde su ingreso hasta la extinci\u00f3n del v\u00ednculo laboral&#8221;.<\/p>\n<p>Destac\u00f3 el magistrado que &#8220;seg\u00fan lo dispuesto por el Art. 242 Ley de Contrato de Trabajo una de las partes podr\u00e1 hacer denuncia del contrato de trabajo en caso de inobservancia de parte de la otra de las obligaciones resultantes del mismo que configuren injuria, que, por su gravedad, no consientan la prosecuci\u00f3n de la relaci\u00f3n. En este caso, <strong>el trabajador fue el primero que juzg\u00f3 los hechos y los consider\u00f3 de una gravedad incompatible con la continuidad del v\u00ednculo&#8221;.<\/strong><\/p>\n<p>Puntualiz\u00f3 el juez Gramegna que <strong>&#8220;la existencia de justa causa en el despido indirecto comunicado por el trabajador, <\/strong>desde que no se le abonaban al actor las horas extras laboradas, con todas las consecuencias patrimoniales y previsionales que de ello se deriva&#8221;.<\/p>\n<p>Desde noviembre de 2021 a mayo de 2022 no se cumplieron con los correspondientes aportes previsionales al sistema y la demandada no cuestion\u00f3 concretamente tal informaci\u00f3n ni prob\u00f3 en modo alguno haber cancelado la deuda en cuesti\u00f3n, corresponde tener por acreditada la retenci\u00f3n y la falta de ingreso de aportes.&nbsp;<\/p>\n<p>Tambi\u00e9n se hizo lugar al reclamo de la indemnizaci\u00f3n prevista en el Art. 2 de la ley 25.323, atento verificarse en el caso la existencia de una relaci\u00f3n laboral deficientemente registrada en cuanto a la jornada de trabajo cumplida por el actor al momento del despido y la falta de pago de las indemnizaciones no obstante el reclamo fehaciente en tal sentido.<\/p>\n","protected":false},"excerpt":{"rendered":"<p>El juez Guillermo Mario Pesaresi del Juzgado Comercial N.\u00ba 24 le baj\u00f3 el martillo a la empresa de seguridad SISEG SRL (CUIT 30-65484650-9) inscripta en la Inspecci\u00f3n General de Justicia el 31 de julio de 1992, adem\u00e1s de &#8220;decretar la inhibici\u00f3n general del fallido para disponer o gravar sus bienes registrables&#8221;. El magistrado fall\u00f3 en [&hellip;]<\/p>\n","protected":false},"author":1,"featured_media":43171,"comment_status":"closed","ping_status":"closed","sticky":false,"template":"","format":"standard","meta":{"om_disable_all_campaigns":false,"_monsterinsights_skip_tracking":false,"_monsterinsights_sitenote_active":false,"_monsterinsights_sitenote_note":"","_monsterinsights_sitenote_category":0},"categories":[20],"tags":[],"aioseo_notices":[],"_links":{"self":[{"href":"https:\/\/economiapoliticacba.com\/index.php?rest_route=\/wp\/v2\/posts\/43170"}],"collection":[{"href":"https:\/\/economiapoliticacba.com\/index.php?rest_route=\/wp\/v2\/posts"}],"about":[{"href":"https:\/\/economiapoliticacba.com\/index.php?rest_route=\/wp\/v2\/types\/post"}],"author":[{"embeddable":true,"href":"https:\/\/economiapoliticacba.com\/index.php?rest_route=\/wp\/v2\/users\/1"}],"replies":[{"embeddable":true,"href":"https:\/\/economiapoliticacba.com\/index.php?rest_route=%2Fwp%2Fv2%2Fcomments&post=43170"}],"version-history":[{"count":0,"href":"https:\/\/economiapoliticacba.com\/index.php?rest_route=\/wp\/v2\/posts\/43170\/revisions"}],"wp:featuredmedia":[{"embeddable":true,"href":"https:\/\/economiapoliticacba.com\/index.php?rest_route=\/wp\/v2\/media\/43171"}],"wp:attachment":[{"href":"https:\/\/economiapoliticacba.com\/index.php?rest_route=%2Fwp%2Fv2%2Fmedia&parent=43170"}],"wp:term":[{"taxonomy":"category","embeddable":true,"href":"https:\/\/economiapoliticacba.com\/index.php?rest_route=%2Fwp%2Fv2%2Fcategories&post=43170"},{"taxonomy":"post_tag","embeddable":true,"href":"https:\/\/economiapoliticacba.com\/index.php?rest_route=%2Fwp%2Fv2%2Ftags&post=43170"}],"curies":[{"name":"wp","href":"https:\/\/api.w.org\/{rel}","templated":true}]}}