{"id":43121,"date":"2025-09-29T15:18:00","date_gmt":"2025-09-29T15:18:00","guid":{"rendered":"https:\/\/www.iprofesional.com\/management\/438471-educacion-financiera-para-profesionales-de-la-abogacia"},"modified":"2025-09-29T15:18:00","modified_gmt":"2025-09-29T15:18:00","slug":"educacion-financiera-para-profesionales-de-la-abogacia","status":"publish","type":"post","link":"https:\/\/economiapoliticacba.com\/?p=43121","title":{"rendered":"Educaci\u00f3n financiera para profesionales de la abogac\u00eda"},"content":{"rendered":"<p><img src=\"http:\/\/economiapoliticacba.com\/wp-content\/uploads\/2025\/09\/educacion-financiera-para-profesionales-de-la-abogacia.jpg\"><\/p>\n<div id>\n<p> Estas capacitaciones del Banco Ciudad abordan cinco ejes centrales de las finanzas: presupuesto, ahorro, deuda, seguridad e inversiones <\/p>\n<p><strong>29\/09\/2025<\/strong> &#8211; 12:18hs<\/p>\n<div class=\"image-container img-wide padding-b\"> <picture><source media=\"(max-width:360px)\" srcset=\"https:\/\/resizer.iproimg.com\/unsafe\/360x\/filters:format(webp):quality(85):max_bytes(102400)\/https:\/\/assets.iprofesional.com\/assets\/jpg\/2025\/09\/603934.jpg\" data-srcset=\"https:\/\/resizer.iproimg.com\/unsafe\/360x\/filters:format(webp):quality(85):max_bytes(102400)\/https:\/\/assets.iprofesional.com\/assets\/jpg\/2025\/09\/603934.jpg\" class><source media=\"(max-width:430px)\" srcset=\"https:\/\/resizer.iproimg.com\/unsafe\/360x\/filters:format(webp):quality(85):max_bytes(102400)\/https:\/\/assets.iprofesional.com\/assets\/jpg\/2025\/09\/603934.jpg\" data-srcset=\"https:\/\/resizer.iproimg.com\/unsafe\/360x\/filters:format(webp):quality(85):max_bytes(102400)\/https:\/\/assets.iprofesional.com\/assets\/jpg\/2025\/09\/603934.jpg\" class><source media=\"(max-width:956px)\" srcset=\"https:\/\/resizer.iproimg.com\/unsafe\/640x\/filters:format(webp):quality(85):max_bytes(102400)\/https:\/\/assets.iprofesional.com\/assets\/jpg\/2025\/09\/603934.jpg\" data-srcset=\"https:\/\/resizer.iproimg.com\/unsafe\/640x\/filters:format(webp):quality(85):max_bytes(102400)\/https:\/\/assets.iprofesional.com\/assets\/jpg\/2025\/09\/603934.jpg\" class><img loading=\"lazy\" src=\"http:\/\/economiapoliticacba.com\/wp-content\/uploads\/2025\/09\/educacion-financiera-para-profesionales-de-la-abogacia.webp\" data-src=\"http:\/\/economiapoliticacba.com\/wp-content\/uploads\/2025\/09\/educacion-financiera-para-profesionales-de-la-abogacia.webp\" class alt=\"Educaci\u00f3n financiera para profesionales de la abogac\u00eda\" width=\"1280px\" height=\"720px\" fetchpriority=\"high\"> <\/picture> <\/div><\/div>\n<div readability=\"75.171102661597\">\n<p><span>&nbsp;El <strong>Banco Ciudad<\/strong> lanz\u00f3 talleres de Educaci\u00f3n&nbsp; Financiera destinados a abogados y abogadas, que se brindan junto al Colegio&nbsp; P\u00fablico de la Abogac\u00eda de la Ciudad de Buenos Aires. Estas capacitaciones abordan&nbsp; cinco ejes centrales de las finanzas: presupuesto, ahorro, deuda, seguridad e&nbsp; inversiones<\/span><span>. Para abordar las distintas tem\u00e1ticas desarrolladas con foco en la actividad&nbsp; del sector, el Banco Ciudad ofrece capacitaciones pr\u00e1cticas con las nuevas&nbsp; herramientas tecnol\u00f3gicas para planificar y gestionar las finanzas, adem\u00e1s para invertir&nbsp; a trav\u00e9s de cuentas comitentes, de manera online, \u00e1gil y segura.&nbsp;&nbsp;<\/span><\/p>\n<p><span>El pr\u00f3ximo encuentro se llevar\u00e1 a cabo el <\/span><span>martes 30 de septiembre a las 11hs, <\/span><span>en la&nbsp; Sala Podetti del <strong>Colegio P\u00fablico de la Abogac\u00eda de la Ciudad de Buenos Aires <\/strong>(Av.&nbsp; Corrientes 1455, piso 2), <\/span><span>con inscripci\u00f3n previa a trav\u00e9s del link <\/span><a href=\"https:\/\/www.cpacf.org.ar\/noticia\/capacitacion\/5908\/educacion-financiera-para%20abogados\" target=\"_blank\" title=\"link\" rel=\"external noopener noreferrer\"><span>https:\/\/www.cpacf.org.ar\/noticia\/capacitacion\/5908\/educacion-financiera-para abogados<\/span><\/a><span>.&nbsp;&nbsp;<\/span><\/p>\n<p><span>El equipo de educaci\u00f3n financiera del <strong>Banco Ciudad<\/strong> llevar\u00e1 adelante el taller, que&nbsp; contar\u00e1 con las presencias de Ricardo Gil Lavedra, presidente del CPACF, Pablo Videla,&nbsp; director del Banco Ciudad, y Agust\u00edn Pesce, ex director del Banco Central de la&nbsp; Rep\u00fablica Argentina.&nbsp;&nbsp;<\/span><\/p>\n<p><span>En la primera jornada de educaci\u00f3n financiera en el <strong>CPACF <\/strong>se capacitaron cerca de un&nbsp; centenar abogados y abogadas.<\/span><span>&nbsp;<\/span><\/p>\n<p><span>Desde hace m\u00e1s de 60 a\u00f1os, el <strong>Banco Ciudad <\/strong>acompa\u00f1a la operatoria judicial&nbsp; bancaria<\/span><span>, y contin\u00faa profundizando la sinergia con el Colegio de la Abogac\u00eda para&nbsp; acercar soluciones y beneficios a los\/as profesionales y estudios jur\u00eddicos. <\/span><span>Entre las&nbsp; propuestas se destacan pr\u00e9stamos preferenciales, l\u00edneas especiales para capital de&nbsp; trabajo y cr\u00e9ditos para formaci\u00f3n acad\u00e9mica y posgrados<\/span><span>.<\/span><\/p>\n<p><span>Adem\u00e1s, los<strong> abogados y abogadas<\/strong> disponen de una sucursal exclusiva dentro de la&nbsp; sede del Colegio (Corrientes 1441, entrepiso, CABA), que brinda atenci\u00f3n&nbsp; personalizada y cuenta con cajero autom\u00e1tico. Toda la propuesta comercial tambi\u00e9n&nbsp; puede consultarse en <\/span><a href=\"https:\/\/www.bancociudad.com.ar\" target=\"_blank\" title=\"banco ciudad\" rel=\"external noopener noreferrer\"><span>www.bancociudad.com.ar<\/span><\/a><span>.&nbsp;<\/span><\/p>\n<\/p><\/div>\n","protected":false},"excerpt":{"rendered":"<p>Estas capacitaciones del Banco Ciudad abordan cinco ejes centrales de las finanzas: presupuesto, ahorro, deuda, seguridad e inversiones 29\/09\/2025 &#8211; 12:18hs &nbsp;El Banco Ciudad lanz\u00f3 talleres de Educaci\u00f3n&nbsp; Financiera destinados a abogados y abogadas, que se brindan junto al Colegio&nbsp; P\u00fablico de la Abogac\u00eda de la Ciudad de Buenos Aires. Estas capacitaciones abordan&nbsp; cinco ejes [&hellip;]<\/p>\n","protected":false},"author":1,"featured_media":43122,"comment_status":"closed","ping_status":"closed","sticky":false,"template":"","format":"standard","meta":{"om_disable_all_campaigns":false,"_monsterinsights_skip_tracking":false,"_monsterinsights_sitenote_active":false,"_monsterinsights_sitenote_note":"","_monsterinsights_sitenote_category":0},"categories":[20],"tags":[],"aioseo_notices":[],"_links":{"self":[{"href":"https:\/\/economiapoliticacba.com\/index.php?rest_route=\/wp\/v2\/posts\/43121"}],"collection":[{"href":"https:\/\/economiapoliticacba.com\/index.php?rest_route=\/wp\/v2\/posts"}],"about":[{"href":"https:\/\/economiapoliticacba.com\/index.php?rest_route=\/wp\/v2\/types\/post"}],"author":[{"embeddable":true,"href":"https:\/\/economiapoliticacba.com\/index.php?rest_route=\/wp\/v2\/users\/1"}],"replies":[{"embeddable":true,"href":"https:\/\/economiapoliticacba.com\/index.php?rest_route=%2Fwp%2Fv2%2Fcomments&post=43121"}],"version-history":[{"count":0,"href":"https:\/\/economiapoliticacba.com\/index.php?rest_route=\/wp\/v2\/posts\/43121\/revisions"}],"wp:featuredmedia":[{"embeddable":true,"href":"https:\/\/economiapoliticacba.com\/index.php?rest_route=\/wp\/v2\/media\/43122"}],"wp:attachment":[{"href":"https:\/\/economiapoliticacba.com\/index.php?rest_route=%2Fwp%2Fv2%2Fmedia&parent=43121"}],"wp:term":[{"taxonomy":"category","embeddable":true,"href":"https:\/\/economiapoliticacba.com\/index.php?rest_route=%2Fwp%2Fv2%2Fcategories&post=43121"},{"taxonomy":"post_tag","embeddable":true,"href":"https:\/\/economiapoliticacba.com\/index.php?rest_route=%2Fwp%2Fv2%2Ftags&post=43121"}],"curies":[{"name":"wp","href":"https:\/\/api.w.org\/{rel}","templated":true}]}}