{"id":43091,"date":"2025-09-28T21:37:32","date_gmt":"2025-09-28T21:37:32","guid":{"rendered":"https:\/\/cordoba.gob.ar\/?p=81641"},"modified":"2025-09-28T21:37:32","modified_gmt":"2025-09-28T21:37:32","slug":"esta-semana-abriran-con-horario-extendido-los-cpc-arguello-ruta-20-empalme-y-rancagua","status":"publish","type":"post","link":"https:\/\/economiapoliticacba.com\/?p=43091","title":{"rendered":"Esta semana abrir\u00e1n con horario extendido los CPC Arg\u00fcello, Ruta 20, Empalme y Rancagua"},"content":{"rendered":"<div><img src=\"http:\/\/economiapoliticacba.com\/wp-content\/uploads\/2025\/09\/esta-semana-abriran-con-horario-extendido-los-cpc-arguello-ruta-20-empalme-y-rancagua.jpg\" class=\"ff-og-image-inserted\"><\/div>\n<ul>\n<li><strong>La atenci\u00f3n ser\u00e1 de 08:00 a 18:00 horas el lunes, mi\u00e9rcoles, jueves y viernes; y de 08:00 a 14:00 horas el s\u00e1bado.<\/strong><\/li>\n<li><strong>El martes no habr\u00e1 atenci\u00f3n al p\u00fablico por el D\u00eda de San Jer\u00f3nimo.<\/strong><\/li>\n<\/ul>\n<hr>\n<p>Esta semana, cuatro CPC abrir\u00e1n sus puertas con horario extendido: ser\u00e1n aquellos correspondientes a las jurisdicciones de Mercado de la Ciudad, San Vicente, Monse\u00f1or Pablo Cabrera y Centro Am\u00e9rica.<\/p>\n<p>El horario de atenci\u00f3n ser\u00e1 de 8:00 a 18:00 horas, el lunes 29 de septiembre, y del mi\u00e9rcoles 1 al viernes 3 de octubre; mientras que el s\u00e1bado 4 de octubre abrir\u00e1n las puertas de 8:00 a 14:00 horas.<\/p>\n<p>El martes 30 de septiembre no abrir\u00e1n los CPC por el D\u00eda de San Jer\u00f3nimo, patrono de la ciudad de C\u00f3rdoba. El resto de los CPC funcionar\u00e1 en su horario habitual, el lunes, mi\u00e9rcoles, jueves y viernes, de 8:00 a 14:00.<\/p>\n<p>La atenci\u00f3n en horario extendido es un servicio que brinda la Municipalidad de C\u00f3rdoba para que los vecinos y vecinas puedan realizar tr\u00e1mites en los horarios que m\u00e1s les convengan de acuerdo a sus tareas habituales.<\/p>\n<p>Ubicaci\u00f3n de los Centros de Participaci\u00f3n Comunal con horario extendido:<\/p>\n<p>\u2013 CPC Arg\u00fcello: Av. Rafael N\u00fa\u00f1ez esq. Ricardo Rojas, barrio Arg\u00fcello.<br \/>\u2013 CPC Ruta 20: Av. Fuerza A\u00e9rea Argentina 4300, barrio Villa Adela.<br \/>\u2013 CPC Empalme: Av. Gob. Amadeo Sabattini 4650, barrio Empalme.<br \/>\u2013 CPC Rancagua: Av. Rancagua 2900, barrio Villa Corina.<\/p>\n","protected":false},"excerpt":{"rendered":"<p>La atenci\u00f3n ser\u00e1 de 08:00 a 18:00 horas el lunes, mi\u00e9rcoles, jueves y viernes; y de 08:00 a 14:00 horas el s\u00e1bado. El martes no habr\u00e1 atenci\u00f3n al p\u00fablico por el D\u00eda de San Jer\u00f3nimo. Esta semana, cuatro CPC abrir\u00e1n sus puertas con horario extendido: ser\u00e1n aquellos correspondientes a las jurisdicciones de Mercado de la [&hellip;]<\/p>\n","protected":false},"author":1,"featured_media":43092,"comment_status":"closed","ping_status":"closed","sticky":false,"template":"","format":"standard","meta":{"om_disable_all_campaigns":false,"_monsterinsights_skip_tracking":false,"_monsterinsights_sitenote_active":false,"_monsterinsights_sitenote_note":"","_monsterinsights_sitenote_category":0},"categories":[15],"tags":[],"aioseo_notices":[],"_links":{"self":[{"href":"https:\/\/economiapoliticacba.com\/index.php?rest_route=\/wp\/v2\/posts\/43091"}],"collection":[{"href":"https:\/\/economiapoliticacba.com\/index.php?rest_route=\/wp\/v2\/posts"}],"about":[{"href":"https:\/\/economiapoliticacba.com\/index.php?rest_route=\/wp\/v2\/types\/post"}],"author":[{"embeddable":true,"href":"https:\/\/economiapoliticacba.com\/index.php?rest_route=\/wp\/v2\/users\/1"}],"replies":[{"embeddable":true,"href":"https:\/\/economiapoliticacba.com\/index.php?rest_route=%2Fwp%2Fv2%2Fcomments&post=43091"}],"version-history":[{"count":0,"href":"https:\/\/economiapoliticacba.com\/index.php?rest_route=\/wp\/v2\/posts\/43091\/revisions"}],"wp:featuredmedia":[{"embeddable":true,"href":"https:\/\/economiapoliticacba.com\/index.php?rest_route=\/wp\/v2\/media\/43092"}],"wp:attachment":[{"href":"https:\/\/economiapoliticacba.com\/index.php?rest_route=%2Fwp%2Fv2%2Fmedia&parent=43091"}],"wp:term":[{"taxonomy":"category","embeddable":true,"href":"https:\/\/economiapoliticacba.com\/index.php?rest_route=%2Fwp%2Fv2%2Fcategories&post=43091"},{"taxonomy":"post_tag","embeddable":true,"href":"https:\/\/economiapoliticacba.com\/index.php?rest_route=%2Fwp%2Fv2%2Ftags&post=43091"}],"curies":[{"name":"wp","href":"https:\/\/api.w.org\/{rel}","templated":true}]}}