{"id":42895,"date":"2025-09-24T16:53:15","date_gmt":"2025-09-24T16:53:15","guid":{"rendered":"https:\/\/canalshowsport.com.ar\/?p=469569"},"modified":"2025-09-24T16:53:15","modified_gmt":"2025-09-24T16:53:15","slug":"estreno-sonado-debut-con-gol-para-mariano-troilo-en-el-parma","status":"publish","type":"post","link":"https:\/\/economiapoliticacba.com\/?p=42895","title":{"rendered":"Estreno so\u00f1ado: debut con gol para Mariano Troilo en el Parma"},"content":{"rendered":"<div><img src=\"http:\/\/economiapoliticacba.com\/wp-content\/uploads\/2025\/09\/estreno-sonado-debut-con-gol-para-mariano-troilo-en-el-parma.png\" class=\"ff-og-image-inserted\"><\/div>\n<p><strong>Mariano Troilo <\/strong>nunca va a olvidarse de su debut en el f\u00fatbol italiano. El zaguero cordob\u00e9s, surgido en Belgrano, debut\u00f3 este mi\u00e9rcoles con la camiseta del Parma y lo hizo convirtiendo un gol.<\/p>\n<p>El \u201cNano\u201d fue titular en el encuentro frente a Spezia por los 16avos de final de la Copa Italia, y a los 26 minutos del primer tiempo se encarg\u00f3 de abrir el marcador, poniendo en ventaja a su equipo con un tanto de rebote.<\/p>\n<blockquote class=\"twitter-tweet\" data-media-max-width=\"560\" readability=\"5.0987654320988\">\n<p lang=\"it\" dir=\"ltr\">\ud83d\udea8\ud83c\uddee\ud83c\uddf9 | GOAL: MARIANO TROILO OPENS THE SCORING FOR PARMA!<\/p>\n<p>Parma 1-0 Spezia.<\/p>\n<p><a href=\"https:\/\/t.co\/U3e8SDYncV\" target=\"_blank\" rel=\"noopener\">pic.twitter.com\/U3e8SDYncV<\/a><\/p>\n<p>\u2014 TheGoalsZone \u2728 (@TheGoalsZone) <a href=\"https:\/\/twitter.com\/TheGoalsZone\/status\/1970872827588055526?ref_src=twsrc%5Etfw\" target=\"_blank\" rel=\"noopener\">September 24, 2025<\/a><\/p><\/blockquote>\n<p>En encuentro finaliz\u00f3 en un empate por 2-2, lo que llev\u00f3 a definir al ganador en los penales, donde el Parma se impuso por 4-3 y accedi\u00f3 a los octavos de final.<\/p>\n","protected":false},"excerpt":{"rendered":"<p>Mariano Troilo nunca va a olvidarse de su debut en el f\u00fatbol italiano. El zaguero cordob\u00e9s, surgido en Belgrano, debut\u00f3 este mi\u00e9rcoles con la camiseta del Parma y lo hizo convirtiendo un gol. El \u201cNano\u201d fue titular en el encuentro frente a Spezia por los 16avos de final de la Copa Italia, y a los [&hellip;]<\/p>\n","protected":false},"author":1,"featured_media":42896,"comment_status":"closed","ping_status":"closed","sticky":false,"template":"","format":"standard","meta":{"om_disable_all_campaigns":false,"_monsterinsights_skip_tracking":false,"_monsterinsights_sitenote_active":false,"_monsterinsights_sitenote_note":"","_monsterinsights_sitenote_category":0},"categories":[16],"tags":[531,34,453,2380,2956],"aioseo_notices":[],"_links":{"self":[{"href":"https:\/\/economiapoliticacba.com\/index.php?rest_route=\/wp\/v2\/posts\/42895"}],"collection":[{"href":"https:\/\/economiapoliticacba.com\/index.php?rest_route=\/wp\/v2\/posts"}],"about":[{"href":"https:\/\/economiapoliticacba.com\/index.php?rest_route=\/wp\/v2\/types\/post"}],"author":[{"embeddable":true,"href":"https:\/\/economiapoliticacba.com\/index.php?rest_route=\/wp\/v2\/users\/1"}],"replies":[{"embeddable":true,"href":"https:\/\/economiapoliticacba.com\/index.php?rest_route=%2Fwp%2Fv2%2Fcomments&post=42895"}],"version-history":[{"count":0,"href":"https:\/\/economiapoliticacba.com\/index.php?rest_route=\/wp\/v2\/posts\/42895\/revisions"}],"wp:featuredmedia":[{"embeddable":true,"href":"https:\/\/economiapoliticacba.com\/index.php?rest_route=\/wp\/v2\/media\/42896"}],"wp:attachment":[{"href":"https:\/\/economiapoliticacba.com\/index.php?rest_route=%2Fwp%2Fv2%2Fmedia&parent=42895"}],"wp:term":[{"taxonomy":"category","embeddable":true,"href":"https:\/\/economiapoliticacba.com\/index.php?rest_route=%2Fwp%2Fv2%2Fcategories&post=42895"},{"taxonomy":"post_tag","embeddable":true,"href":"https:\/\/economiapoliticacba.com\/index.php?rest_route=%2Fwp%2Fv2%2Ftags&post=42895"}],"curies":[{"name":"wp","href":"https:\/\/api.w.org\/{rel}","templated":true}]}}