{"id":42887,"date":"2025-09-23T19:41:00","date_gmt":"2025-09-23T19:41:00","guid":{"rendered":"https:\/\/www.iprofesional.com\/politica\/438079-corte-suprema-nego-excarcelacion-jose-alperovich-seguira-cumpliendo-prision-domiciliaria"},"modified":"2025-09-23T19:41:00","modified_gmt":"2025-09-23T19:41:00","slug":"la-corte-le-nego-la-excarcelacion-a-alperovich-que-seguira-cumpliendo-prision-domiciliaria","status":"publish","type":"post","link":"https:\/\/economiapoliticacba.com\/?p=42887","title":{"rendered":"La Corte le neg\u00f3 la excarcelaci\u00f3n a Alperovich, que seguir\u00e1 cumpliendo prisi\u00f3n domiciliaria"},"content":{"rendered":"<p><img src=\"http:\/\/economiapoliticacba.com\/wp-content\/uploads\/2025\/09\/la-corte-le-nego-la-excarcelacion-a-alperovich-que-seguira-cumpliendo-prision-domiciliaria.jpg\"><\/p>\n<div id>\n<p> El m\u00e1ximo tribunal rechaz\u00f3 el recurso extraordinario presentado por la defensa del exgobernador de Tucum\u00e1n y dej\u00f3 firme su detenci\u00f3n <\/p>\n<p><strong>23\/09\/2025<\/strong> &#8211; 16:41hs<\/p>\n<div class=\"image-container img-wide padding-b\"> <picture><source media=\"(max-width:360px)\" srcset=\"https:\/\/resizer.iproimg.com\/unsafe\/360x\/filters:format(webp):quality(85):max_bytes(102400)\/https:\/\/assets.iprofesional.com\/assets\/jpg\/2024\/06\/577680.jpg\" data-srcset=\"https:\/\/resizer.iproimg.com\/unsafe\/360x\/filters:format(webp):quality(85):max_bytes(102400)\/https:\/\/assets.iprofesional.com\/assets\/jpg\/2024\/06\/577680.jpg\" class><source media=\"(max-width:430px)\" srcset=\"https:\/\/resizer.iproimg.com\/unsafe\/360x\/filters:format(webp):quality(85):max_bytes(102400)\/https:\/\/assets.iprofesional.com\/assets\/jpg\/2024\/06\/577680.jpg\" data-srcset=\"https:\/\/resizer.iproimg.com\/unsafe\/360x\/filters:format(webp):quality(85):max_bytes(102400)\/https:\/\/assets.iprofesional.com\/assets\/jpg\/2024\/06\/577680.jpg\" class><source media=\"(max-width:956px)\" srcset=\"https:\/\/resizer.iproimg.com\/unsafe\/640x\/filters:format(webp):quality(85):max_bytes(102400)\/https:\/\/assets.iprofesional.com\/assets\/jpg\/2024\/06\/577680.jpg\" data-srcset=\"https:\/\/resizer.iproimg.com\/unsafe\/640x\/filters:format(webp):quality(85):max_bytes(102400)\/https:\/\/assets.iprofesional.com\/assets\/jpg\/2024\/06\/577680.jpg\" class><img loading=\"lazy\" src=\"http:\/\/economiapoliticacba.com\/wp-content\/uploads\/2025\/09\/la-corte-le-nego-la-excarcelacion-a-alperovich-que-seguira-cumpliendo-prision-domiciliaria.webp\" data-src=\"http:\/\/economiapoliticacba.com\/wp-content\/uploads\/2025\/09\/la-corte-le-nego-la-excarcelacion-a-alperovich-que-seguira-cumpliendo-prision-domiciliaria.webp\" class alt=\"La Corte Suprema le neg\u00f3 la excarcelaci\u00f3n a Alperovich, que seguir\u00e1 cumpliendo prisi\u00f3n domiciliaria\" width=\"1280px\" height=\"720px\" fetchpriority=\"high\"> <\/picture> <\/div><\/div>\n<div readability=\"106.59994787594\">\n<p>La <strong>Corte Suprema de Justicia de la Naci\u00f3n <\/strong>rechaz\u00f3 el recurso extraordinario <a href=\"https:\/\/www.iprofesional.com\/politica\/431552-lujosa-torre-de-puerto-madero-donde-jose-alperovich-cumplira-prision-domiciliaria\" target=\"_blank\" rel=\"noopener noreferrer\">presentado por la defensa de Jos\u00e9 Alperovich,<\/a> exgobernador de Tucum\u00e1n, y dej\u00f3 firme la decisi\u00f3n de mantener su detenci\u00f3n. El dirigente, <strong>condenado a 16 a\u00f1os de prisi\u00f3n <\/strong>por violar a su sobrina, cumple actualmente arresto domiciliario en su departamento de Puerto Madero por razones de salud.<\/p>\n<p>El m\u00e1ximo tribunal resolvi\u00f3 el caso con la firma de los jueces <strong>Horacio Rosatti, Carlos Rosenkrantz y Ricardo Lorenzetti,<\/strong> quienes consideraron que el planteo de los abogados del exmandatario era &#8220;<strong>inadmisible<\/strong>&#8220;.<\/p>\n<p>La abogada de la v\u00edctima, <strong>Carolina Zimerman,<\/strong> relativiz\u00f3 el impacto inmediato de la decisi\u00f3n: <strong>&#8220;El fallo no tiene ninguna entidad actual porque Alperovich est\u00e1 con domiciliaria&#8221;. <\/strong>El exgobernador convive en Puerto Madero con su nueva pareja, la medi\u00e1tica Marianela Mirra.<\/p>\n<h2>Jos\u00e9 Alperovich condenado: el recorrido de la causa judicial<\/h2>\n<p>El 18 de junio de 2024, el Tribunal Oral en lo Criminal y Correccional N\u00ba 29, a cargo del juez <strong>Ramos Padilla<\/strong>, <a href=\"https:\/\/www.iprofesional.com\/politica\/432011-jose-alperovich-cumple-prision-domiciliaria-puerto-madero-con-tobillera-electronica\" target=\"_blank\" rel=\"noopener noreferrer\">conden\u00f3 a Alperovich por tres hechos de &#8220;abuso sexual simple&#8221;<\/a> y seis de <span>&#8220;abuso sexual agravado por haber sido cometidos con acceso carnal&#8221;<\/span>. Los delitos ocurrieron entre diciembre de 2017 y marzo de 2018 en Tucum\u00e1n y en la Ciudad de Buenos Aires.<\/p>\n<p>Esa misma noche, el juez orden\u00f3 su inmediata detenci\u00f3n y prisi\u00f3n preventiva. La defensa solicit\u00f3 la excarcelaci\u00f3n, pero la fiscal\u00eda se opuso. En su resoluci\u00f3n, Ramos Padilla se\u00f1al\u00f3: &#8220;<strong>Se ha probado que el ciudadano Jos\u00e9 Jorge Alperovich <\/strong>cuenta con sobrados medios econ\u00f3micos y relaciones de poder, a punto tal que una serie de testigos han acudido a la sala de audiencias a mentir y protegerlo. En el escenario presentado, es claro que la prisi\u00f3n preventiva es la \u00fanica medida cautelar que permite conjurar el evidente y muy elevado riesgo de fuga que surge de la actual situaci\u00f3n de <strong>Jos\u00e9 Jorge Alperovich<\/strong>&#8220;.<\/p>\n<p>El magistrado tambi\u00e9n remarc\u00f3 el <strong>&#8220;sinf\u00edn de pruebas s\u00f3lidas, precisas y concordantes contra el acusado&#8221;.<\/strong> Y advirti\u00f3: &#8220;Si bien la elevada pena de prisi\u00f3n impuesta a <strong>Jos\u00e9 Jorge Alperovich <\/strong>no ha sido ratificada de manera definitiva, se puede anticipar que en caso de recuperar su libertad intentar\u00e1 eludir el accionar de la justicia y perjudicar los objetivos del proceso&#8221;.<\/p>\n<p>La C\u00e1mara Nacional de Casaci\u00f3n Penal rechaz\u00f3 luego un recurso de la defensa, que argumentaba vulneraci\u00f3n de la presunci\u00f3n de inocencia y que las condiciones econ\u00f3micas del exgobernador no eran suficientes para configurar riesgo de fuga. Ante ese rev\u00e9s, los abogados recurrieron a la Corte Suprema, pero nuevamente fueron desestimados en base al art\u00edculo 280 del C\u00f3digo Procesal Civil y Comercial.<\/p>\n<h2>La denuncia y la condena<\/h2>\n<p>La denuncia fue presentada en 2019 por una sobrina del exmandatario, 35 a\u00f1os menor que \u00e9l, quien se desempe\u00f1aba en su campa\u00f1a pol\u00edtica. La acusaci\u00f3n sostuvo que &#8220;<span>en todos los casos, mediando para su comisi\u00f3n intimidaci\u00f3n, abuso de una relaci\u00f3n de dependencia, de poder y de autoridad&#8221;.<\/span><\/p>\n<p>El fiscal del caso afirm\u00f3 que &#8220;avasall\u00f3 totalmente a la v\u00edctima, la convirti\u00f3 en un objeto de su placer sexual&#8221;. El tribunal coincidi\u00f3 en los fundamentos de la condena: &#8220;Medi\u00f3 violencia, abuso coactivo e intimidatorio de una relaci\u00f3n de dependencia, de autoridad y de poder, aprovech\u00e1ndose de que la v\u00edctima no haya podido consentir los actos.<strong> Alperovich abus\u00f3 de su sobrina segunda, vali\u00e9ndose de la asimetr\u00eda de poder que ten\u00eda frente a ella.<\/strong> \u00c9l era su jefe, detentaba un poder pol\u00edtico de inmensa magnitud en la Provincia&#8221;.<\/p>\n<p>Actualmente, la condena a 16 a\u00f1os de prisi\u00f3n se encuentra en etapa de revisi\u00f3n en la C\u00e1mara Nacional de Casaci\u00f3n, pero con la decisi\u00f3n de la Corte Suprema,<a href=\"https:\/\/www.iprofesional.com\/index.php\/politica\/431459-prision-domiciliaria-para-jose-alperovich-condenado-por-abuso-sexual-vivira-puerto-madero\" target=\"_blank\" rel=\"noopener noreferrer\"> Alperovich continuar\u00e1 cumpliendo la prisi\u00f3n preventiva <\/a>en modalidad domiciliaria.<\/p>\n<\/p><\/div>\n","protected":false},"excerpt":{"rendered":"<p>El m\u00e1ximo tribunal rechaz\u00f3 el recurso extraordinario presentado por la defensa del exgobernador de Tucum\u00e1n y dej\u00f3 firme su detenci\u00f3n 23\/09\/2025 &#8211; 16:41hs La Corte Suprema de Justicia de la Naci\u00f3n rechaz\u00f3 el recurso extraordinario presentado por la defensa de Jos\u00e9 Alperovich, exgobernador de Tucum\u00e1n, y dej\u00f3 firme la decisi\u00f3n de mantener su detenci\u00f3n. El [&hellip;]<\/p>\n","protected":false},"author":1,"featured_media":42888,"comment_status":"closed","ping_status":"closed","sticky":false,"template":"","format":"standard","meta":{"om_disable_all_campaigns":false,"_monsterinsights_skip_tracking":false,"_monsterinsights_sitenote_active":false,"_monsterinsights_sitenote_note":"","_monsterinsights_sitenote_category":0},"categories":[20],"tags":[],"aioseo_notices":[],"_links":{"self":[{"href":"https:\/\/economiapoliticacba.com\/index.php?rest_route=\/wp\/v2\/posts\/42887"}],"collection":[{"href":"https:\/\/economiapoliticacba.com\/index.php?rest_route=\/wp\/v2\/posts"}],"about":[{"href":"https:\/\/economiapoliticacba.com\/index.php?rest_route=\/wp\/v2\/types\/post"}],"author":[{"embeddable":true,"href":"https:\/\/economiapoliticacba.com\/index.php?rest_route=\/wp\/v2\/users\/1"}],"replies":[{"embeddable":true,"href":"https:\/\/economiapoliticacba.com\/index.php?rest_route=%2Fwp%2Fv2%2Fcomments&post=42887"}],"version-history":[{"count":0,"href":"https:\/\/economiapoliticacba.com\/index.php?rest_route=\/wp\/v2\/posts\/42887\/revisions"}],"wp:featuredmedia":[{"embeddable":true,"href":"https:\/\/economiapoliticacba.com\/index.php?rest_route=\/wp\/v2\/media\/42888"}],"wp:attachment":[{"href":"https:\/\/economiapoliticacba.com\/index.php?rest_route=%2Fwp%2Fv2%2Fmedia&parent=42887"}],"wp:term":[{"taxonomy":"category","embeddable":true,"href":"https:\/\/economiapoliticacba.com\/index.php?rest_route=%2Fwp%2Fv2%2Fcategories&post=42887"},{"taxonomy":"post_tag","embeddable":true,"href":"https:\/\/economiapoliticacba.com\/index.php?rest_route=%2Fwp%2Fv2%2Ftags&post=42887"}],"curies":[{"name":"wp","href":"https:\/\/api.w.org\/{rel}","templated":true}]}}