{"id":42851,"date":"2025-09-23T16:29:23","date_gmt":"2025-09-23T16:29:23","guid":{"rendered":"https:\/\/cordoba.gob.ar\/?p=81478"},"modified":"2025-09-23T16:29:23","modified_gmt":"2025-09-23T16:29:23","slug":"corredor-san-juan-avanza-la-obra-que-contribuira-a-una-ciudad-mas-accesible-ordenada-y-sustentable","status":"publish","type":"post","link":"https:\/\/economiapoliticacba.com\/?p=42851","title":{"rendered":"Corredor San Juan: avanza la obra que contribuir\u00e1 a una ciudad m\u00e1s accesible, ordenada y sustentable"},"content":{"rendered":"<div><img src=\"http:\/\/economiapoliticacba.com\/wp-content\/uploads\/2025\/09\/corredor-san-juan-avanza-la-obra-que-contribuira-a-una-ciudad-mas-accesible-ordenada-y-sustentable.jpg\" class=\"ff-og-image-inserted\"><\/div>\n<p data-prosemirror-content-type=\"node\" data-prosemirror-node-name=\"paragraph\" data-prosemirror-node-block=\"true\">La Municipalidad de C\u00f3rdoba avanza con la transformaci\u00f3n del Bv. San Juan, uno de los corredores principales del centro capitalino. Anteriormente se habilit\u00f3 el tramo sur entre Mariano Moreno y Miguel del Corro y ahora contin\u00faan los trabajos en la calzada norte.<\/p>\n<p data-prosemirror-content-type=\"node\" data-prosemirror-node-name=\"paragraph\" data-prosemirror-node-block=\"true\">Entre las tareas finalizadas se destacan la ejecuci\u00f3n de cordones y rampas de accesibilidad, el reemplazo de pa\u00f1os de hormig\u00f3n deteriorados en el carril norte, la instalaci\u00f3n del alumbrado p\u00fablico en el cantero central y el tendido del sistema de riego tanto en cantero como en laterales.<\/p>\n<p data-prosemirror-content-type=\"node\" data-prosemirror-node-name=\"paragraph\" data-prosemirror-node-block=\"true\">La pr\u00f3xima etapa abarca el hormigonado de baches, la ejecuci\u00f3n de rampas de accesibilidad y cordones, el recambio de puesta a tierra del alumbrado p\u00fablico y renovaci\u00f3n de l\u00e1mparas de sodio por otras de tipo LED con un menor consumo energ\u00e9tico. Tambi\u00e9n se instalar\u00e1n las paradas inteligentes para el transporte p\u00fablico y la parquizaci\u00f3n en los laterales.<\/p>\n<p data-prosemirror-content-type=\"node\" data-prosemirror-node-name=\"paragraph\" data-prosemirror-node-block=\"true\">El proyecto tiene como finalidad transformar la arteria en un corredor que mejore la movilidad, la seguridad peatonal y la calidad ambiental de la zona. El cantero central del corredor sumar\u00e1 mayor superficie verde, iluminaci\u00f3n LED y nuevo arbolado, adem\u00e1s de un sistema de riego que optimiza el uso del agua y lo convierte en un pulm\u00f3n urbano que aportar\u00e1 a la sustentabilidad y la calidad ambiental de la ciudad.<\/p>\n<p data-prosemirror-content-type=\"node\" data-prosemirror-node-name=\"paragraph\" data-prosemirror-node-block=\"true\">Al igual que en otras arterias renovadas como 27 de Abril y Av. del Piamonte, y en las que actualmente se ejecutan obras como Av. Maip\u00fa y Av. Ambrosio Olmos, la intervenci\u00f3n en el Bv. San Juan busca modernizar la infraestructura urbana, contribuir a una ciudad m\u00e1s sustentable, mejorar la convivencia entre veh\u00edculos y peatones, y recuperar el espacio p\u00fablico.<\/p>\n","protected":false},"excerpt":{"rendered":"<p>La Municipalidad de C\u00f3rdoba avanza con la transformaci\u00f3n del Bv. San Juan, uno de los corredores principales del centro capitalino. Anteriormente se habilit\u00f3 el tramo sur entre Mariano Moreno y Miguel del Corro y ahora contin\u00faan los trabajos en la calzada norte. Entre las tareas finalizadas se destacan la ejecuci\u00f3n de cordones y rampas de [&hellip;]<\/p>\n","protected":false},"author":1,"featured_media":42852,"comment_status":"closed","ping_status":"closed","sticky":false,"template":"","format":"standard","meta":{"om_disable_all_campaigns":false,"_monsterinsights_skip_tracking":false,"_monsterinsights_sitenote_active":false,"_monsterinsights_sitenote_note":"","_monsterinsights_sitenote_category":0},"categories":[15],"tags":[],"aioseo_notices":[],"_links":{"self":[{"href":"https:\/\/economiapoliticacba.com\/index.php?rest_route=\/wp\/v2\/posts\/42851"}],"collection":[{"href":"https:\/\/economiapoliticacba.com\/index.php?rest_route=\/wp\/v2\/posts"}],"about":[{"href":"https:\/\/economiapoliticacba.com\/index.php?rest_route=\/wp\/v2\/types\/post"}],"author":[{"embeddable":true,"href":"https:\/\/economiapoliticacba.com\/index.php?rest_route=\/wp\/v2\/users\/1"}],"replies":[{"embeddable":true,"href":"https:\/\/economiapoliticacba.com\/index.php?rest_route=%2Fwp%2Fv2%2Fcomments&post=42851"}],"version-history":[{"count":0,"href":"https:\/\/economiapoliticacba.com\/index.php?rest_route=\/wp\/v2\/posts\/42851\/revisions"}],"wp:featuredmedia":[{"embeddable":true,"href":"https:\/\/economiapoliticacba.com\/index.php?rest_route=\/wp\/v2\/media\/42852"}],"wp:attachment":[{"href":"https:\/\/economiapoliticacba.com\/index.php?rest_route=%2Fwp%2Fv2%2Fmedia&parent=42851"}],"wp:term":[{"taxonomy":"category","embeddable":true,"href":"https:\/\/economiapoliticacba.com\/index.php?rest_route=%2Fwp%2Fv2%2Fcategories&post=42851"},{"taxonomy":"post_tag","embeddable":true,"href":"https:\/\/economiapoliticacba.com\/index.php?rest_route=%2Fwp%2Fv2%2Ftags&post=42851"}],"curies":[{"name":"wp","href":"https:\/\/api.w.org\/{rel}","templated":true}]}}