{"id":42724,"date":"2025-09-19T18:48:00","date_gmt":"2025-09-19T18:48:00","guid":{"rendered":"https:\/\/www.iprofesional.com\/legales\/437830-otra-empresa-seguros-obligada-a-cerrar-por-cheques-sin-fondo-y-despidos"},"modified":"2025-09-19T18:48:00","modified_gmt":"2025-09-19T18:48:00","slug":"otra-empresa-de-seguros-obligada-a-cerrar-por-cheques-sin-fondo-y-despidos","status":"publish","type":"post","link":"https:\/\/economiapoliticacba.com\/?p=42724","title":{"rendered":"Otra empresa de seguros, obligada a cerrar por cheques sin fondo y despidos"},"content":{"rendered":"<p><img src=\"http:\/\/economiapoliticacba.com\/wp-content\/uploads\/2025\/09\/otra-empresa-de-seguros-obligada-a-cerrar-por-cheques-sin-fondo-y-despidos.jpg\"><\/p>\n<div id>\n<p> TPC S.A. se suma a una larga lista de firmas a las que no le cierran los n\u00fameros. Boston, Orbis y Escudo, entre las otras sancionadas <\/p>\n<p><strong>19\/09\/2025<\/strong> &#8211; 15:48hs<\/p>\n<div class=\"image-container img-wide padding-b\"> <picture><source media=\"(max-width:360px)\" srcset=\"https:\/\/resizer.iproimg.com\/unsafe\/360x\/filters:format(webp):quality(85):max_bytes(102400)\/https:\/\/assets.iprofesional.com\/assets\/jpeg\/2024\/03\/570110.jpeg\" data-srcset=\"https:\/\/resizer.iproimg.com\/unsafe\/360x\/filters:format(webp):quality(85):max_bytes(102400)\/https:\/\/assets.iprofesional.com\/assets\/jpeg\/2024\/03\/570110.jpeg\" class><source media=\"(max-width:430px)\" srcset=\"https:\/\/resizer.iproimg.com\/unsafe\/360x\/filters:format(webp):quality(85):max_bytes(102400)\/https:\/\/assets.iprofesional.com\/assets\/jpeg\/2024\/03\/570110.jpeg\" data-srcset=\"https:\/\/resizer.iproimg.com\/unsafe\/360x\/filters:format(webp):quality(85):max_bytes(102400)\/https:\/\/assets.iprofesional.com\/assets\/jpeg\/2024\/03\/570110.jpeg\" class><source media=\"(max-width:956px)\" srcset=\"https:\/\/resizer.iproimg.com\/unsafe\/640x\/filters:format(webp):quality(85):max_bytes(102400)\/https:\/\/assets.iprofesional.com\/assets\/jpeg\/2024\/03\/570110.jpeg\" data-srcset=\"https:\/\/resizer.iproimg.com\/unsafe\/640x\/filters:format(webp):quality(85):max_bytes(102400)\/https:\/\/assets.iprofesional.com\/assets\/jpeg\/2024\/03\/570110.jpeg\" class><img loading=\"lazy\" src=\"http:\/\/economiapoliticacba.com\/wp-content\/uploads\/2025\/09\/otra-empresa-de-seguros-obligada-a-cerrar-por-cheques-sin-fondo-y-despidos.webp\" data-src=\"http:\/\/economiapoliticacba.com\/wp-content\/uploads\/2025\/09\/otra-empresa-de-seguros-obligada-a-cerrar-por-cheques-sin-fondo-y-despidos.webp\" class alt=\"superintendencia de seguros\" width=\"1280px\" height=\"720px\" fetchpriority=\"high\"> <\/picture> <\/div><\/div>\n<div readability=\"114.80753064799\">\n<p>TPC S.A., <a href=\"https:\/\/www.iprofesional.com\/autos\/434022-crisis-en-el-seguro-automotor-cierran-aseguradoras-y-crecen-los-autos-sin-cobertura\" target=\"_blank\" rel=\"noopener noreferrer\">la empresa aseguradora<\/a> fundada por la familia G\u00f3mez, conducida hasta 2019 por Mauricio Ariel Campici y Carlos Mart\u00edn Lufrano y en el a\u00f1o 2002 por Gabriel Hamui, termin\u00f3 por recibir <strong>la confirmaci\u00f3n de su liquidaci\u00f3n. <\/strong>As\u00ed lo resolvi\u00f3<strong> <\/strong>la C\u00e1mara Comercial Sala E integrada por los magistrados, Alfredo Kolliker Frers, H\u00e9ctor Chomer y Mar\u00eda Guadalupe V\u00e1squez.<\/p>\n<p>La Superintendencia de Seguros que conduce Guillermo Plate continu\u00f3 liquidando empresas aseguradoras durante todo 2024 porque <strong>no le cerraban los n\u00fameros y, muchas de ellas, ten\u00edan juicios impagos<\/strong>. Una seguidilla implacable de sanciones contra compa\u00f1\u00edas como Boston, Caledoni, Escudo, Orbis Seguros, entre otras a las que se ha sumado TPC S.A.<\/p>\n<h2>TPC Compa\u00f1\u00eda de Seguros S.A.: en crisis por deudas<\/h2>\n<p><span>En noviembre de 2024, <\/span><span><a href=\"https:\/\/www.iprofesional.com\/negocios\/433796-la-superintendencia-de-seguros-suspendio-operaciones-de-la-nueva-cooperativa-de-seguros\" target=\"_blank\" rel=\"noopener noreferrer\">la Superintendencia de Seguros de la Naci\u00f3n<\/a> resolvi\u00f3 &#8220;revocar la autorizaci\u00f3n para operar en seguros&#8221; a la empresa.&nbsp;Adem\u00e1s, <strong>le prohibi\u00f3 administrar sus bienes, efectivamente &#8220;congelando&#8221; todas sus cuentas bancarias.<\/strong><\/span><\/p>\n<p>Esta definici\u00f3n le impide realizar actos de administraci\u00f3n,<strong> inclusive todo movimiento bancario<\/strong>, y llam\u00f3 a una inhibici\u00f3n general de bienes<span> <\/span>que establece que la empresa<span>&nbsp;<\/span>no podr\u00e1 disponer de m\u00e1s dinero en efectivo.<\/p>\n<p>La direcci\u00f3n de la empresa decidi\u00f3 apelar las sanciones ante la Justicia, pero el dictamen no fue favorable a sus pretensiones. Las desprolijidades eran varias y se ratific\u00f3 lo actuado por los inspectores del organismo regulador de la actividad que, t<span>ras identificar anomal\u00edas en el pago tanto a asegurados como a damnificados, adem\u00e1s de registros incompletos o incorrectos, contabilidad desordenada, una mala gesti\u00f3n interna y movimientos sospechosos de dinero, <strong>decidieron avanzar con su liquidaci\u00f3n.<\/strong><\/span><\/p>\n<p><span>Entre los fundamentos del fallo judicial se lee: <span>&#8220;La Superintendencia de Seguros de la Naci\u00f3n (en adelante SSN) dijo que, seg\u00fan los estados contables cerrados al 31.03.24, la entidad presentaba una <strong>grave situaci\u00f3n de insolvencia<\/strong> en todas las relaciones t\u00e9cnicas que le son exigibles, tanto en materia patrimonial como financiera&#8221;.<\/span><\/span><\/p>\n<h2>Los argumentos de la Justicia para ratificar la liquidaci\u00f3n de la empresa<\/h2>\n<p><span>Adem\u00e1s, se explic\u00f3 que pudo constatar severas inconsistencias e irregularidades en materia de registraciones, contabilidad, movimiento de fondos, gesti\u00f3n administrativa y control interno. Seguidamente, sobre la base de informaci\u00f3n constatada por la SSN, &#8220;realiz\u00f3 numerosas imputaciones que se pueden enumerar de la siguiente manera:<\/span><\/p>\n<ol>\n<li><span><strong>TPC present\u00f3 serios d\u00e9ficits respecto a los capitales m\u00ednimos (del 151% del permitido),<\/strong> sobre coberturas (de $ 116.381.914) y de car\u00e1cter financiero (de $ 334.619.670).<\/span><\/li>\n<li><span>TPC incurri\u00f3 en incumplimientos con varios compromisos con asegurados y damnificados de siniestros, o bien realiz\u00f3 pagos fuera de t\u00e9rmino, lo cual hizo que incurra en <strong>mora autom\u00e1tica<\/strong>. <\/span><span>S\u00famase a ello el hecho que se verific\u00f3 la existencia de <strong>varios juicios con sentencia<\/strong>, con reservas insuficientes y con incumplimiento en la carga del sistema de juicios y mediaciones.<\/span><\/li>\n<li><span>TPC cometi\u00f3 las reiteradas faltas, y tuvo conductas evasivas, e incurri\u00f3 en respuestas dilatorias a las intimaciones cursadas por la SSN. Adem\u00e1s, la Gerencia de Inspecci\u00f3n no pudo cumplir con su cometido, <strong>por encontrarse con las oficinas de TPC Compa\u00f1\u00eda de Seguros S.A. cerradas en varias oportunidades<\/strong>. De hecho, dijo el organismo que no se pudo compulsar los libros y registros de la aseguradora.<\/span><\/li>\n<li><span>TPC ha recurrido al cr\u00e9dito bancario a trav\u00e9s de los saldos bancarios \u2014saldos en descubierto\u2014, cuesti\u00f3n prohibida por el art\u00edculo 29inc. g de la ley 20.091.<\/span><\/li>\n<li><span>En el sistema del <a href=\"https:\/\/www.iprofesional.com\/economia\/437754-banco-central-argentina-elimina-limites-para-ingreso-dolares-por-exportaciones-servicios\" target=\"_blank\" rel=\"noopener noreferrer\">Banco Central<\/a> surge que TPC <strong>registra una situaci\u00f3n de alto grado de insolvencia<\/strong> y\/o de categor\u00eda irrecuperable, adem\u00e1s de una gran cantidad de cheques rechazados por carecer de fondos.<\/span><\/li>\n<li><span>La SSN sostuvo que TPC eludi\u00f3 los circuitos y procedimientos de control interno, evitando el ingreso del dinero a sus cuentas bancarias\u2013violando lo previsto en el art. 29 inc. f de la ley 20.091 \u2014a trav\u00e9s de la operaci\u00f3n de letras LECER \u2014vto. 20.02.24\u2014, recibidas por la venta de las acciones de CESCE v\u00eda operaci\u00f3n SENEBI \u2014entre cuentas comitentes\u2014 y cuyo producido fuera destinado a afrontar un siniestro; todo ello, por fuera del circuito bancario.<\/span><\/li>\n<li><span>Seg\u00fan dijo la SSN, a trav\u00e9s del contrato de comisi\u00f3n celebrado con FICSA S.A. \u2014su principal accionista\u2014, se llev\u00f3 adelante un artilugio para descapitalizar la compa\u00f1\u00eda de seguros.<\/span><\/li>\n<\/ol>\n<p><span>Todos estos \u00edtems llevaron a que el tribunal decidiera <strong>&#8220;rechazar el recurso de apelaci\u00f3n interpuesto por la compa\u00f1\u00eda<\/strong> y confirmar la resoluci\u00f3n de la Superintendencia de Seguros de la Naci\u00f3n N.\u00ba 2024-600-APN-SSN#MEC; y declarar abstractos los recursos de apelaci\u00f3n y queja interpuestos por la aseguradora.<\/span><\/p>\n<h2><span>El reclamo del gremio por despidos<\/span><\/h2>\n<p><span>Desde el&nbsp;<strong>Sindicato del Seguro<\/strong>&nbsp;que conduce&nbsp;<strong>Jorge Sola<\/strong>, se ven\u00eda advirtiendo de las dificultades desde el a\u00f1o 2023.&nbsp;<strong>Hace un a\u00f1o se hab\u00eda declarado en estado de alerta y movilizaci\u00f3n<\/strong>, luego de tomar conocimiento de los despidos efectuados por la empresa TPC del Grupo Campici.<\/span><\/p>\n<p><span><span>En 2023, &#8220;con gran preocupaci\u00f3n tomamos conocimiento sobre <strong>despidos de trabajadoras y trabajadores que la empresa TPC del Grupo Campici&nbsp;ha efectuado<\/strong> en los \u00faltimos d\u00edas del mes de junio&#8221;, <\/span>comenzaba el comunicado difundido por el gremio.<\/span><\/p>\n<p><span>Seg\u00fan la organizaci\u00f3n sindical que conduce el actual secretario de Prensa de la Confederaci\u00f3n General del Trabajo (CGT), desde hace tiempo estuvieron alertando por &#8220;<strong>el rumbo de TPC y Boston<\/strong>&nbsp;con motivo de la quiebra que ven\u00eda atravesando&nbsp;<strong>Escudo Seguros<\/strong>&#8221; y que &#8220;<strong>lamentablemente no nos hemos equivocado.<\/strong><\/span><\/p>\n<\/p><\/div>\n","protected":false},"excerpt":{"rendered":"<p>TPC S.A. se suma a una larga lista de firmas a las que no le cierran los n\u00fameros. Boston, Orbis y Escudo, entre las otras sancionadas 19\/09\/2025 &#8211; 15:48hs TPC S.A., la empresa aseguradora fundada por la familia G\u00f3mez, conducida hasta 2019 por Mauricio Ariel Campici y Carlos Mart\u00edn Lufrano y en el a\u00f1o 2002 [&hellip;]<\/p>\n","protected":false},"author":1,"featured_media":42725,"comment_status":"closed","ping_status":"closed","sticky":false,"template":"","format":"standard","meta":{"om_disable_all_campaigns":false,"_monsterinsights_skip_tracking":false,"_monsterinsights_sitenote_active":false,"_monsterinsights_sitenote_note":"","_monsterinsights_sitenote_category":0},"categories":[20],"tags":[],"aioseo_notices":[],"_links":{"self":[{"href":"https:\/\/economiapoliticacba.com\/index.php?rest_route=\/wp\/v2\/posts\/42724"}],"collection":[{"href":"https:\/\/economiapoliticacba.com\/index.php?rest_route=\/wp\/v2\/posts"}],"about":[{"href":"https:\/\/economiapoliticacba.com\/index.php?rest_route=\/wp\/v2\/types\/post"}],"author":[{"embeddable":true,"href":"https:\/\/economiapoliticacba.com\/index.php?rest_route=\/wp\/v2\/users\/1"}],"replies":[{"embeddable":true,"href":"https:\/\/economiapoliticacba.com\/index.php?rest_route=%2Fwp%2Fv2%2Fcomments&post=42724"}],"version-history":[{"count":0,"href":"https:\/\/economiapoliticacba.com\/index.php?rest_route=\/wp\/v2\/posts\/42724\/revisions"}],"wp:featuredmedia":[{"embeddable":true,"href":"https:\/\/economiapoliticacba.com\/index.php?rest_route=\/wp\/v2\/media\/42725"}],"wp:attachment":[{"href":"https:\/\/economiapoliticacba.com\/index.php?rest_route=%2Fwp%2Fv2%2Fmedia&parent=42724"}],"wp:term":[{"taxonomy":"category","embeddable":true,"href":"https:\/\/economiapoliticacba.com\/index.php?rest_route=%2Fwp%2Fv2%2Fcategories&post=42724"},{"taxonomy":"post_tag","embeddable":true,"href":"https:\/\/economiapoliticacba.com\/index.php?rest_route=%2Fwp%2Fv2%2Ftags&post=42724"}],"curies":[{"name":"wp","href":"https:\/\/api.w.org\/{rel}","templated":true}]}}