{"id":42664,"date":"2025-09-18T15:23:18","date_gmt":"2025-09-18T15:23:18","guid":{"rendered":"https:\/\/cordoba.gob.ar\/?p=81340"},"modified":"2025-09-18T15:23:18","modified_gmt":"2025-09-18T15:23:18","slug":"esta-tarde-en-el-parque-de-las-tejas-q-lokura-djs-4-al-hilo-juegos-sorpresas-y-mucho-mas","status":"publish","type":"post","link":"https:\/\/economiapoliticacba.com\/?p=42664","title":{"rendered":"Esta tarde en el Parque de Las Tejas: Q\u00b4 Lokura, DJs, 4 al hilo, juegos, sorpresas y mucho m\u00e1s"},"content":{"rendered":"<div><img src=\"http:\/\/economiapoliticacba.com\/wp-content\/uploads\/2025\/09\/esta-tarde-en-el-parque-de-las-tejas-q-lokura-djs-4-al-hilo-juegos-sorpresas-y-mucho-mas.png\" class=\"ff-og-image-inserted\"><\/div>\n<ul>\n<li><strong>23Habr\u00e1 corte total en las calles Bolivia, Venezuela, Av. Los Nogales e Ituzaing\u00f3 y Bv. Chacabuco en el sector pr\u00f3ximo al parque.<\/strong><\/li>\n<\/ul>\n<hr>\n<p>En v\u00edsperas de la primavera, esta tarde a partir de las 17:00 horas el Parque de Las Tejas se llenar\u00e1 de m\u00fasica y color en una nueva edici\u00f3n de \u201cC\u00f3rdoba Cerca Tuyo\u201d, evento organizado por el Gobierno de la Provincia y la Municipalidad de C\u00f3rdoba.<\/p>\n<p>La conducci\u00f3n estar\u00e1 a cargo de Mat\u00edas Barzola y el escenario vibrar\u00e1 con la presencia de DJ Cande Lirio, DJ Cabrito, la banda de rock 4 al Hilo, el grupo de cumbia pop Jolgorio y el cierre estar\u00e1 a cargo de Q\u2019Lokura.<\/p>\n<p>Adem\u00e1s, habr\u00e1 juegos, sorpresas y diferentes stands con informaci\u00f3n y asesor\u00eda de diversas \u00e1reas del estado provincial. El Ministerio de Salud tambi\u00e9n contar\u00e1 con una unidad m\u00f3vil para vacunaci\u00f3n, testeos y consejer\u00eda en el marco del Programa de la Embarazada y su Beb\u00e9.<\/p>\n<p><strong>Cortes y desv\u00edos en la zona<\/strong><\/p>\n<p>Con motivo del evento, se dispuso un corte total en las calles Bolivia, Venezuela, Av. Los Nogales e Ituzaing\u00f3 en el sector pr\u00f3ximo al parque. Tambi\u00e9n permanecer\u00e1 interrumpido el tr\u00e1nsito en el tramo de Bv. Chacabuco que bordea al Parque de las Tejas.<\/p>\n<p>Los recorridos del transporte urbano se modificar\u00e1n de la siguiente manera:<\/p>\n<ul>\n<li>L\u00ednea 16-41-66: Concepci\u00f3n Arenal \u2013 Enrique Barros \u2013 Haya de la Torre \u2013 Medina Allende \u2013 su ruta.<\/li>\n<li>L\u00ednea 32: Baigorria \u2013 Av. Cruz Roja \u2013 Av. Nores Mart\u00ednez \u2013 Rotonda Hip\u00f3lito Yrigoyen \u2013 su ruta.<\/li>\n<li>L\u00ednea 41 y 45: Haya de la Torre \u2013 Enrique Barros \u2013 Concepci\u00f3n Arenal \u2013 su ruta.<\/li>\n<li>L\u00ednea 43 (UNC): Concepci\u00f3n Arenal \u2013 Juan Filloy \u2013 Medina Allende \u2013 Haya de la Torre \u2013 Enrique Barros \u2013 su ruta.<\/li>\n<li>L\u00ednea 45: Concepci\u00f3n Arenal \u2013 Enrique Barros \u2013 Haya de la Torre \u2013 Medina Allende \u2013 su ruta.<\/li>\n<li>L\u00edneas 20 \u2013 26 \u2013 71 \u2013 73 \u2013 76: Maestro L\u00f3pez \u2013 Haya de la Torre \u2013 Av. Valpara\u00edso \u2013 Concepci\u00f3n Arenal \u2013 su ruta.<\/li>\n<li>L\u00edneas 20 \u2013 21- 22- 26 \u2013 52- 71 \u2013 73 \u2013 76 \u2013 81 \u2013 600 y 601: Av. Valpara\u00edso \u2013 Haya de la Torre \u2013 su ruta.<\/li>\n<li>L\u00ednea 81: Medina Allende \u2013 Haya de la Torre \u2013 Av. Valpara\u00edso \u2013 su ruta.<\/li>\n<\/ul>\n","protected":false},"excerpt":{"rendered":"<p>23Habr\u00e1 corte total en las calles Bolivia, Venezuela, Av. Los Nogales e Ituzaing\u00f3 y Bv. Chacabuco en el sector pr\u00f3ximo al parque. En v\u00edsperas de la primavera, esta tarde a partir de las 17:00 horas el Parque de Las Tejas se llenar\u00e1 de m\u00fasica y color en una nueva edici\u00f3n de \u201cC\u00f3rdoba Cerca Tuyo\u201d, evento [&hellip;]<\/p>\n","protected":false},"author":1,"featured_media":42665,"comment_status":"closed","ping_status":"closed","sticky":false,"template":"","format":"standard","meta":{"om_disable_all_campaigns":false,"_monsterinsights_skip_tracking":false,"_monsterinsights_sitenote_active":false,"_monsterinsights_sitenote_note":"","_monsterinsights_sitenote_category":0},"categories":[15],"tags":[],"aioseo_notices":[],"_links":{"self":[{"href":"https:\/\/economiapoliticacba.com\/index.php?rest_route=\/wp\/v2\/posts\/42664"}],"collection":[{"href":"https:\/\/economiapoliticacba.com\/index.php?rest_route=\/wp\/v2\/posts"}],"about":[{"href":"https:\/\/economiapoliticacba.com\/index.php?rest_route=\/wp\/v2\/types\/post"}],"author":[{"embeddable":true,"href":"https:\/\/economiapoliticacba.com\/index.php?rest_route=\/wp\/v2\/users\/1"}],"replies":[{"embeddable":true,"href":"https:\/\/economiapoliticacba.com\/index.php?rest_route=%2Fwp%2Fv2%2Fcomments&post=42664"}],"version-history":[{"count":0,"href":"https:\/\/economiapoliticacba.com\/index.php?rest_route=\/wp\/v2\/posts\/42664\/revisions"}],"wp:featuredmedia":[{"embeddable":true,"href":"https:\/\/economiapoliticacba.com\/index.php?rest_route=\/wp\/v2\/media\/42665"}],"wp:attachment":[{"href":"https:\/\/economiapoliticacba.com\/index.php?rest_route=%2Fwp%2Fv2%2Fmedia&parent=42664"}],"wp:term":[{"taxonomy":"category","embeddable":true,"href":"https:\/\/economiapoliticacba.com\/index.php?rest_route=%2Fwp%2Fv2%2Fcategories&post=42664"},{"taxonomy":"post_tag","embeddable":true,"href":"https:\/\/economiapoliticacba.com\/index.php?rest_route=%2Fwp%2Fv2%2Ftags&post=42664"}],"curies":[{"name":"wp","href":"https:\/\/api.w.org\/{rel}","templated":true}]}}