{"id":42656,"date":"2025-09-17T16:12:00","date_gmt":"2025-09-17T16:12:00","guid":{"rendered":"https:\/\/www.iprofesional.com\/legales\/437607-cambio-del-dia-del-empleado-de-comercio-cuando-es-y-como-debe-liquidarse-correctamente"},"modified":"2025-09-17T16:12:00","modified_gmt":"2025-09-17T16:12:00","slug":"cambio-del-dia-del-empleado-de-comercio-cuando-es-y-como-debe-liquidarse-correctamente","status":"publish","type":"post","link":"https:\/\/economiapoliticacba.com\/?p=42656","title":{"rendered":"Cambio del D\u00eda del Empleado de Comercio: cu\u00e1ndo es y c\u00f3mo debe liquidarse correctamente"},"content":{"rendered":"<p><img src=\"http:\/\/economiapoliticacba.com\/wp-content\/uploads\/2025\/09\/cambio-del-dia-del-empleado-de-comercio-cuando-es-y-como-debe-liquidarse-correctamente.jpg\"><\/p>\n<div id>\n<p> El traslado del D\u00eda del Empleado de Comercio 2025 al lunes 29 de septiembre implica ajustes en la planificaci\u00f3n laboral. Qu\u00e9 se debe tener en cuenta <\/p>\n<p><strong>17\/09\/2025<\/strong> &#8211; 13:12hs<\/p>\n<div class=\"image-container img-wide padding-b\"> <picture><source media=\"(max-width:360px)\" srcset=\"https:\/\/resizer.iproimg.com\/unsafe\/360x\/filters:format(webp):quality(85):max_bytes(102400)\/https:\/\/assets.iprofesional.com\/assets\/jpg\/2025\/05\/596247.jpg\" data-srcset=\"https:\/\/resizer.iproimg.com\/unsafe\/360x\/filters:format(webp):quality(85):max_bytes(102400)\/https:\/\/assets.iprofesional.com\/assets\/jpg\/2025\/05\/596247.jpg\" class><source media=\"(max-width:430px)\" srcset=\"https:\/\/resizer.iproimg.com\/unsafe\/360x\/filters:format(webp):quality(85):max_bytes(102400)\/https:\/\/assets.iprofesional.com\/assets\/jpg\/2025\/05\/596247.jpg\" data-srcset=\"https:\/\/resizer.iproimg.com\/unsafe\/360x\/filters:format(webp):quality(85):max_bytes(102400)\/https:\/\/assets.iprofesional.com\/assets\/jpg\/2025\/05\/596247.jpg\" class><source media=\"(max-width:956px)\" srcset=\"https:\/\/resizer.iproimg.com\/unsafe\/640x\/filters:format(webp):quality(85):max_bytes(102400)\/https:\/\/assets.iprofesional.com\/assets\/jpg\/2025\/05\/596247.jpg\" data-srcset=\"https:\/\/resizer.iproimg.com\/unsafe\/640x\/filters:format(webp):quality(85):max_bytes(102400)\/https:\/\/assets.iprofesional.com\/assets\/jpg\/2025\/05\/596247.jpg\" class><img loading=\"lazy\" src=\"http:\/\/economiapoliticacba.com\/wp-content\/uploads\/2025\/09\/cambio-del-dia-del-empleado-de-comercio-cuando-es-y-como-debe-liquidarse-correctamente.webp\" data-src=\"http:\/\/economiapoliticacba.com\/wp-content\/uploads\/2025\/09\/cambio-del-dia-del-empleado-de-comercio-cuando-es-y-como-debe-liquidarse-correctamente.webp\" class alt=\"d\u00eda del empleado de comercio\" width=\"1280px\" height=\"720px\" fetchpriority=\"high\"> <\/picture> <\/div><\/div>\n<div readability=\"87.936447582835\">\n<p>El <strong>D\u00eda del Empleado de Comercio 2025<\/strong> se celebrar\u00e1 este a\u00f1o el <strong>lunes 29 de septiembre<\/strong>, en lugar del viernes 26, seg\u00fan lo establecido en el acuerdo firmado el 27 de agosto bajo el <strong>Convenio Colectivo de Trabajo 130\/75<\/strong>.<\/p>\n<p>Este d\u00eda tiene car\u00e1cter de&nbsp;<strong>feriado nacional para los trabajadores del sector<\/strong>, por lo que la liquidaci\u00f3n salarial debe realizarse aplicando las disposiciones previstas en el <strong>art\u00edculo 166 de la Ley de Contrato de Trabajo (LCT)<\/strong>.<\/p>\n<h2>C\u00f3mo se paga el D\u00eda del Empleado de Comercio 2025<\/h2>\n<p>Las reglas de liquidaci\u00f3n son las mismas que para cualquier feriado en Argentina:<\/p>\n<ul readability=\"1.5\">\n<li readability=\"0\">\n<p><strong>Si no se trabaja<\/strong>: el empleado cobra su <strong>salario habitual<\/strong>, sin descuentos.<\/p>\n<\/li>\n<li readability=\"1\">\n<p><strong>Si se trabaja<\/strong>: corresponde abonar el <strong>salario normal m\u00e1s otro igual<\/strong>, es decir, el doble.<\/p>\n<\/li>\n<li readability=\"-1\">\n<p><strong>No existe descanso compensatorio adicional<\/strong> si el trabajador presta servicio en esa fecha.<\/p>\n<\/li>\n<\/ul>\n<h2>Requisitos para cobrar el feriado de Comercio<\/h2>\n<p>Para tener derecho al pago, el empleado debe cumplir al menos una de las siguientes condiciones:<\/p>\n<ul readability=\"-0.5\">\n<li readability=\"-1\">\n<p>Haber trabajado <strong>48 horas o seis jornadas<\/strong> en los diez d\u00edas h\u00e1biles anteriores.<\/p>\n<\/li>\n<li readability=\"0\">\n<p>Haber prestado tareas la <strong>v\u00edspera h\u00e1bil del feriado<\/strong> y al menos un d\u00eda en los cinco h\u00e1biles posteriores.<\/p>\n<\/li>\n<\/ul>\n<h2>C\u00f3mo calcular el pago seg\u00fan la modalidad laboral<\/h2>\n<p>La liquidaci\u00f3n var\u00eda de acuerdo con el tipo de contrataci\u00f3n del trabajador:<\/p>\n<ul readability=\"3\">\n<li readability=\"0\">\n<p><strong>Mensualizados<\/strong>: corresponde el salario del d\u00eda m\u00e1s otro igual, calculado como <strong>sueldo\/25<\/strong>.<\/p>\n<\/li>\n<li readability=\"1\">\n<p><strong>Jornaleros o por hora<\/strong>: se paga el valor habitual del d\u00eda trabajado m\u00e1s otro igual, tomando como base la jornada anterior.<\/p>\n<\/li>\n<li readability=\"0\">\n<p><strong>Por comisi\u00f3n o variables<\/strong>: se liquida con el <strong>promedio de lo percibido en los \u00faltimos 30 d\u00edas trabajados<\/strong>.<\/p>\n<\/li>\n<li readability=\"-1\">\n<p><strong>Destajistas<\/strong>: se aplica el <strong>promedio de lo ganado en los \u00faltimos seis d\u00edas laborados<\/strong>.<\/p>\n<\/li>\n<\/ul>\n<p>El traslado del <strong>D\u00eda del Empleado de Comercio 2025<\/strong> al lunes 29 de septiembre implica ajustes en la <strong>planificaci\u00f3n laboral, la organizaci\u00f3n de turnos y la liquidaci\u00f3n de sueldos<\/strong>. Conocer el c\u00e1lculo correcto de este feriado es fundamental para evitar errores en la n\u00f3mina y asegurar el <strong>cumplimiento de la normativa vigente, <\/strong>indican desde Arizmendi.<\/p>\n<h2>Aumento salarial y bono: \u00bfqu\u00e9 cambia para el empleado de comercio en septiembre 2025?<\/h2>\n<p>Adem\u00e1s del traslado del feriado, septiembre viene con buenas noticias para los trabajadores del sector. Por un lado, contin\u00faa vigente el bono mensual no remunerativo de <strong>$40.000<\/strong>, acordado en la \u00faltima paritaria, que<strong> se paga de julio a diciembre 2025 junto con el sueldo habitual<\/strong>. Aunque no forma parte del <a href=\"https:\/\/www.iprofesional.com\/economia\/437211-hugo-moyano-cerro-aumento-de-sueldo-para-camioneros-que-fue-celebrado-por-gobierno-javier-milei\" target=\"_blank\" title=\"Moyano cerr\u00f3 un aumento de sueldo para Camioneros que fue celebrado por el Gobierno\" rel=\"noopener noreferrer\"><strong>salario b\u00e1sico<\/strong><\/a>, se prev\u00e9 que en diciembre pase a integrarse al sueldo, consolidando un aumento permanente.<\/p>\n<p>Por otro lado, en septiembre se aplica la tercera cuota del aumento paritario anual, con un <strong>1%<\/strong> adicional sobre el salario base. Sumado al bono, esto significa que los empleados de comercio tendr\u00e1n ingresos superiores respecto a meses anteriores.<\/p>\n<p>Los salarios brutos de referencia para jornada completa en septiembre 2025 quedan as\u00ed:<\/p>\n<ul>\n<li>Maestranza A: <strong>$1.055.954<\/strong><\/li>\n<li>Administrativo A: <strong>$1.066.994<\/strong><\/li>\n<li>Cajero A: <strong>$1.070.672<\/strong><\/li>\n<li>Auxiliar C: <strong>$1.102.325<\/strong><\/li>\n<li>Vendedor D: <strong>$1.116.311<\/strong><\/li>\n<\/ul>\n<p>A todos estos montos se suma el bono de <strong>$40.000.<\/strong><\/p>\n<h2>Empleado de comercio: \u00bfqui\u00e9nes deciden abrir o cerrar el 29 de septiembre?<\/h2>\n<p>La ley no obliga al cierre de los <a href=\"https:\/\/www.iprofesional.com\/impuestos\/437059-empleados-de-comercio-que-sueldo-cobraran-por-categoria-con-aumento\" target=\"_blank\" title=\"Paritaria de empleados de comercio: el aumento salarial que se cobra en septiembre, categor\u00eda por categor\u00eda\" rel=\"noopener noreferrer\"><strong>comercios<\/strong><\/a>. Sin embargo, los empleados tienen derecho a no trabajar ese d\u00eda y cobrar su <strong>sueldo<\/strong> completo, o a trabajar con pago doble, si as\u00ed lo acuerdan con el empleador.<\/p>\n<p>Los locales podr\u00e1n abrir sus puertas siempre que los due\u00f1os atiendan o que haya personal dispuesto a trabajar con la correspondiente remuneraci\u00f3n extra. La organizaci\u00f3n queda en manos de cada comercio, aunque la FAECyS y las c\u00e1maras empresariales supervisar\u00e1n que se cumpla la normativa.<\/p>\n<\/p><\/div>\n","protected":false},"excerpt":{"rendered":"<p>El traslado del D\u00eda del Empleado de Comercio 2025 al lunes 29 de septiembre implica ajustes en la planificaci\u00f3n laboral. Qu\u00e9 se debe tener en cuenta 17\/09\/2025 &#8211; 13:12hs El D\u00eda del Empleado de Comercio 2025 se celebrar\u00e1 este a\u00f1o el lunes 29 de septiembre, en lugar del viernes 26, seg\u00fan lo establecido en el [&hellip;]<\/p>\n","protected":false},"author":1,"featured_media":42657,"comment_status":"closed","ping_status":"closed","sticky":false,"template":"","format":"standard","meta":{"om_disable_all_campaigns":false,"_monsterinsights_skip_tracking":false,"_monsterinsights_sitenote_active":false,"_monsterinsights_sitenote_note":"","_monsterinsights_sitenote_category":0},"categories":[20],"tags":[],"aioseo_notices":[],"_links":{"self":[{"href":"https:\/\/economiapoliticacba.com\/index.php?rest_route=\/wp\/v2\/posts\/42656"}],"collection":[{"href":"https:\/\/economiapoliticacba.com\/index.php?rest_route=\/wp\/v2\/posts"}],"about":[{"href":"https:\/\/economiapoliticacba.com\/index.php?rest_route=\/wp\/v2\/types\/post"}],"author":[{"embeddable":true,"href":"https:\/\/economiapoliticacba.com\/index.php?rest_route=\/wp\/v2\/users\/1"}],"replies":[{"embeddable":true,"href":"https:\/\/economiapoliticacba.com\/index.php?rest_route=%2Fwp%2Fv2%2Fcomments&post=42656"}],"version-history":[{"count":0,"href":"https:\/\/economiapoliticacba.com\/index.php?rest_route=\/wp\/v2\/posts\/42656\/revisions"}],"wp:featuredmedia":[{"embeddable":true,"href":"https:\/\/economiapoliticacba.com\/index.php?rest_route=\/wp\/v2\/media\/42657"}],"wp:attachment":[{"href":"https:\/\/economiapoliticacba.com\/index.php?rest_route=%2Fwp%2Fv2%2Fmedia&parent=42656"}],"wp:term":[{"taxonomy":"category","embeddable":true,"href":"https:\/\/economiapoliticacba.com\/index.php?rest_route=%2Fwp%2Fv2%2Fcategories&post=42656"},{"taxonomy":"post_tag","embeddable":true,"href":"https:\/\/economiapoliticacba.com\/index.php?rest_route=%2Fwp%2Fv2%2Ftags&post=42656"}],"curies":[{"name":"wp","href":"https:\/\/api.w.org\/{rel}","templated":true}]}}