{"id":42571,"date":"2025-09-15T10:25:00","date_gmt":"2025-09-15T10:25:00","guid":{"rendered":"https:\/\/www.iprofesional.com\/actualidad\/437311-certificado-de-discapacidad-2025-cuales-son-los-nuevos-requisitos-para-renovar-el-cud"},"modified":"2025-09-15T10:25:00","modified_gmt":"2025-09-15T10:25:00","slug":"cud-2025-todo-lo-que-hay-que-saber-sobre-la-renovacion-del-certificado-unico-de-discapacidad","status":"publish","type":"post","link":"https:\/\/economiapoliticacba.com\/?p=42571","title":{"rendered":"CUD 2025: Todo lo que hay que saber sobre la renovaci\u00f3n del Certificado \u00danico de Discapacidad"},"content":{"rendered":"<p><img src=\"http:\/\/economiapoliticacba.com\/wp-content\/uploads\/2025\/09\/cud-2025-todo-lo-que-hay-que-saber-sobre-la-renovacion-del-certificado-unico-de-discapacidad.jpg\"><\/p>\n<div id>\n<p> Toda la informaci\u00f3n sobre la pr\u00f3rroga del CUD 2025, turnos en Juntas Evaluadoras, documentaci\u00f3n necesaria y acceso a beneficios <\/p>\n<p><strong>15\/09\/2025<\/strong> &#8211; 07:25hs<\/p>\n<div class=\"image-container img-wide padding-b\"> <picture><source media=\"(max-width:360px)\" srcset=\"https:\/\/resizer.iproimg.com\/unsafe\/360x\/filters:format(webp):quality(85):max_bytes(102400)\/https:\/\/assets.iprofesional.com\/assets\/jpg\/2023\/02\/549835.jpg\" data-srcset=\"https:\/\/resizer.iproimg.com\/unsafe\/360x\/filters:format(webp):quality(85):max_bytes(102400)\/https:\/\/assets.iprofesional.com\/assets\/jpg\/2023\/02\/549835.jpg\" class><source media=\"(max-width:430px)\" srcset=\"https:\/\/resizer.iproimg.com\/unsafe\/360x\/filters:format(webp):quality(85):max_bytes(102400)\/https:\/\/assets.iprofesional.com\/assets\/jpg\/2023\/02\/549835.jpg\" data-srcset=\"https:\/\/resizer.iproimg.com\/unsafe\/360x\/filters:format(webp):quality(85):max_bytes(102400)\/https:\/\/assets.iprofesional.com\/assets\/jpg\/2023\/02\/549835.jpg\" class><source media=\"(max-width:956px)\" srcset=\"https:\/\/resizer.iproimg.com\/unsafe\/640x\/filters:format(webp):quality(85):max_bytes(102400)\/https:\/\/assets.iprofesional.com\/assets\/jpg\/2023\/02\/549835.jpg\" data-srcset=\"https:\/\/resizer.iproimg.com\/unsafe\/640x\/filters:format(webp):quality(85):max_bytes(102400)\/https:\/\/assets.iprofesional.com\/assets\/jpg\/2023\/02\/549835.jpg\" class><img loading=\"lazy\" src=\"http:\/\/economiapoliticacba.com\/wp-content\/uploads\/2025\/09\/cud-2025-todo-lo-que-hay-que-saber-sobre-la-renovacion-del-certificado-unico-de-discapacidad.webp\" data-src=\"http:\/\/economiapoliticacba.com\/wp-content\/uploads\/2025\/09\/cud-2025-todo-lo-que-hay-que-saber-sobre-la-renovacion-del-certificado-unico-de-discapacidad.webp\" class alt=\"Certificado de Discapacidad 2025: cu\u00e1les son los nuevos requisitos para renovar el CUD\" width=\"1280px\" height=\"720px\" fetchpriority=\"high\"> <\/picture> <\/div><\/div>\n<div readability=\"119.83263921024\">\n<p>La <strong>Agencia Nacional de Discapacidad (ANDIS)<\/strong> anunci\u00f3 modificaciones en los requisitos para la renovaci\u00f3n del <a href=\"https:\/\/www.iprofesional.com\/actualidad\/437199-pension-discapacidad-estas-son-enfermedades-que-permiten-solicitarla-2025-com-acceder\" target=\"_blank\" title=\"discapacidad\" rel=\"noopener noreferrer\">Certificado \u00danico de Discapacidad (CUD)<\/a> en 2025. La Resoluci\u00f3n 2520\/2024 establece medidas para garantizar el pleno ejercicio de derechos de las personas con discapacidad y promover su inclusi\u00f3n social.<\/p>\n<p>Seg\u00fan el Bolet\u00edn Oficial, los CUD con fecha de renovaci\u00f3n entre el 1 de enero y el 31 de diciembre de 2025 contar\u00e1n con una <strong>pr\u00f3rroga autom\u00e1tica de un a\u00f1o.<\/strong> Esta extensi\u00f3n ser\u00e1 v\u00e1lida hasta la misma fecha de 2026 y se aplica tanto a certificados en papel como digitales.<\/p>\n<p>Los certificados cuyo vencimiento corresponda a 2022, 2023 o 2024 deber\u00e1n renovarse durante 2025<strong>, ya que no est\u00e1n incluidos en la pr\u00f3rroga<\/strong>. La medida busca evitar la saturaci\u00f3n de turnos en las Juntas Evaluadoras y facilitar que los titulares realicen el tr\u00e1mite sin inconvenientes.<\/p>\n<p>Para la renovaci\u00f3n, los titulares deben solicitar un turno en la <strong>Junta Evaluadora<\/strong> correspondiente a su domicilio, siguiendo las instrucciones de la ANDIS.<\/p>\n<h2>Tipos de discapacidad reconocidos para el CUD en 2025<\/h2>\n<p>El CUD acredita la condici\u00f3n de discapacidad y <a href=\"https:\/\/www.iprofesional.com\/salud\/436769-suspension-de-bajas-de-pensiones-por-discapacidad-tras-el-escandalo-en-andis\" target=\"_blank\" title=\"cud\" rel=\"noopener noreferrer\">permite acceder a distintos<strong> beneficios<\/strong>. <\/a>Las categor\u00edas reconocidas por la ANDIS en 2025 son:<\/p>\n<ul>\n<li>Intelectual y mental.<\/li>\n<li>Visual.<\/li>\n<li>Motor.<\/li>\n<li>Auditivo.<\/li>\n<li>Respiratorio.<\/li>\n<li>Cardiovascular.<\/li>\n<li>Renal urol\u00f3gico.<\/li>\n<li>Digestivo y hep\u00e1tico.<\/li>\n<\/ul>\n<p>Cada categor\u00eda requiere documentaci\u00f3n espec\u00edfica y, en algunos casos, estudios adicionales solicitados por la <a href=\"https:\/\/www.iprofesional.com\/actualidad\/436621-anses-aumenta-asignaciones-familiares-septiembre-2025-cuales-son-nuevos-montos-y-topes\" target=\"_blank\" title=\"discapacidad\" rel=\"noopener noreferrer\"><strong>Junta Evaluadora <\/strong>para completar la evaluaci\u00f3n.<\/a><\/p>\n<h2>C\u00f3mo obtener el Certificado \u00danico de Discapacidad<\/h2>\n<p>El CUD es un documento gratuito que se otorga tras una evaluaci\u00f3n realizada por un <strong>equipo multidisciplinario de profesionales<\/strong>. La documentaci\u00f3n requerida var\u00eda seg\u00fan el tipo de discapacidad y puede consultarse en el portal oficial de la ANDIS.<\/p>\n<p>Si la informaci\u00f3n presentada no es concluyente, la Junta Evaluadora puede solicitar estudios adicionales.<a href=\"https:\/\/www.iprofesional.com\/impuestos\/434978-pension-por-invalidez-laboral-como-se-calcula-requisitos-clave-y-cuanto-paga-anses\" target=\"_blank\" title=\"discapacidad\" rel=\"noopener noreferrer\"> Esto garantiza que el<strong> CUD<\/strong> se otorgue solo a quienes cumplan con los criterios establecidos por la normativa vigente.<\/a><\/p>\n<h2>Beneficios del Certificado \u00danico de Discapacidad<\/h2>\n<p>El<strong> CUD<\/strong> otorga acceso a diferentes beneficios, entre los que se incluyen:<\/p>\n<ul>\n<li>Cobertura total del Sistema de Prestaciones B\u00e1sicas, que incluye tratamientos m\u00e9dicos, rehabilitaci\u00f3n, apoyos educativos y pr\u00f3tesis.<\/li>\n<li>Acceso gratuito al transporte p\u00fablico nacional, incluyendo trenes, subtes, colectivos y micros de corta y larga distancia.<\/li>\n<li>Uso del S\u00edmbolo Internacional de Acceso, que permite libre tr\u00e1nsito y estacionamiento.<\/li>\n<li>Asignaciones familiares para personas con discapacidad.<\/li>\n<li>Exenci\u00f3n de determinadas tasas municipales.<\/li>\n<li>Beneficios para la adquisici\u00f3n de veh\u00edculos adaptados.<\/li>\n<\/ul>\n<h2>Procedimiento de renovaci\u00f3n y gesti\u00f3n de turnos<\/h2>\n<p>La pr\u00f3rroga autom\u00e1tica para los CUD con vencimiento en 2025 busca reducir la <strong>demanda inmediata de turnos <\/strong>y asegurar que los titulares puedan renovar el certificado sin generar aglomeraciones.<\/p>\n<p>Quienes deban r<strong>enovar certificados <\/strong>de a\u00f1os anteriores a 2025 deber\u00e1n gestionar el turno con anticipaci\u00f3n, ya que no cuentan con la extensi\u00f3n autom\u00e1tica de vigencia. El tr\u00e1mite incluye la presentaci\u00f3n de documentaci\u00f3n m\u00e9dica y, en algunos casos, evaluaciones adicionales por parte de profesionales de distintas disciplinas.<\/p>\n<p>El CUD puede emitirse en formato digital, permitiendo a los titulares presentar el certificado en organismos p\u00fablicos y privados desde dispositivos electr\u00f3nicos. La<strong> ANDIS <\/strong>garantiza la equivalencia legal entre el CUD digital y el formato papel, ofreciendo as\u00ed mayor flexibilidad y accesibilidad para quienes tengan limitaciones de movilidad.<\/p>\n<h2>Documentaci\u00f3n m\u00e9dica y estudios complementarios<\/h2>\n<p>La evaluaci\u00f3n para obtener o renovar el <strong>CUD <\/strong>requiere la presentaci\u00f3n de informes m\u00e9dicos, estudios cl\u00ednicos y certificados emitidos por profesionales habilitados.<\/p>\n<p>Cuando la informaci\u00f3n inicial no permite verificar completamente la condici\u00f3n de discapacidad, la <strong>Junta Evaluadora<\/strong> puede solicitar estudios adicionales. Esta medida asegura que el CUD refleje con precisi\u00f3n la situaci\u00f3n del titular y que los beneficios se otorguen correctamente.<\/p>\n<p>Las medidas implementadas por la<strong> ANDIS<\/strong> buscan simplificar la gesti\u00f3n del CUD y garantizar que todos los titulares puedan ejercer plenamente sus derechos. La entidad continuar\u00e1 supervisando los procedimientos de renovaci\u00f3n y publicar\u00e1 comunicados oficiales con instrucciones detalladas para cada tipo de tr\u00e1mite.<\/p>\n<p>Se prev\u00e9 que estas acciones contribuyan a reducir la saturaci\u00f3n de turnos en las Juntas Evaluadoras y faciliten el acceso a los b<strong>eneficios disponibles<\/strong> para las personas con discapacidad.<\/p>\n<h2>Estas son las enfermedades que pueden justificar una pensi\u00f3n por incapacidad<\/h2>\n<p>Aunque el Gobierno no cuenta con un listado cerrado de enfermedades que garanticen el acceso autom\u00e1tico a una Pensi\u00f3n No Contributiva por Invalidez, existen<span>&nbsp;<\/span><strong>patolog\u00edas recurrentes<span>&nbsp;<\/span><\/strong>que suelen ser aceptadas por la Agencia Nacional de Discapacidad (ANDIS),<span>&nbsp;<\/span><strong>seg\u00fan el grado de afectaci\u00f3n y la evaluaci\u00f3n m\u00e9dica correspondiente.<span>&nbsp;<\/span><\/strong>Entre las condiciones de salud que con frecuencia justifican la pensi\u00f3n se encuentran:<\/p>\n<ul>\n<li>Alzheimer<\/li>\n<li>Arterioesclerosis<\/li>\n<li>Artritis Reumatoide<\/li>\n<li>Artrosis<\/li>\n<li>C\u00e1ncer (en general y c\u00e1ncer de pulm\u00f3n)<\/li>\n<li>Colitis Ulcerosa<\/li>\n<li>Demencia<\/li>\n<li>Enfisema Pulmonar<\/li>\n<li>Epilepsia<\/li>\n<li>Esclerosis M\u00faltiple<\/li>\n<li>Fibrilaci\u00f3n Auricular<\/li>\n<li>Glaucoma<\/li>\n<li>Hernia Cervical<\/li>\n<li>Hipertensi\u00f3n Pulmonar<\/li>\n<li>Hipoacusia (disminuci\u00f3n auditiva)<\/li>\n<li>Insuficiencia Mitral<\/li>\n<li>Insuficiencia Renal Cr\u00f3nica<\/li>\n<li>Lumbalgia cr\u00f3nica<\/li>\n<li>Lupus Eritematoso Sist\u00e9mico<\/li>\n<li>Miastenia Gravis<\/li>\n<li>Mal de Parkinson<\/li>\n<li>Patolog\u00edas severas en las manos<\/li>\n<li>P\u00e9rdida de visi\u00f3n<\/li>\n<li>S\u00edndrome de Arnold-Chiari<\/li>\n<\/ul>\n<h2>C\u00f3mo pedir una pensi\u00f3n por discapacidad en Argentina<\/h2>\n<p>Solicitar una<span>&nbsp;<\/span><strong>pensi\u00f3n por discapacidad<span>&nbsp;<\/span><\/strong>en Argentina es un proceso que puede resultar complejo, ya que requiere cumplir con requisitos m\u00e9dicos, sociales y administrativos.<\/p>\n<p><span>El beneficio es gestionado a trav\u00e9s de la Agencia Nacional de Discapacidad (ANDIS) y apunta a personas que, por su condici\u00f3n, no logran insertarse plenamente en el mercado laboral.<\/span><\/p>\n<p>Para acceder a la pensi\u00f3n no contributiva por invalidez es necesario:<\/p>\n<ul>\n<li>Tener una discapacidad que implique una reducci\u00f3n del 76% o m\u00e1s en la capacidad laboral.<\/li>\n<li>No percibir jubilaci\u00f3n, pensi\u00f3n ni retiro de car\u00e1cter contributivo.<\/li>\n<li>No contar con ingresos ni bienes que permitan la subsistencia propia.<\/li>\n<li>Ser argentino nativo o naturalizado con al menos 5 a\u00f1os de residencia, o extranjero con m\u00e1s de 20 a\u00f1os de residencia en el pa\u00eds.<\/li>\n<\/ul><\/div>\n","protected":false},"excerpt":{"rendered":"<p>Toda la informaci\u00f3n sobre la pr\u00f3rroga del CUD 2025, turnos en Juntas Evaluadoras, documentaci\u00f3n necesaria y acceso a beneficios 15\/09\/2025 &#8211; 07:25hs La Agencia Nacional de Discapacidad (ANDIS) anunci\u00f3 modificaciones en los requisitos para la renovaci\u00f3n del Certificado \u00danico de Discapacidad (CUD) en 2025. La Resoluci\u00f3n 2520\/2024 establece medidas para garantizar el pleno ejercicio de [&hellip;]<\/p>\n","protected":false},"author":1,"featured_media":42572,"comment_status":"closed","ping_status":"closed","sticky":false,"template":"","format":"standard","meta":{"om_disable_all_campaigns":false,"_monsterinsights_skip_tracking":false,"_monsterinsights_sitenote_active":false,"_monsterinsights_sitenote_note":"","_monsterinsights_sitenote_category":0},"categories":[20],"tags":[],"aioseo_notices":[],"_links":{"self":[{"href":"https:\/\/economiapoliticacba.com\/index.php?rest_route=\/wp\/v2\/posts\/42571"}],"collection":[{"href":"https:\/\/economiapoliticacba.com\/index.php?rest_route=\/wp\/v2\/posts"}],"about":[{"href":"https:\/\/economiapoliticacba.com\/index.php?rest_route=\/wp\/v2\/types\/post"}],"author":[{"embeddable":true,"href":"https:\/\/economiapoliticacba.com\/index.php?rest_route=\/wp\/v2\/users\/1"}],"replies":[{"embeddable":true,"href":"https:\/\/economiapoliticacba.com\/index.php?rest_route=%2Fwp%2Fv2%2Fcomments&post=42571"}],"version-history":[{"count":0,"href":"https:\/\/economiapoliticacba.com\/index.php?rest_route=\/wp\/v2\/posts\/42571\/revisions"}],"wp:featuredmedia":[{"embeddable":true,"href":"https:\/\/economiapoliticacba.com\/index.php?rest_route=\/wp\/v2\/media\/42572"}],"wp:attachment":[{"href":"https:\/\/economiapoliticacba.com\/index.php?rest_route=%2Fwp%2Fv2%2Fmedia&parent=42571"}],"wp:term":[{"taxonomy":"category","embeddable":true,"href":"https:\/\/economiapoliticacba.com\/index.php?rest_route=%2Fwp%2Fv2%2Fcategories&post=42571"},{"taxonomy":"post_tag","embeddable":true,"href":"https:\/\/economiapoliticacba.com\/index.php?rest_route=%2Fwp%2Fv2%2Ftags&post=42571"}],"curies":[{"name":"wp","href":"https:\/\/api.w.org\/{rel}","templated":true}]}}