{"id":42486,"date":"2025-09-14T02:50:00","date_gmt":"2025-09-14T02:50:00","guid":{"rendered":"https:\/\/canalshowsport.com.ar\/?p=468099"},"modified":"2025-09-14T02:50:00","modified_gmt":"2025-09-14T02:50:00","slug":"en-su-casa-instituto-recibe-a-argentinos-juniors-hora-tv-y-posibles-formaciones","status":"publish","type":"post","link":"https:\/\/economiapoliticacba.com\/?p=42486","title":{"rendered":"En su casa, Instituto recibe a Argentinos Juniors: hora, TV y posibles formaciones"},"content":{"rendered":"<p><a href=\"https:\/\/canalshowsport.com.ar\/con-dos-bajas-los-convocados-de-instituto-para-recibir-a-argentinos\/\" data-type=\"link\" data-id=\"https:\/\/canalshowsport.com.ar\/con-dos-bajas-los-convocados-de-instituto-para-recibir-a-argentinos\/\">Instituto <\/a>recibe a Argentinos Juniors por la fecha ocho del Torneo Clausura este domingo desde las 15.00hs. Los de Daniel Oldr\u00e1 buscar\u00e1n cortar con la racha negativa, para alejarse de la zona baja de su grupo.<\/p>\n<p>El encuentro ser\u00e1 televisado por <em>ESPN<\/em> y ser\u00e1 uno de los encuentros liberados de la jornada. Nazareno Araza ser\u00e1 el encargado de impartir justicia. <\/p>\n<figure class=\"wp-block-image size-full is-resized\"><img loading=\"lazy\" fetchpriority=\"high\" decoding=\"async\" width=\"1600\" height=\"1068\" src=\"http:\/\/economiapoliticacba.com\/wp-content\/uploads\/2025\/09\/en-su-casa-instituto-recibe-a-argentinos-juniors-hora-tv-y-posibles-formaciones.jpg\" alt=\"En su casa, Instituto recibe a Argentinos Juniors: hora, TV y posibles formaciones | Canal Showsport\" class=\"wp-image-468101\" srcset=\"http:\/\/economiapoliticacba.com\/wp-content\/uploads\/2025\/09\/en-su-casa-instituto-recibe-a-argentinos-juniors-hora-tv-y-posibles-formaciones.jpg 1600w, http:\/\/economiapoliticacba.com\/wp-content\/uploads\/2025\/09\/en-su-casa-instituto-recibe-a-argentinos-juniors-hora-tv-y-posibles-formaciones-2.jpg 768w, http:\/\/economiapoliticacba.com\/wp-content\/uploads\/2025\/09\/en-su-casa-instituto-recibe-a-argentinos-juniors-hora-tv-y-posibles-formaciones-3.jpg 1536w, http:\/\/economiapoliticacba.com\/wp-content\/uploads\/2025\/09\/en-su-casa-instituto-recibe-a-argentinos-juniors-hora-tv-y-posibles-formaciones-4.jpg 24w, http:\/\/economiapoliticacba.com\/wp-content\/uploads\/2025\/09\/en-su-casa-instituto-recibe-a-argentinos-juniors-hora-tv-y-posibles-formaciones-5.jpg 36w, http:\/\/economiapoliticacba.com\/wp-content\/uploads\/2025\/09\/en-su-casa-instituto-recibe-a-argentinos-juniors-hora-tv-y-posibles-formaciones-6.jpg 48w, http:\/\/economiapoliticacba.com\/wp-content\/uploads\/2025\/09\/en-su-casa-instituto-recibe-a-argentinos-juniors-hora-tv-y-posibles-formaciones-7.jpg 750w, http:\/\/economiapoliticacba.com\/wp-content\/uploads\/2025\/09\/en-su-casa-instituto-recibe-a-argentinos-juniors-hora-tv-y-posibles-formaciones-8.jpg 1140w\" sizes=\"(max-width: 1600px) 100vw, 1600px\"><figcaption class=\"wp-element-caption\"><em>Foto: Prensa Instituto<\/em><\/figcaption><\/figure>\n<p>El conjunto albirrojo milita en el puesto 13 del Grupo B con 6 unidades producto de un triunfo, tres empates y tres derrotas. La \u00faltima vez que Instituto sum\u00f3 de a tres fue en la primera fecha del torneo ante Gimnasia.<\/p>\n<p>El \u00faltimo duelo fue un 0-0 ante Independiente, en condici\u00f3n de local.<\/p>\n<p>Por su parte, Argentinos Juniors llega a este compromiso tras caer ante la Lepra Mendocina por 2-1. El Bicho de la Paternal se ubica en el onceavo lugar de la Zona A con 8 puntos conseguidos tras dos triunfos, dos empates y tres derrotas. <\/p>\n<h3 class=\"wp-block-heading\">Posibles formaciones<\/h3>\n<p><strong><a href=\"https:\/\/canalshowsport.com.ar\/con-dos-bajas-los-convocados-de-instituto-para-recibir-a-argentinos\/\" data-type=\"link\" data-id=\"https:\/\/canalshowsport.com.ar\/con-dos-bajas-los-convocados-de-instituto-para-recibir-a-argentinos\/\">Instituto<\/a><\/strong>: Manuel Roffo; Juan Franco o Emanuel Beltr\u00e1n, Nicol\u00e1s Zalazar, Fernando Alarc\u00f3n y El\u00edas Pereyra; Francis Mac Allister, Stefano Moreyra y Gast\u00f3n Lodico; Alex Luna y Dami\u00e1n Puebla; Nicol\u00e1s Cordero DT: Daniel Oldr\u00e1.<\/p>\n<p><strong>Argentinos Juniors<\/strong>: Diego Rodr\u00edguez; Leandro Lozano, Erick Godoy, Francisco \u00c1lvarez y Sebasti\u00e1n Prieto; Alan Lescano, Federico Fattori, Hern\u00e1n L\u00f3pez; Mat\u00edas Gim\u00e9nez, Tom\u00e1s Molina y Lautaro Giaccone. DT: Nicol\u00e1s Diez.<\/p>\n<h3 class=\"wp-block-heading\">Instituto vs Argentinos Juniors<\/h3>\n<p>&#8211; Domingo 14 de septiembre<\/p>\n<p>&#8211; Hora: 15.00hs<\/p>\n<p>&#8211; TV: ESPN<\/p>\n<p>&#8211; \u00c1rbitro: Nazareno Araza<\/p>\n<p>&#8211; Estadio: Monumental Presidente Per\u00f3n<\/p>\n","protected":false},"excerpt":{"rendered":"<p>Instituto recibe a Argentinos Juniors por la fecha ocho del Torneo Clausura este domingo desde las 15.00hs. Los de Daniel Oldr\u00e1 buscar\u00e1n cortar con la racha negativa, para alejarse de la zona baja de su grupo. El encuentro ser\u00e1 televisado por ESPN y ser\u00e1 uno de los encuentros liberados de la jornada. Nazareno Araza ser\u00e1 [&hellip;]<\/p>\n","protected":false},"author":1,"featured_media":42487,"comment_status":"closed","ping_status":"closed","sticky":false,"template":"","format":"standard","meta":{"om_disable_all_campaigns":false,"_monsterinsights_skip_tracking":false,"_monsterinsights_sitenote_active":false,"_monsterinsights_sitenote_note":"","_monsterinsights_sitenote_category":0},"categories":[16,42],"tags":[477,759,1619,1400,63,2865,2192],"aioseo_notices":[],"_links":{"self":[{"href":"https:\/\/economiapoliticacba.com\/index.php?rest_route=\/wp\/v2\/posts\/42486"}],"collection":[{"href":"https:\/\/economiapoliticacba.com\/index.php?rest_route=\/wp\/v2\/posts"}],"about":[{"href":"https:\/\/economiapoliticacba.com\/index.php?rest_route=\/wp\/v2\/types\/post"}],"author":[{"embeddable":true,"href":"https:\/\/economiapoliticacba.com\/index.php?rest_route=\/wp\/v2\/users\/1"}],"replies":[{"embeddable":true,"href":"https:\/\/economiapoliticacba.com\/index.php?rest_route=%2Fwp%2Fv2%2Fcomments&post=42486"}],"version-history":[{"count":0,"href":"https:\/\/economiapoliticacba.com\/index.php?rest_route=\/wp\/v2\/posts\/42486\/revisions"}],"wp:featuredmedia":[{"embeddable":true,"href":"https:\/\/economiapoliticacba.com\/index.php?rest_route=\/wp\/v2\/media\/42487"}],"wp:attachment":[{"href":"https:\/\/economiapoliticacba.com\/index.php?rest_route=%2Fwp%2Fv2%2Fmedia&parent=42486"}],"wp:term":[{"taxonomy":"category","embeddable":true,"href":"https:\/\/economiapoliticacba.com\/index.php?rest_route=%2Fwp%2Fv2%2Fcategories&post=42486"},{"taxonomy":"post_tag","embeddable":true,"href":"https:\/\/economiapoliticacba.com\/index.php?rest_route=%2Fwp%2Fv2%2Ftags&post=42486"}],"curies":[{"name":"wp","href":"https:\/\/api.w.org\/{rel}","templated":true}]}}