{"id":42438,"date":"2025-09-12T22:14:07","date_gmt":"2025-09-12T22:14:07","guid":{"rendered":"https:\/\/cordoba.gob.ar\/?p=81145"},"modified":"2025-09-12T22:14:07","modified_gmt":"2025-09-12T22:14:07","slug":"el-cementerio-san-jeronimo-comienza-a-celebrar-su-aniversario-con-diversos-recorridos","status":"publish","type":"post","link":"https:\/\/economiapoliticacba.com\/?p=42438","title":{"rendered":"El cementerio San Jer\u00f3nimo comienza a celebrar su aniversario con diversos recorridos"},"content":{"rendered":"<div><img src=\"http:\/\/economiapoliticacba.com\/wp-content\/uploads\/2025\/09\/el-cementerio-san-jeronimo-comienza-a-celebrar-su-aniversario-con-diversos-recorridos.jpg\" class=\"ff-og-image-inserted\"><\/div>\n<ul>\n<li><strong><strong>Se podr\u00e1n realizar diversos recorridos entre los que se destacan las historias de Oscar Cabal\u00e9n, Arturo Orgaz y Deodoro Roca.<\/strong><\/strong><br \/>\n<hr>\n<\/li>\n<\/ul>\n<p>Como ya es tradicional, todos los s\u00e1bados de septiembre se realizar\u00e1n visitas guiadas en el cementerio San Jer\u00f3nimo. A las 09:00, 11:00 y 15:00 horas los visitantes podr\u00e1n conocer mitos y verdades de las personalidades que descansan en el San Jer\u00f3nimo y que son un emblema para la ciudad por el legado que han dejado.<\/p>\n<p>Este s\u00e1bado en la visita de las 11:00 horas los participantes podr\u00e1n elegir entre dos recorridos: el primero incluye las historias de Hermana Purita, Abd\u00f3n Saade, Marcos Ju\u00e1rez, Rosario Arg\u00fcello, Deodoro Roca, los panteones monumentales y Rita Warcalde. Comienza por calle San Francisco.<\/p>\n<p>El segundo, las historias de: Justiniano Posse, Oscar Cabal\u00e9n, Familia Funes, Manuel Lucero, Arturo Orgaz, Chango Rodr\u00edguez, Atilio L\u00f3pez y Rita Warcalde. Inicia en calle San Jer\u00f3nimo.<\/p>\n<p>Ambos circuitos incluyen historias mixtas, en las cuales se describe su entorno, la Capilla San Jer\u00f3nimo y el Cementerio del Salvador.<\/p>\n<p><strong>Aniversario y caminata<\/strong><\/p>\n<p>Este s\u00e1bado y en el marco de las celebraciones por el aniversario del cementerio San Jer\u00f3nimo (Pedro Chutro 551) de barrio Alberdi, vecinos y vecinas podr\u00e1n realizar un recorrido en donde visitar\u00e1n, adem\u00e1s del camposanto, otros 3 puntos emblem\u00e1ticos que se encuentran en esta zona de la ciudad.<\/p>\n<p>La actividad comenzar\u00e1 a las 09:00 horas en el Centro Cultural La Piojera (Av. Col\u00f3n 1559) en donde, al igual que en el resto de los sitios, los visitantes ser\u00e1n recibidos por referentes de este lugar.<\/p>\n<p>Posteriormente se visitar\u00e1 el Hospital de Cl\u00ednicas y el Estadio Julio C\u00e9sar Villagras, sitio en donde se encuentra el Club Atl\u00e9tico Belgrano, uno de los grandes equipos de C\u00f3rdoba.<\/p>\n<p>La visita concluye en el San Jer\u00f3nimo, necr\u00f3polis que fuera inaugurada en&nbsp; 1843 convirti\u00e9ndose en el primer cementerio p\u00fablico de C\u00f3rdoba.<\/p>\n<p>El recorrido se har\u00e1 a pie por lo que se recomienda traer botella de agua, calzado c\u00f3modo, gorro y protector solar.<\/p>\n","protected":false},"excerpt":{"rendered":"<p>Se podr\u00e1n realizar diversos recorridos entre los que se destacan las historias de Oscar Cabal\u00e9n, Arturo Orgaz y Deodoro Roca. Como ya es tradicional, todos los s\u00e1bados de septiembre se realizar\u00e1n visitas guiadas en el cementerio San Jer\u00f3nimo. A las 09:00, 11:00 y 15:00 horas los visitantes podr\u00e1n conocer mitos y verdades de las personalidades [&hellip;]<\/p>\n","protected":false},"author":1,"featured_media":42439,"comment_status":"closed","ping_status":"closed","sticky":false,"template":"","format":"standard","meta":{"om_disable_all_campaigns":false,"_monsterinsights_skip_tracking":false,"_monsterinsights_sitenote_active":false,"_monsterinsights_sitenote_note":"","_monsterinsights_sitenote_category":0},"categories":[15],"tags":[],"aioseo_notices":[],"_links":{"self":[{"href":"https:\/\/economiapoliticacba.com\/index.php?rest_route=\/wp\/v2\/posts\/42438"}],"collection":[{"href":"https:\/\/economiapoliticacba.com\/index.php?rest_route=\/wp\/v2\/posts"}],"about":[{"href":"https:\/\/economiapoliticacba.com\/index.php?rest_route=\/wp\/v2\/types\/post"}],"author":[{"embeddable":true,"href":"https:\/\/economiapoliticacba.com\/index.php?rest_route=\/wp\/v2\/users\/1"}],"replies":[{"embeddable":true,"href":"https:\/\/economiapoliticacba.com\/index.php?rest_route=%2Fwp%2Fv2%2Fcomments&post=42438"}],"version-history":[{"count":0,"href":"https:\/\/economiapoliticacba.com\/index.php?rest_route=\/wp\/v2\/posts\/42438\/revisions"}],"wp:featuredmedia":[{"embeddable":true,"href":"https:\/\/economiapoliticacba.com\/index.php?rest_route=\/wp\/v2\/media\/42439"}],"wp:attachment":[{"href":"https:\/\/economiapoliticacba.com\/index.php?rest_route=%2Fwp%2Fv2%2Fmedia&parent=42438"}],"wp:term":[{"taxonomy":"category","embeddable":true,"href":"https:\/\/economiapoliticacba.com\/index.php?rest_route=%2Fwp%2Fv2%2Fcategories&post=42438"},{"taxonomy":"post_tag","embeddable":true,"href":"https:\/\/economiapoliticacba.com\/index.php?rest_route=%2Fwp%2Fv2%2Ftags&post=42438"}],"curies":[{"name":"wp","href":"https:\/\/api.w.org\/{rel}","templated":true}]}}