{"id":42434,"date":"2025-09-12T18:58:00","date_gmt":"2025-09-12T18:58:00","guid":{"rendered":"https:\/\/www.iprofesional.com\/actualidad\/437274-causa-cuadernos-fiscal-se-opuso-a-que-empresarios-paguen-para-evitar-juicio"},"modified":"2025-09-12T18:58:00","modified_gmt":"2025-09-12T18:58:00","slug":"causa-cuadernos-la-fiscal-se-opuso-a-que-los-empresarios-paguen-para-evitar-el-juicio","status":"publish","type":"post","link":"https:\/\/economiapoliticacba.com\/?p=42434","title":{"rendered":"Causa Cuadernos: la fiscal se opuso a que los empresarios paguen para evitar el juicio"},"content":{"rendered":"<p><img src=\"http:\/\/economiapoliticacba.com\/wp-content\/uploads\/2025\/09\/causa-cuadernos-la-fiscal-se-opuso-a-que-los-empresarios-paguen-para-evitar-el-juicio.jpg\"><\/p>\n<div id>\n<p> Los empresarios hab\u00edan ofrecido dinero, propiedades y hasta un barco para cerrar la causa. &#8220;En esta fiscal\u00eda no se vende la impunidad&#8221;, dijo la fiscal <\/p>\n<p><strong>12\/09\/2025<\/strong> &#8211; 15:58hs<\/p>\n<div class=\"image-container img-wide padding-b\"> <picture><source media=\"(max-width:360px)\" srcset=\"https:\/\/resizer.iproimg.com\/unsafe\/360x\/filters:format(webp):quality(85):max_bytes(102400)\/https:\/\/assets.iprofesional.com\/assets\/jpg\/2020\/03\/493052.jpg\" data-srcset=\"https:\/\/resizer.iproimg.com\/unsafe\/360x\/filters:format(webp):quality(85):max_bytes(102400)\/https:\/\/assets.iprofesional.com\/assets\/jpg\/2020\/03\/493052.jpg\" class><source media=\"(max-width:430px)\" srcset=\"https:\/\/resizer.iproimg.com\/unsafe\/360x\/filters:format(webp):quality(85):max_bytes(102400)\/https:\/\/assets.iprofesional.com\/assets\/jpg\/2020\/03\/493052.jpg\" data-srcset=\"https:\/\/resizer.iproimg.com\/unsafe\/360x\/filters:format(webp):quality(85):max_bytes(102400)\/https:\/\/assets.iprofesional.com\/assets\/jpg\/2020\/03\/493052.jpg\" class><source media=\"(max-width:956px)\" srcset=\"https:\/\/resizer.iproimg.com\/unsafe\/640x\/filters:format(webp):quality(85):max_bytes(102400)\/https:\/\/assets.iprofesional.com\/assets\/jpg\/2020\/03\/493052.jpg\" data-srcset=\"https:\/\/resizer.iproimg.com\/unsafe\/640x\/filters:format(webp):quality(85):max_bytes(102400)\/https:\/\/assets.iprofesional.com\/assets\/jpg\/2020\/03\/493052.jpg\" class><img loading=\"lazy\" src=\"http:\/\/economiapoliticacba.com\/wp-content\/uploads\/2025\/09\/causa-cuadernos-la-fiscal-se-opuso-a-que-los-empresarios-paguen-para-evitar-el-juicio.webp\" data-src=\"http:\/\/economiapoliticacba.com\/wp-content\/uploads\/2025\/09\/causa-cuadernos-la-fiscal-se-opuso-a-que-los-empresarios-paguen-para-evitar-el-juicio.webp\" class alt=\"Causa Cuadernos: la fiscal se opuso a que los empresarios paguen para evitar el juicio\" width=\"1280px\" height=\"720px\" fetchpriority=\"high\"> <\/picture> <\/div><\/div>\n<div readability=\"83.272868820553\">\n<p>La fiscal federal<strong> Fabiana Le\u00f3n <\/strong>descart\u00f3 de plano la posibilidad de que los empresarios procesados en<a href=\"https:\/\/www.iprofesional.com\/actualidad\/431149-con-la-plata-de-las-coimas-de-la-causa-cuadernos-no-hubiese-hecho-falta-el-fmi\" target=\"_blank\" rel=\"noopener noreferrer\"> la causa de los Cuadernos de la Corrupci\u00f3n <\/a>eviten el juicio a cambio de compensaciones econ\u00f3micas.<\/p>\n<p>Durante la audiencia celebrada ante el <strong>Tribunal Oral Federal 7, <\/strong>Le\u00f3n fue categ\u00f3rica: <strong>&#8220;No hay precio que se pueda poner al da\u00f1o institucional que se han causado<\/strong>; en esta fiscal\u00eda no se vende impunidad&#8221;.<\/p>\n<h2>Causa Cuadernos: la advertencia de la UIF a los empresarios acusados<\/h2>\n<p>En sinton\u00eda, el titular de la Unidad de Informaci\u00f3n Financiera (UIF), <strong>Paul Starc, <\/strong>ya hab\u00eda advertido que aceptar ese tipo de ofrecimientos implicar\u00eda &#8220;mercantilizar la corrupci\u00f3n&#8221; y habilitar la impunidad de quienes cuentan con poder econ\u00f3mico.<\/p>\n<p>En total, <strong>47 empresarios y el ex jefe de Gabinete, Juan Manuel Abal Medina<\/strong>, propusieron distintos aportes para cerrar la causa. Entre los <span>ofrecimientos hubo dinero, propiedades e incluso un departamento en Miami y un barco.<\/span><\/p>\n<p>La<a href=\"https:\/\/www.iprofesional.com\/politica\/430975-cuadernos-coimas-proxima-causa-que-puede-extender-prision-cristina-kirchner\" target=\"_blank\" rel=\"noopener noreferrer\"> fiscal rechaz\u00f3 los planteos y defendi\u00f3 la necesidad de llevar adelante el juicio oral<\/a>. Explic\u00f3 que la figura de la reparaci\u00f3n integral no puede aplicarse en este expediente porque presupone una v\u00edctima concreta y un da\u00f1o medible. En ese sentido, remarc\u00f3: <strong>&#8220;Sin consenso real, no hay reparaci\u00f3n integral posible<\/strong>&#8220;. Y agreg\u00f3 que la compensaci\u00f3n debe ser &#8220;plena y adecuadamente proporcional al da\u00f1o causado&#8221;.<\/p>\n<p>Le\u00f3n enfatiz\u00f3 que, en delitos de corrupci\u00f3n, no existe una v\u00edctima individual con la cual negociar y que aceptar pagos unilaterales ser\u00eda lo mismo que<strong> &#8220;abrir un mercado de impunidad&#8221;. <\/strong>Record\u00f3 tambi\u00e9n que recibi\u00f3 en su despacho a todos los abogados interesados en dialogar sobre alternativas, aunque aclar\u00f3 que <strong>&#8220;todos los que han venido lo han hecho con absoluta correcci\u00f3n y en estricto ejercicio del ministerio que tienen&#8221;.<\/strong><\/p>\n<p>Al cuestionar la posibilidad de acuerdos parciales, subray\u00f3: &#8220;<strong>No puede haber arreglos a espaldas de la sociedad.<\/strong> Ser\u00eda repugnante hacerlo de tal modo. Ser\u00eda repugnante en s\u00ed mismo como al concepto mismo de Rep\u00fablica&#8221;.<\/p>\n<p>La fiscal calific\u00f3 de <span>&#8220;pat\u00e9ticos&#8221; los montos ofrecidos por algunos empresarios<\/span> y sostuvo que, si se los divid\u00eda por los doce a\u00f1os que lleva la investigaci\u00f3n, resultaban &#8220;rid\u00edculos&#8221;. A su vez, advirti\u00f3 que aceptar esos planteos significar\u00eda &#8220;banalizar el proceso penal, privatizar el inter\u00e9s p\u00fablico y abrir un mercado de impunidad&#8221;.<\/p>\n<p>Finalmente, el tribunal dispuso un cuarto intermedio <strong>hasta el martes 16 de septiembre<\/strong>, cuando escuchar\u00e1 las \u00faltimas intervenciones de las defensas antes de deliberar.<\/p>\n<\/p><\/div>\n","protected":false},"excerpt":{"rendered":"<p>Los empresarios hab\u00edan ofrecido dinero, propiedades y hasta un barco para cerrar la causa. &#8220;En esta fiscal\u00eda no se vende la impunidad&#8221;, dijo la fiscal 12\/09\/2025 &#8211; 15:58hs La fiscal federal Fabiana Le\u00f3n descart\u00f3 de plano la posibilidad de que los empresarios procesados en la causa de los Cuadernos de la Corrupci\u00f3n eviten el juicio [&hellip;]<\/p>\n","protected":false},"author":1,"featured_media":42435,"comment_status":"closed","ping_status":"closed","sticky":false,"template":"","format":"standard","meta":{"om_disable_all_campaigns":false,"_monsterinsights_skip_tracking":false,"_monsterinsights_sitenote_active":false,"_monsterinsights_sitenote_note":"","_monsterinsights_sitenote_category":0},"categories":[20],"tags":[],"aioseo_notices":[],"_links":{"self":[{"href":"https:\/\/economiapoliticacba.com\/index.php?rest_route=\/wp\/v2\/posts\/42434"}],"collection":[{"href":"https:\/\/economiapoliticacba.com\/index.php?rest_route=\/wp\/v2\/posts"}],"about":[{"href":"https:\/\/economiapoliticacba.com\/index.php?rest_route=\/wp\/v2\/types\/post"}],"author":[{"embeddable":true,"href":"https:\/\/economiapoliticacba.com\/index.php?rest_route=\/wp\/v2\/users\/1"}],"replies":[{"embeddable":true,"href":"https:\/\/economiapoliticacba.com\/index.php?rest_route=%2Fwp%2Fv2%2Fcomments&post=42434"}],"version-history":[{"count":0,"href":"https:\/\/economiapoliticacba.com\/index.php?rest_route=\/wp\/v2\/posts\/42434\/revisions"}],"wp:featuredmedia":[{"embeddable":true,"href":"https:\/\/economiapoliticacba.com\/index.php?rest_route=\/wp\/v2\/media\/42435"}],"wp:attachment":[{"href":"https:\/\/economiapoliticacba.com\/index.php?rest_route=%2Fwp%2Fv2%2Fmedia&parent=42434"}],"wp:term":[{"taxonomy":"category","embeddable":true,"href":"https:\/\/economiapoliticacba.com\/index.php?rest_route=%2Fwp%2Fv2%2Fcategories&post=42434"},{"taxonomy":"post_tag","embeddable":true,"href":"https:\/\/economiapoliticacba.com\/index.php?rest_route=%2Fwp%2Fv2%2Ftags&post=42434"}],"curies":[{"name":"wp","href":"https:\/\/api.w.org\/{rel}","templated":true}]}}