{"id":42361,"date":"2025-09-11T15:46:01","date_gmt":"2025-09-11T15:46:01","guid":{"rendered":"https:\/\/cordoba.gob.ar\/?p=80772"},"modified":"2025-09-11T15:46:01","modified_gmt":"2025-09-11T15:46:01","slug":"un-libro-sobre-sui-generis-en-el-teatro-comedia","status":"publish","type":"post","link":"https:\/\/economiapoliticacba.com\/?p=42361","title":{"rendered":"Un libro sobre Sui Generis en el Teatro Comedia"},"content":{"rendered":"<div><img src=\"http:\/\/economiapoliticacba.com\/wp-content\/uploads\/2025\/09\/un-libro-sobre-sui-generis-en-el-teatro-comedia.jpg\" class=\"ff-og-image-inserted\"><\/div>\n<ul>\n<li data-prosemirror-content-type=\"node\" data-prosemirror-node-name=\"paragraph\" data-prosemirror-node-block=\"true\"><strong>Se trata de una obra escrita a d\u00fao por Freddy Berro y Lucas Fern\u00e1ndez, dos agentes culturales del rock en Argentina.<\/strong><\/li>\n<li data-prosemirror-content-type=\"node\" data-prosemirror-node-name=\"paragraph\" data-prosemirror-node-block=\"true\"><strong>Se estrena el domingo 14 de septiembre, a las 19:00, con entrada libre.<\/strong><\/li>\n<\/ul>\n<hr>\n<p data-prosemirror-content-type=\"node\" data-prosemirror-node-name=\"paragraph\" data-prosemirror-node-block=\"true\">Ser\u00e1 presentado en el Teatro Comedia el libro \u201cTodo Sui Generis \u2013 Volumen 1\u201d, este domingo 14 de septiembre, a las 19:00. Las entradas, que son gratuitas, pueden retirarse desde una hora antes en la boleter\u00eda de la sala municipal. Los autores son Freddy Berro y Lucas Fern\u00e1ndez, dos autores emparentados por su amor al rock argentino y gestores de m\u00faltiples actividades ligadas a la difusi\u00f3n del g\u00e9nero.<\/p>\n<p data-prosemirror-content-type=\"node\" data-prosemirror-node-name=\"paragraph\" data-prosemirror-node-block=\"true\">Sui Generis fue uno de los primeros grupos argentinos en salir del gueto rockero, alcanzar la masividad y volver visible un fen\u00f3meno que exced\u00eda&nbsp;lo sonoro. Y ahora, a 50 a\u00f1os de sus conciertos de despedida, Freddy Berro y Lucas Fern\u00e1ndez reviven aquella aventura y nos muestran un detalle minucioso con fechas, lugares y volantes de sus conciertos, aparte de un an\u00e1lisis sobre los proyectos personales de Charly Garc\u00eda y Nito Mestre que precedieron al grupo que los cobij\u00f3.<\/p>\n<p data-prosemirror-content-type=\"node\" data-prosemirror-node-name=\"paragraph\" data-prosemirror-node-block=\"true\">La particularidad que enriquece la obra es que est\u00e1 escrita por dos \u201cfans\u201d de distintas generaciones y oficios. Sus propias historias ameritan otro libro m\u00e1s, ya que llegaron por diferentes caminos a la m\u00fasica de Sui Generis y su devoci\u00f3n por el g\u00e9nero los llen\u00f3 de an\u00e9cdotas.<\/p>\n<p data-prosemirror-content-type=\"node\" data-prosemirror-node-name=\"paragraph\" data-prosemirror-node-block=\"true\">Freddy Berro, nacido y criado en la ciudad de Buenos Aires, vivi\u00f3 la \u00e9poca en vivo y en directo y sigui\u00f3 a la banda en su juventud. Lucas Fern\u00e1ndez, oriundo de Huinca Renanc\u00f3 y radicado en nuestra ciudad, descubri\u00f3 la banda en su infancia. Adem\u00e1s, se enter\u00f3 que su padre asisti\u00f3 al concierto que tuvo lugar en C\u00f3rdoba el 14 de Septiembre de 1975 (s\u00ed, la misma fecha en que se estrena el libro).<\/p>\n<p data-prosemirror-content-type=\"node\" data-prosemirror-node-name=\"paragraph\" data-prosemirror-node-block=\"true\"><strong data-prosemirror-content-type=\"mark\" data-prosemirror-mark-name=\"strong\">Sobre el libro<\/strong><\/p>\n<p data-prosemirror-content-type=\"node\" data-prosemirror-node-name=\"paragraph\" data-prosemirror-node-block=\"true\">El texto incluye, adem\u00e1s, momentos hist\u00f3ricos como el d\u00eda en que Charly y Nito, en Mar del Plata, decidieron convertirse en un d\u00fao. Historias familiares, sus comienzos en la m\u00fasica, la aventura inicial, el crecimiento de la aceptaci\u00f3n popular y la posterior consolidaci\u00f3n. Un p\u00e1rrafo aparte merece la \u201cguerra con los pesados\u201d, ya que hay que recordar que en la g\u00e9nesis del rock criollo los exponentes m\u00e1s representativos ofrec\u00edan repertorios m\u00e1s aguerridos y con mucha \u201cpolenta\u201d, como se dec\u00eda en esa \u00e9poca.<\/p>\n<p data-prosemirror-content-type=\"node\" data-prosemirror-node-name=\"paragraph\" data-prosemirror-node-block=\"true\">La obra cuenta con un pr\u00f3logo de Nito Mestre, quien generosamente mantuvo di\u00e1logo con los autores durante varios meses. El m\u00fasico evoca aquellos a\u00f1os y escribe: \u201cCon la perspectiva de la lupa del tiempo, valoro a\u00fan m\u00e1s lo que fue Sui Generis ahora que todo dura tan poco y comprendo que esos dos chiquilines que \u00e9ramos, crearon una voz que todav\u00eda resuena en las casas, las radios, y en el coraz\u00f3n de muchos.\u201d<\/p>\n<p data-prosemirror-content-type=\"node\" data-prosemirror-node-name=\"paragraph\" data-prosemirror-node-block=\"true\">La tarea se bas\u00f3, por un lado, en el costado de coleccionista de Berro y, por otra parte, en el rol de comunicador social de Fern\u00e1ndez. En un principio iba a estar escrito \u00fanicamente sobre los emblem\u00e1ticos conciertos de \u201cAdi\u00f3s Sui Generis\u201d, pero la cantidad de material disponible los llev\u00f3 a pensar en la totalidad de la historia.<\/p>\n<p data-prosemirror-content-type=\"node\" data-prosemirror-node-name=\"paragraph\" data-prosemirror-node-block=\"true\"><strong data-prosemirror-content-type=\"mark\" data-prosemirror-mark-name=\"strong\">C\u00f3rdoba siempre presente<\/strong><\/p>\n<p data-prosemirror-content-type=\"node\" data-prosemirror-node-name=\"paragraph\" data-prosemirror-node-block=\"true\">La despedida de Sui Generis no fue solamente en el Luna Park, el 5 de Septiembre de 1975. Hubo un concierto en el Club General Paz Juniors el 14 de Septiembre. Es m\u00e1s, el padre de Fern\u00e1ndez estuvo presente esa noche y el libro no cuenta esa parte de la historia,&nbsp;ya que este volumen 1 abarca hasta 1974, por lo cual habr\u00e1 que aguardar el segundo volumen para conocer esos detalles. Esa continuaci\u00f3n ya est\u00e1 planeada y los creadores est\u00e1n muy entusiasmados con la idea de proseguir.<\/p>\n<p data-prosemirror-content-type=\"node\" data-prosemirror-node-name=\"paragraph\" data-prosemirror-node-block=\"true\"><strong data-prosemirror-content-type=\"mark\" data-prosemirror-mark-name=\"strong\">La ruta de los autores<\/strong><\/p>\n<p data-prosemirror-content-type=\"node\" data-prosemirror-node-name=\"paragraph\" data-prosemirror-node-block=\"true\">Lucas Fern\u00e1ndez conduce el ciclo diario \u201cMama Rock\u201d que se emite por Radio Nacional C\u00f3rdoba. Ha publicado otros cinco libros m\u00e1s enfocados en la cultura del rock argentino y la m\u00fasica popular. Participa de un d\u00fao tanguero llamado \u201cSin Vento\u201d. Se acerc\u00f3 a la m\u00fasica de Sui Generis a principios de los noventa cuando todav\u00eda era un ni\u00f1o.<\/p>\n<p data-prosemirror-content-type=\"node\" data-prosemirror-node-name=\"paragraph\" data-prosemirror-node-block=\"true\">Freddy Berro es un gran coleccionista de la banda y, aparte, tambi\u00e9n ha dedicado gran parte de su vida a investigar sobre la agrupaci\u00f3n. Trabaj\u00f3 de dise\u00f1ador y ya est\u00e1 jubilado. Descubri\u00f3 a la banda a trav\u00e9s de la pel\u00edcula \u201cHasta que se ponga el sol\u201d (1973) y su admiraci\u00f3n por Charly Garc\u00eda y Nito Mestre lo llev\u00f3 a escuchar grupos de otras partes del mundo que ambos admiraban. \u201cTodo Sui Generis\u201d es su primer libro y asegura poseer una de las colecciones m\u00e1s grandes de bibliograf\u00eda rockera del movimiento nacional.<\/p>\n","protected":false},"excerpt":{"rendered":"<p>Se trata de una obra escrita a d\u00fao por Freddy Berro y Lucas Fern\u00e1ndez, dos agentes culturales del rock en Argentina. Se estrena el domingo 14 de septiembre, a las 19:00, con entrada libre. Ser\u00e1 presentado en el Teatro Comedia el libro \u201cTodo Sui Generis \u2013 Volumen 1\u201d, este domingo 14 de septiembre, a las [&hellip;]<\/p>\n","protected":false},"author":1,"featured_media":42362,"comment_status":"closed","ping_status":"closed","sticky":false,"template":"","format":"standard","meta":{"om_disable_all_campaigns":false,"_monsterinsights_skip_tracking":false,"_monsterinsights_sitenote_active":false,"_monsterinsights_sitenote_note":"","_monsterinsights_sitenote_category":0},"categories":[15],"tags":[],"aioseo_notices":[],"_links":{"self":[{"href":"https:\/\/economiapoliticacba.com\/index.php?rest_route=\/wp\/v2\/posts\/42361"}],"collection":[{"href":"https:\/\/economiapoliticacba.com\/index.php?rest_route=\/wp\/v2\/posts"}],"about":[{"href":"https:\/\/economiapoliticacba.com\/index.php?rest_route=\/wp\/v2\/types\/post"}],"author":[{"embeddable":true,"href":"https:\/\/economiapoliticacba.com\/index.php?rest_route=\/wp\/v2\/users\/1"}],"replies":[{"embeddable":true,"href":"https:\/\/economiapoliticacba.com\/index.php?rest_route=%2Fwp%2Fv2%2Fcomments&post=42361"}],"version-history":[{"count":0,"href":"https:\/\/economiapoliticacba.com\/index.php?rest_route=\/wp\/v2\/posts\/42361\/revisions"}],"wp:featuredmedia":[{"embeddable":true,"href":"https:\/\/economiapoliticacba.com\/index.php?rest_route=\/wp\/v2\/media\/42362"}],"wp:attachment":[{"href":"https:\/\/economiapoliticacba.com\/index.php?rest_route=%2Fwp%2Fv2%2Fmedia&parent=42361"}],"wp:term":[{"taxonomy":"category","embeddable":true,"href":"https:\/\/economiapoliticacba.com\/index.php?rest_route=%2Fwp%2Fv2%2Fcategories&post=42361"},{"taxonomy":"post_tag","embeddable":true,"href":"https:\/\/economiapoliticacba.com\/index.php?rest_route=%2Fwp%2Fv2%2Ftags&post=42361"}],"curies":[{"name":"wp","href":"https:\/\/api.w.org\/{rel}","templated":true}]}}