{"id":42350,"date":"2025-09-10T15:21:00","date_gmt":"2025-09-10T15:21:00","guid":{"rendered":"https:\/\/www.iprofesional.com\/legales\/437081-acuso-a-su-exempleada-domestica-de-robar-su-identidad-y-sacar-prestamos-millonarios"},"modified":"2025-09-10T15:21:00","modified_gmt":"2025-09-10T15:21:00","slug":"una-exempleada-domestica-fue-acusada-de-robar-la-identidad-de-su-jefa-y-sacar-prestamos-millonarios","status":"publish","type":"post","link":"https:\/\/economiapoliticacba.com\/?p=42350","title":{"rendered":"Una exempleada dom\u00e9stica fue acusada de robar la identidad de su jefa y sacar pr\u00e9stamos millonarios"},"content":{"rendered":"<p><img src=\"http:\/\/economiapoliticacba.com\/wp-content\/uploads\/2025\/09\/una-exempleada-domestica-fue-acusada-de-robar-la-identidad-de-su-jefa-y-sacar-prestamos-millonarios.jpg\"><\/p>\n<div id>\n<p> La v\u00edctima denunci\u00f3 a la acusada unas semanas despu\u00e9s de haber terminado la relaci\u00f3n laboral. Ocurri\u00f3 en la localidad de San Javier, Misiones <\/p>\n<p><strong>10\/09\/2025<\/strong> &#8211; 12:21hs<\/p>\n<div class=\"image-container img-wide padding-b\"> <picture><source media=\"(max-width:360px)\" srcset=\"https:\/\/resizer.iproimg.com\/unsafe\/360x\/filters:format(webp):quality(85):max_bytes(102400)\/https:\/\/assets.iprofesional.com\/assets\/jpg\/2024\/05\/575699.jpg\" data-srcset=\"https:\/\/resizer.iproimg.com\/unsafe\/360x\/filters:format(webp):quality(85):max_bytes(102400)\/https:\/\/assets.iprofesional.com\/assets\/jpg\/2024\/05\/575699.jpg\" class><source media=\"(max-width:430px)\" srcset=\"https:\/\/resizer.iproimg.com\/unsafe\/360x\/filters:format(webp):quality(85):max_bytes(102400)\/https:\/\/assets.iprofesional.com\/assets\/jpg\/2024\/05\/575699.jpg\" data-srcset=\"https:\/\/resizer.iproimg.com\/unsafe\/360x\/filters:format(webp):quality(85):max_bytes(102400)\/https:\/\/assets.iprofesional.com\/assets\/jpg\/2024\/05\/575699.jpg\" class><source media=\"(max-width:956px)\" srcset=\"https:\/\/resizer.iproimg.com\/unsafe\/640x\/filters:format(webp):quality(85):max_bytes(102400)\/https:\/\/assets.iprofesional.com\/assets\/jpg\/2024\/05\/575699.jpg\" data-srcset=\"https:\/\/resizer.iproimg.com\/unsafe\/640x\/filters:format(webp):quality(85):max_bytes(102400)\/https:\/\/assets.iprofesional.com\/assets\/jpg\/2024\/05\/575699.jpg\" class><img loading=\"lazy\" src=\"http:\/\/economiapoliticacba.com\/wp-content\/uploads\/2025\/09\/una-exempleada-domestica-fue-acusada-de-robar-la-identidad-de-su-jefa-y-sacar-prestamos-millonarios.webp\" data-src=\"http:\/\/economiapoliticacba.com\/wp-content\/uploads\/2025\/09\/una-exempleada-domestica-fue-acusada-de-robar-la-identidad-de-su-jefa-y-sacar-prestamos-millonarios.webp\" class alt=\"identidad\" width=\"1280px\" height=\"720px\" fetchpriority=\"high\"> <\/picture> <\/div><\/div>\n<div readability=\"79.344894026975\">\n<p>Una mujer de 74 a\u00f1os denunci\u00f3 a su exempleada dom\u00e9stica en la localidad de <strong>San Javier, Misiones<\/strong>, al descubrir que habr\u00eda utilizado su identidad para tramitar pr\u00e9stamos bancarios por m\u00e1s de <strong>1,1 mill\u00f3n de pesos<\/strong>. La investigaci\u00f3n deriv\u00f3 en un allanamiento y el secuestro de distintos elementos vinculados con la causa.<\/p>\n<p>El caso sali\u00f3 a la luz el&nbsp;<strong>29 de agosto de 2025<\/strong>, cuando la v\u00edctima, identificada como <strong>Mar\u00eda (74)<\/strong>, detect\u00f3 movimientos inusuales en su cuenta bancaria. Al revisar sus operaciones, not\u00f3 que se hab\u00edan gestionado cr\u00e9ditos en el <strong>Banco Naci\u00f3n<\/strong> por m\u00e1s de <strong>$1.000.000<\/strong>, operaciones que ella nunca autoriz\u00f3.<\/p>\n<p>Tras realizar sus propias averiguaciones, la mujer sospech\u00f3 que la maniobra podr\u00eda estar vinculada a su <strong>exempleada dom\u00e9stica<\/strong>, con quien hab\u00eda finalizado la relaci\u00f3n laboral semanas antes.<\/p>\n<h2>Denuncia y avance de la investigaci\u00f3n<\/h2>\n<p>La denuncia fue presentada ante la <strong>Polic\u00eda de Misiones<\/strong>, que inici\u00f3 una investigaci\u00f3n judicial con intervenci\u00f3n del <strong>Juzgado de Instrucci\u00f3n Cinco de Alem<\/strong>.<\/p>\n<p>Las pesquisas se\u00f1alaron como principal sospechosa a una mujer identificada con las siglas <strong>D.E.<\/strong>, quien habr\u00eda utilizado la informaci\u00f3n personal y financiera de su exempleadora para gestionar pr\u00e9stamos por un monto total de <strong>$1.168.200<\/strong>.<\/p>\n<h2>Allanamiento y secuestro de pruebas<\/h2>\n<p>El operativo se llev\u00f3 a cabo el <strong>jueves por la tarde<\/strong> en un domicilio del barrio <strong>Santa Rita de San Javier<\/strong>, vinculado a la acusada.<\/p>\n<p>Durante el procedimiento, los efectivos secuestraron:<\/p>\n<ul readability=\"0.5\">\n<li readability=\"-1\">\n<p>Dos tel\u00e9fonos celulares (marca <strong>Itel<\/strong> y <strong>Samsung<\/strong>).<\/p>\n<\/li>\n<li readability=\"-1\">\n<p>El <strong>documento de identidad<\/strong> de la v\u00edctima.<\/p>\n<\/li>\n<li readability=\"0\">\n<p>Otros objetos de inter\u00e9s que podr\u00edan aportar informaci\u00f3n sobre la maniobra y el destino de los fondos.<\/p>\n<\/li>\n<\/ul>\n<p>Todos los elementos quedaron bajo peritaje judicial.<\/p>\n<p>La Justicia notific\u00f3 formalmente a&nbsp;<strong>D.E.<\/strong> sobre la causa en su contra, quedando <strong>supeditada al proceso judicial<\/strong> mientras avanza la investigaci\u00f3n.<\/p>\n<p>Por el momento, la mujer permanecer\u00e1 en libertad, aunque no podr\u00e1 abandonar la jurisdicci\u00f3n hasta tanto se esclarezca su responsabilidad en el hecho denunciado.<\/p>\n<\/p><\/div>\n","protected":false},"excerpt":{"rendered":"<p>La v\u00edctima denunci\u00f3 a la acusada unas semanas despu\u00e9s de haber terminado la relaci\u00f3n laboral. Ocurri\u00f3 en la localidad de San Javier, Misiones 10\/09\/2025 &#8211; 12:21hs Una mujer de 74 a\u00f1os denunci\u00f3 a su exempleada dom\u00e9stica en la localidad de San Javier, Misiones, al descubrir que habr\u00eda utilizado su identidad para tramitar pr\u00e9stamos bancarios por [&hellip;]<\/p>\n","protected":false},"author":1,"featured_media":42351,"comment_status":"closed","ping_status":"closed","sticky":false,"template":"","format":"standard","meta":{"om_disable_all_campaigns":false,"_monsterinsights_skip_tracking":false,"_monsterinsights_sitenote_active":false,"_monsterinsights_sitenote_note":"","_monsterinsights_sitenote_category":0},"categories":[20],"tags":[],"aioseo_notices":[],"_links":{"self":[{"href":"https:\/\/economiapoliticacba.com\/index.php?rest_route=\/wp\/v2\/posts\/42350"}],"collection":[{"href":"https:\/\/economiapoliticacba.com\/index.php?rest_route=\/wp\/v2\/posts"}],"about":[{"href":"https:\/\/economiapoliticacba.com\/index.php?rest_route=\/wp\/v2\/types\/post"}],"author":[{"embeddable":true,"href":"https:\/\/economiapoliticacba.com\/index.php?rest_route=\/wp\/v2\/users\/1"}],"replies":[{"embeddable":true,"href":"https:\/\/economiapoliticacba.com\/index.php?rest_route=%2Fwp%2Fv2%2Fcomments&post=42350"}],"version-history":[{"count":0,"href":"https:\/\/economiapoliticacba.com\/index.php?rest_route=\/wp\/v2\/posts\/42350\/revisions"}],"wp:featuredmedia":[{"embeddable":true,"href":"https:\/\/economiapoliticacba.com\/index.php?rest_route=\/wp\/v2\/media\/42351"}],"wp:attachment":[{"href":"https:\/\/economiapoliticacba.com\/index.php?rest_route=%2Fwp%2Fv2%2Fmedia&parent=42350"}],"wp:term":[{"taxonomy":"category","embeddable":true,"href":"https:\/\/economiapoliticacba.com\/index.php?rest_route=%2Fwp%2Fv2%2Fcategories&post=42350"},{"taxonomy":"post_tag","embeddable":true,"href":"https:\/\/economiapoliticacba.com\/index.php?rest_route=%2Fwp%2Fv2%2Ftags&post=42350"}],"curies":[{"name":"wp","href":"https:\/\/api.w.org\/{rel}","templated":true}]}}