{"id":42320,"date":"2025-09-09T13:11:00","date_gmt":"2025-09-09T13:11:00","guid":{"rendered":"https:\/\/www.iprofesional.com\/legales\/436976-salario-minimo-vital-y-movil-en-septiembre-2025-monto-vigente-y-que-pasara-en-octubre"},"modified":"2025-09-09T13:11:00","modified_gmt":"2025-09-09T13:11:00","slug":"salario-minimo-vital-y-movil-en-septiembre-2025-monto-vigente-y-que-pasara-en-octubre","status":"publish","type":"post","link":"https:\/\/economiapoliticacba.com\/?p=42320","title":{"rendered":"Salario M\u00ednimo, Vital y M\u00f3vil en septiembre 2025: monto vigente y qu\u00e9 pasar\u00e1 en octubre"},"content":{"rendered":"<p><img src=\"http:\/\/economiapoliticacba.com\/wp-content\/uploads\/2025\/09\/salario-minimo-vital-y-movil-en-septiembre-2025-monto-vigente-y-que-pasara-en-octubre.jpg\"><\/p>\n<div id>\n<p> El monto funciona como piso legal de remuneraci\u00f3n y referencia para programas sociales y prestaciones. Qu\u00e9 pasar\u00e1 en las pr\u00f3ximas semanas <\/p>\n<p><strong>09\/09\/2025<\/strong> &#8211; 10:11hs<\/p>\n<div class=\"image-container img-wide padding-b\"> <picture><source media=\"(max-width:360px)\" srcset=\"https:\/\/resizer.iproimg.com\/unsafe\/360x\/filters:format(webp):quality(85):max_bytes(102400)\/https:\/\/assets.iprofesional.com\/assets\/jpg\/2025\/08\/602053.jpg\" data-srcset=\"https:\/\/resizer.iproimg.com\/unsafe\/360x\/filters:format(webp):quality(85):max_bytes(102400)\/https:\/\/assets.iprofesional.com\/assets\/jpg\/2025\/08\/602053.jpg\" class><source media=\"(max-width:430px)\" srcset=\"https:\/\/resizer.iproimg.com\/unsafe\/360x\/filters:format(webp):quality(85):max_bytes(102400)\/https:\/\/assets.iprofesional.com\/assets\/jpg\/2025\/08\/602053.jpg\" data-srcset=\"https:\/\/resizer.iproimg.com\/unsafe\/360x\/filters:format(webp):quality(85):max_bytes(102400)\/https:\/\/assets.iprofesional.com\/assets\/jpg\/2025\/08\/602053.jpg\" class><source media=\"(max-width:956px)\" srcset=\"https:\/\/resizer.iproimg.com\/unsafe\/640x\/filters:format(webp):quality(85):max_bytes(102400)\/https:\/\/assets.iprofesional.com\/assets\/jpg\/2025\/08\/602053.jpg\" data-srcset=\"https:\/\/resizer.iproimg.com\/unsafe\/640x\/filters:format(webp):quality(85):max_bytes(102400)\/https:\/\/assets.iprofesional.com\/assets\/jpg\/2025\/08\/602053.jpg\" class><img loading=\"lazy\" src=\"http:\/\/economiapoliticacba.com\/wp-content\/uploads\/2025\/09\/salario-minimo-vital-y-movil-en-septiembre-2025-monto-vigente-y-que-pasara-en-octubre.webp\" data-src=\"http:\/\/economiapoliticacba.com\/wp-content\/uploads\/2025\/09\/salario-minimo-vital-y-movil-en-septiembre-2025-monto-vigente-y-que-pasara-en-octubre.webp\" class alt=\"pesos\" width=\"1280px\" height=\"720px\" fetchpriority=\"high\"> <\/picture> <\/div><\/div>\n<div readability=\"92.361111111111\">\n<p>El&nbsp;<a href=\"https:\/\/www.iprofesional.com\/economia\/435479-aumenta-el-salario-minimo-vital-y-movil-en-agosto-2025-de-cuanto-sera-y-en-que-impacta\" target=\"_blank\" title=\"Salario M\u00ednimo, Vital y M\u00f3vil (SMVM)\" rel=\"noopener noreferrer\"><strong>Salario M\u00ednimo, Vital y M\u00f3vil (SMVM)<\/strong><\/a> cumple un rol central en la econom\u00eda argentina: busca garantizar que los trabajadores perciban un ingreso b\u00e1sico que cubra necesidades como alimentaci\u00f3n, vivienda, vestimenta, educaci\u00f3n, salud, transporte y esparcimiento. Adem\u00e1s, funciona como <strong>piso legal de remuneraci\u00f3n<\/strong> y referencia para programas sociales y prestaciones.<\/p>\n<h2>\u00bfCu\u00e1l es el Salario M\u00ednimo, Vital y M\u00f3vil en septiembre 2025?<\/h2>\n<p>Tras la \u00faltima actualizaci\u00f3n de agosto, el <strong>Salario M\u00ednimo, Vital y M\u00f3vil se mantiene en $322.200 mensuales<\/strong> durante septiembre de 2025. Este monto corresponde a una jornada laboral de <strong>48 horas semanales<\/strong>, mientras que el <strong>valor por hora<\/strong> se fija en <strong>$1.610<\/strong>.<\/p>\n<p>Para los trabajadores con jornadas parciales, el salario se calcula de manera <strong>proporcional<\/strong> a las horas trabajadas.<\/p>\n<h2>Evoluci\u00f3n del SMVM en 2025<\/h2>\n<p>Durante el a\u00f1o, el salario m\u00ednimo registr\u00f3 incrementos mensuales hasta agosto, cuando alcanz\u00f3 los <strong>$322.200<\/strong>. En septiembre no hubo modificaci\u00f3n.<\/p>\n<p>Los valores desde abril fueron los siguientes:<\/p>\n<ul>\n<li>\n<p><strong>Abril:<\/strong> $302.600<\/p>\n<\/li>\n<li>\n<p><strong>Mayo:<\/strong> $308.200<\/p>\n<\/li>\n<li>\n<p><strong>Junio:<\/strong> $313.400<\/p>\n<\/li>\n<li>\n<p><strong>Julio:<\/strong> $317.800<\/p>\n<\/li>\n<li>\n<p><strong>Agosto:<\/strong> $322.200<\/p>\n<\/li>\n<li>\n<p><strong>Septiembre:<\/strong> $322.200<\/p>\n<\/li>\n<\/ul>\n<p>Este comportamiento refleja un <strong>ritmo de aumentos moderados<\/strong> en los primeros meses, con una <strong>pausa en septiembre<\/strong>, en un contexto marcado por la <strong>inflaci\u00f3n acumulada<\/strong>.<\/p>\n<h2>Relaci\u00f3n entre el SMVM y la inflaci\u00f3n<\/h2>\n<p>El an\u00e1lisis de la <a href=\"https:\/\/www.iprofesional.com\/realestate\/434276-en-que-paises-es-mas-dificil-comprar-una-casa-con-el-salario-minimo\" target=\"_blank\" title=\"evoluci\u00f3n del SMVM\" rel=\"noopener noreferrer\">evoluci\u00f3n del SMVM<\/a> frente a la inflaci\u00f3n resulta clave para evaluar su efectividad. Aunque el salario m\u00ednimo mostr\u00f3 incrementos durante el a\u00f1o, <strong>su poder adquisitivo depende de la variaci\u00f3n de precios<\/strong>, lo que genera debate sobre si cumple su objetivo de garantizar condiciones m\u00ednimas de vida.<\/p>\n<h2>Impacto del Salario M\u00ednimo en la Prestaci\u00f3n por Desempleo<\/h2>\n<p>El <strong>SMVM tambi\u00e9n se utiliza como par\u00e1metro<\/strong> para calcular la <strong>Prestaci\u00f3n por Desempleo<\/strong> que paga la ANSES.<\/p>\n<ul readability=\"-0.5\">\n<li readability=\"0\">\n<p>El beneficio equivale al <strong>75% del promedio de las remuneraciones de los \u00faltimos seis meses previos al cese laboral<\/strong>.<\/p>\n<\/li>\n<li readability=\"-1\">\n<p>No puede ser <strong>menor al 50% ni mayor al 100% del salario m\u00ednimo vigente<\/strong>.<\/p>\n<\/li>\n<\/ul>\n<p>De esta forma, el <strong>Salario M\u00ednimo asegura un ingreso m\u00ednimo<\/strong> para quienes acceden a esta prestaci\u00f3n.<\/p>\n<h2>Importancia del Salario M\u00ednimo, Vital y M\u00f3vil en Argentina<\/h2>\n<p>El valor del SMVM es determinado por el <strong>Consejo Nacional del Empleo, la Productividad y el Salario M\u00ednimo, Vital y M\u00f3vil<\/strong>, que lo ajusta peri\u00f3dicamente en funci\u00f3n de la situaci\u00f3n econ\u00f3mica y laboral. Se espera que el Gobierno nacioal lo convoque en las pr\u00f3ximas semanas para fijar el monto de octubre. No se descarta que se termine estipulando por decreto, ante la falta de acuerdo de las partes, como ya ocurri\u00f3 en otras oportunidades.<\/p>\n<p>Su evoluci\u00f3n impacta en:<\/p>\n<ul readability=\"0\">\n<li readability=\"-1\">\n<p>Los ingresos de los trabajadores formales.<\/p>\n<\/li>\n<li readability=\"-1\">\n<p>El c\u00e1lculo de <strong>prestaciones sociales<\/strong>.<\/p>\n<\/li>\n<li readability=\"-1\">\n<p>La referencia para <strong>programas de asistencia<\/strong>.<\/p>\n<\/li>\n<\/ul>\n<p>En este sentido, el salario m\u00ednimo es un <strong>indicador clave para medir el poder adquisitivo<\/strong> y analizar la <strong>evoluci\u00f3n econ\u00f3mica del pa\u00eds<\/strong>.<\/p>\n<\/p><\/div>\n","protected":false},"excerpt":{"rendered":"<p>El monto funciona como piso legal de remuneraci\u00f3n y referencia para programas sociales y prestaciones. Qu\u00e9 pasar\u00e1 en las pr\u00f3ximas semanas 09\/09\/2025 &#8211; 10:11hs El&nbsp;Salario M\u00ednimo, Vital y M\u00f3vil (SMVM) cumple un rol central en la econom\u00eda argentina: busca garantizar que los trabajadores perciban un ingreso b\u00e1sico que cubra necesidades como alimentaci\u00f3n, vivienda, vestimenta, educaci\u00f3n, [&hellip;]<\/p>\n","protected":false},"author":1,"featured_media":42321,"comment_status":"closed","ping_status":"closed","sticky":false,"template":"","format":"standard","meta":{"om_disable_all_campaigns":false,"_monsterinsights_skip_tracking":false,"_monsterinsights_sitenote_active":false,"_monsterinsights_sitenote_note":"","_monsterinsights_sitenote_category":0},"categories":[20],"tags":[],"aioseo_notices":[],"_links":{"self":[{"href":"https:\/\/economiapoliticacba.com\/index.php?rest_route=\/wp\/v2\/posts\/42320"}],"collection":[{"href":"https:\/\/economiapoliticacba.com\/index.php?rest_route=\/wp\/v2\/posts"}],"about":[{"href":"https:\/\/economiapoliticacba.com\/index.php?rest_route=\/wp\/v2\/types\/post"}],"author":[{"embeddable":true,"href":"https:\/\/economiapoliticacba.com\/index.php?rest_route=\/wp\/v2\/users\/1"}],"replies":[{"embeddable":true,"href":"https:\/\/economiapoliticacba.com\/index.php?rest_route=%2Fwp%2Fv2%2Fcomments&post=42320"}],"version-history":[{"count":0,"href":"https:\/\/economiapoliticacba.com\/index.php?rest_route=\/wp\/v2\/posts\/42320\/revisions"}],"wp:featuredmedia":[{"embeddable":true,"href":"https:\/\/economiapoliticacba.com\/index.php?rest_route=\/wp\/v2\/media\/42321"}],"wp:attachment":[{"href":"https:\/\/economiapoliticacba.com\/index.php?rest_route=%2Fwp%2Fv2%2Fmedia&parent=42320"}],"wp:term":[{"taxonomy":"category","embeddable":true,"href":"https:\/\/economiapoliticacba.com\/index.php?rest_route=%2Fwp%2Fv2%2Fcategories&post=42320"},{"taxonomy":"post_tag","embeddable":true,"href":"https:\/\/economiapoliticacba.com\/index.php?rest_route=%2Fwp%2Fv2%2Ftags&post=42320"}],"curies":[{"name":"wp","href":"https:\/\/api.w.org\/{rel}","templated":true}]}}