{"id":42278,"date":"2025-08-20T17:06:00","date_gmt":"2025-08-20T17:06:00","guid":{"rendered":"https:\/\/www.iprofesional.com\/legales\/435594-cambia-la-hora-en-argentina-que-dice-el-proyecto-que-analizara-diputados"},"modified":"2025-08-20T17:06:00","modified_gmt":"2025-08-20T17:06:00","slug":"cambia-la-hora-en-argentina-que-dice-el-proyecto-que-analizara-diputados","status":"publish","type":"post","link":"https:\/\/economiapoliticacba.com\/?p=42278","title":{"rendered":"\u00bfCambia la hora en Argentina? Qu\u00e9 dice el proyecto que analizar\u00e1 Diputados"},"content":{"rendered":"<p><img src=\"http:\/\/economiapoliticacba.com\/wp-content\/uploads\/2025\/08\/cambia-la-hora-en-argentina-que-dice-el-proyecto-que-analizara-diputados.jpg\"><\/p>\n<div id>\n<p> Julio Cobos explic\u00f3 que la Argentina se apart\u00f3 de su huso horario natural en 1969, lo que gener\u00f3 un desfasaje respecto de la hora solar real <\/p>\n<p><strong>20\/08\/2025<\/strong> &#8211; 14:06hs<\/p>\n<div class=\"image-container img-wide padding-b\"> <picture><source media=\"(max-width:360px)\" srcset=\"https:\/\/resizer.iproimg.com\/unsafe\/360x\/filters:format(webp):quality(85):max_bytes(102400)\/https:\/\/assets.iprofesional.com\/assets\/jpeg\/2021\/04\/516049.jpeg\" data-srcset=\"https:\/\/resizer.iproimg.com\/unsafe\/360x\/filters:format(webp):quality(85):max_bytes(102400)\/https:\/\/assets.iprofesional.com\/assets\/jpeg\/2021\/04\/516049.jpeg\" class><source media=\"(max-width:430px)\" srcset=\"https:\/\/resizer.iproimg.com\/unsafe\/360x\/filters:format(webp):quality(85):max_bytes(102400)\/https:\/\/assets.iprofesional.com\/assets\/jpeg\/2021\/04\/516049.jpeg\" data-srcset=\"https:\/\/resizer.iproimg.com\/unsafe\/360x\/filters:format(webp):quality(85):max_bytes(102400)\/https:\/\/assets.iprofesional.com\/assets\/jpeg\/2021\/04\/516049.jpeg\" class><source media=\"(max-width:956px)\" srcset=\"https:\/\/resizer.iproimg.com\/unsafe\/640x\/filters:format(webp):quality(85):max_bytes(102400)\/https:\/\/assets.iprofesional.com\/assets\/jpeg\/2021\/04\/516049.jpeg\" data-srcset=\"https:\/\/resizer.iproimg.com\/unsafe\/640x\/filters:format(webp):quality(85):max_bytes(102400)\/https:\/\/assets.iprofesional.com\/assets\/jpeg\/2021\/04\/516049.jpeg\" class><img loading=\"lazy\" src=\"http:\/\/economiapoliticacba.com\/wp-content\/uploads\/2025\/08\/cambia-la-hora-en-argentina-que-dice-el-proyecto-que-analizara-diputados.webp\" data-src=\"http:\/\/economiapoliticacba.com\/wp-content\/uploads\/2025\/08\/cambia-la-hora-en-argentina-que-dice-el-proyecto-que-analizara-diputados.webp\" class alt=\"\u00bfCambia la hora en Argentina? Qu\u00e9 dice el proyecto que analizar\u00e1 Diputados\" width=\"1280px\" height=\"720px\"> <\/picture> <\/div><\/div>\n<div readability=\"106.90107816712\">\n<p>La c\u00e1mara de Diputados tratar\u00e1 este mi\u00e9rcoles un proyecto de ley presentado por el radical <strong>Julio Cobos<\/strong>&nbsp;que propone <a href=\"https:\/\/www.iprofesional.com\/economia\/403297-reflotan-proyecto-para-cambiar-el-huso-horario-de-argentina-y-ahorrar-energia\" target=\"_blank\" title=\"modificar la hora oficial en Argentina\" rel=\"noopener noreferrer\"><strong>modificar la hora oficial en Argentina<\/strong><\/a>, restableciendo el huso horario <strong>UTC -4<\/strong> (cuatro horas al oeste del meridiano de Greenwich), en l\u00ednea con la ubicaci\u00f3n geogr\u00e1fica del pa\u00eds.<\/p>\n<p>La iniciativa tambi\u00e9n faculta al Poder Ejecutivo a aplicar un <strong>horario de verano en Argentina<\/strong> (UTC -3), siguiendo la modalidad que rigi\u00f3 durante varias d\u00e9cadas con el objetivo de <strong>aprovechar mejor la luz solar, ahorrar energ\u00eda el\u00e9ctrica y reducir el consumo hogare\u00f1o y comercial<\/strong>.<\/p>\n<h2>Qu\u00e9 dice el proyecto sobre el huso horario en Argentina<\/h2>\n<p>El proyecto de Cobos establece en su <strong>art\u00edculo 1<\/strong> que la Hora Oficial se fije en <strong>UTC -4<\/strong>, mientras que el <strong>art\u00edculo 2<\/strong> habilita al Ejecutivo a implementar, durante los meses estivales, el horario <strong>UTC -3<\/strong>. El Gobierno definir\u00eda cada a\u00f1o las fechas de inicio y fin del cambio.<\/p>\n<p>Adem\u00e1s, en el <strong>art\u00edculo 3<\/strong>, se invita a los pa\u00edses del <strong>MERCOSUR<\/strong> a coordinar sus husos horarios, de modo de facilitar el comercio, las operaciones burs\u00e1tiles, bancarias y el transporte regional.<\/p>\n<p>El <strong>art\u00edculo 5<\/strong> ordena que la <strong>Secretar\u00eda de Energ\u00eda<\/strong> y <strong>CAMMESA<\/strong> realicen estudios peri\u00f3dicos sobre el impacto de la medida. Finalmente, la propuesta plantea <strong>derogar la Ley 26.350<\/strong>, que desde 2007 fij\u00f3 la hora oficial argentina en <strong>UTC -3<\/strong>.<\/p>\n<h2>Fundamentos: energ\u00eda, educaci\u00f3n y bienestar<\/h2>\n<p>En los fundamentos, Cobos explic\u00f3 que la Argentina se apart\u00f3 de su <strong>huso horario natural<\/strong> en 1969, al pasar de UTC -4 a UTC -3, lo que gener\u00f3 un desfasaje respecto de la <strong>hora solar real<\/strong>.<\/p>\n<p>El legislador remarc\u00f3 que <a href=\"https:\/\/www.iprofesional.com\/actualidad\/360277-cobos-propone-modificar-la-hora-oficial-de-argentina\" target=\"_blank\" title=\"esa diferencia no solo afecta al consumo energ\u00e9tico, sino tambi\u00e9n a la vida cotidiana\" rel=\"noopener noreferrer\">esa diferencia no solo afecta al consumo energ\u00e9tico, sino tambi\u00e9n a la vida cotidiana<\/a>:<\/p>\n<ul readability=\"2.5\">\n<li readability=\"1\">\n<p><strong>Educaci\u00f3n:<\/strong> gran parte de los alumnos comienzan la jornada escolar en plena oscuridad, lo que repercute en su rendimiento.<\/p>\n<\/li>\n<li readability=\"1\">\n<p><strong>Energ\u00eda:<\/strong> la Argentina tuvo en 2021 un <strong>d\u00e9ficit de 1.600 millones de d\u00f3lares en su balanza energ\u00e9tica<\/strong>, cifra que podr\u00eda superar los 2.700 millones seg\u00fan proyecciones privadas.<\/p>\n<\/li>\n<li readability=\"0\">\n<p><strong>Rutinas sociales y laborales:<\/strong> la desconexi\u00f3n entre la hora oficial y la solar incrementa el uso de electricidad en horarios clave y altera el descanso.<\/p>\n<\/li>\n<\/ul>\n<h2>Antecedentes del cambio horario en Argentina<\/h2>\n<p>El proyecto recuerda que en varias etapas el pa\u00eds aplic\u00f3 cambios estacionales de horario: UTC -4 en invierno y UTC -3 en verano.<\/p>\n<p>En <strong>Mendoza<\/strong>, la medida se aplic\u00f3 en 1991-1992 bajo la gesti\u00f3n de <strong>Jos\u00e9 Octavio Bord\u00f3n<\/strong> y en 2004 durante la gobernaci\u00f3n de Cobos.<\/p>\n<p>Tambi\u00e9n menciona la <strong>Ley 25.155 de 1999<\/strong>, que hab\u00eda restablecido UTC -4, pero fue derogada por la <strong>Ley 26.350<\/strong>, que fij\u00f3 UTC -3 como base permanente y habilit\u00f3 un adelanto a UTC -2 en verano.<\/p>\n<h2>Argumentos cient\u00edficos y de salud<\/h2>\n<p>El proyecto cita un informe de la doctora <strong>Andrea Pattini<\/strong>, directora del <strong>Instituto de Ambiente, H\u00e1bitat y Energ\u00eda (INAHE)<\/strong> del CONICET Mendoza. Seg\u00fan los estudios, la falta de coincidencia entre la hora solar y la hora oficial afecta el <strong>sistema circadiano<\/strong>, altera h\u00e1bitos de sue\u00f1o, aumenta la dependencia de la luz artificial y perjudica la salud general de la poblaci\u00f3n.<\/p>\n<p>Para Cobos, ajustar la hora oficial permitir\u00eda <strong>ahorrar electricidad, mejorar el bienestar f\u00edsico y mental y reducir las emisiones contaminantes<\/strong> asociadas al consumo de energ\u00eda.<\/p>\n<p>&#8220;El prop\u00f3sito central es&nbsp;<strong>alinear la hora oficial con la realidad geogr\u00e1fica<\/strong> y aprovechar de manera m\u00e1s eficiente la energ\u00eda solar&#8221;, sintetiz\u00f3 Cobos en los fundamentos.<\/p>\n<p>De aprobarse, el proyecto implicar\u00eda un <strong>cambio de hora en Argentina<\/strong> con efectos directos en la vida cotidiana: retrasar una hora respecto de la actual, recuperar el horario de verano y coordinar con pa\u00edses del Mercosur para mejorar la integraci\u00f3n regional.<\/p>\n<\/p><\/div>\n","protected":false},"excerpt":{"rendered":"<p>Julio Cobos explic\u00f3 que la Argentina se apart\u00f3 de su huso horario natural en 1969, lo que gener\u00f3 un desfasaje respecto de la hora solar real 20\/08\/2025 &#8211; 14:06hs La c\u00e1mara de Diputados tratar\u00e1 este mi\u00e9rcoles un proyecto de ley presentado por el radical Julio Cobos&nbsp;que propone modificar la hora oficial en Argentina, restableciendo el [&hellip;]<\/p>\n","protected":false},"author":1,"featured_media":42279,"comment_status":"closed","ping_status":"closed","sticky":false,"template":"","format":"standard","meta":{"om_disable_all_campaigns":false,"_monsterinsights_skip_tracking":false,"_monsterinsights_sitenote_active":false,"_monsterinsights_sitenote_note":"","_monsterinsights_sitenote_category":0},"categories":[20],"tags":[],"aioseo_notices":[],"_links":{"self":[{"href":"https:\/\/economiapoliticacba.com\/index.php?rest_route=\/wp\/v2\/posts\/42278"}],"collection":[{"href":"https:\/\/economiapoliticacba.com\/index.php?rest_route=\/wp\/v2\/posts"}],"about":[{"href":"https:\/\/economiapoliticacba.com\/index.php?rest_route=\/wp\/v2\/types\/post"}],"author":[{"embeddable":true,"href":"https:\/\/economiapoliticacba.com\/index.php?rest_route=\/wp\/v2\/users\/1"}],"replies":[{"embeddable":true,"href":"https:\/\/economiapoliticacba.com\/index.php?rest_route=%2Fwp%2Fv2%2Fcomments&post=42278"}],"version-history":[{"count":0,"href":"https:\/\/economiapoliticacba.com\/index.php?rest_route=\/wp\/v2\/posts\/42278\/revisions"}],"wp:featuredmedia":[{"embeddable":true,"href":"https:\/\/economiapoliticacba.com\/index.php?rest_route=\/wp\/v2\/media\/42279"}],"wp:attachment":[{"href":"https:\/\/economiapoliticacba.com\/index.php?rest_route=%2Fwp%2Fv2%2Fmedia&parent=42278"}],"wp:term":[{"taxonomy":"category","embeddable":true,"href":"https:\/\/economiapoliticacba.com\/index.php?rest_route=%2Fwp%2Fv2%2Fcategories&post=42278"},{"taxonomy":"post_tag","embeddable":true,"href":"https:\/\/economiapoliticacba.com\/index.php?rest_route=%2Fwp%2Fv2%2Ftags&post=42278"}],"curies":[{"name":"wp","href":"https:\/\/api.w.org\/{rel}","templated":true}]}}