{"id":42126,"date":"2025-08-16T14:25:00","date_gmt":"2025-08-16T14:25:00","guid":{"rendered":"https:\/\/www.iprofesional.com\/legales\/435296-dueno-de-hlb-pharma-voy-a-ir-preso-no-quieren-que-se-sepa-la-verdad"},"modified":"2025-08-16T14:25:00","modified_gmt":"2025-08-16T14:25:00","slug":"el-dueno-de-hlb-pharma-dijo-que-podria-ir-preso-pronto-porque-no-quieren-que-se-sepa-la-verdad","status":"publish","type":"post","link":"https:\/\/economiapoliticacba.com\/?p=42126","title":{"rendered":"El due\u00f1o de HLB Pharma dijo que podr\u00eda ir preso pronto porque no quieren que se sepa la verdad"},"content":{"rendered":"<p><img src=\"http:\/\/economiapoliticacba.com\/wp-content\/uploads\/2025\/08\/el-dueno-de-hlb-pharma-dijo-que-podria-ir-preso-pronto-porque-no-quieren-que-se-sepa-la-verdad.jpg\"><\/p>\n<div id>\n<p> El empresario, sospechado de distribuir el fentanilo contaminado que provoc\u00f3 la muerte de m\u00e1s de 90 personas, afirm\u00f3: &#8220;Si soy culpable lo decidir\u00e1 un juez&#8221; <\/p>\n<p><strong>16\/08\/2025<\/strong> &#8211; 11:25hs<\/p>\n<div class=\"image-container img-wide padding-b\"> <picture><source media=\"(max-width:360px)\" srcset=\"https:\/\/resizer.iproimg.com\/unsafe\/360x\/filters:format(webp):quality(85):max_bytes(102400)\/https:\/\/assets.iprofesional.com\/assets\/jpg\/2025\/05\/596081.jpg\" data-srcset=\"https:\/\/resizer.iproimg.com\/unsafe\/360x\/filters:format(webp):quality(85):max_bytes(102400)\/https:\/\/assets.iprofesional.com\/assets\/jpg\/2025\/05\/596081.jpg\" class><source media=\"(max-width:430px)\" srcset=\"https:\/\/resizer.iproimg.com\/unsafe\/360x\/filters:format(webp):quality(85):max_bytes(102400)\/https:\/\/assets.iprofesional.com\/assets\/jpg\/2025\/05\/596081.jpg\" data-srcset=\"https:\/\/resizer.iproimg.com\/unsafe\/360x\/filters:format(webp):quality(85):max_bytes(102400)\/https:\/\/assets.iprofesional.com\/assets\/jpg\/2025\/05\/596081.jpg\" class><source media=\"(max-width:956px)\" srcset=\"https:\/\/resizer.iproimg.com\/unsafe\/640x\/filters:format(webp):quality(85):max_bytes(102400)\/https:\/\/assets.iprofesional.com\/assets\/jpg\/2025\/05\/596081.jpg\" data-srcset=\"https:\/\/resizer.iproimg.com\/unsafe\/640x\/filters:format(webp):quality(85):max_bytes(102400)\/https:\/\/assets.iprofesional.com\/assets\/jpg\/2025\/05\/596081.jpg\" class><img loading=\"lazy\" src=\"http:\/\/economiapoliticacba.com\/wp-content\/uploads\/2025\/08\/el-dueno-de-hlb-pharma-dijo-que-podria-ir-preso-pronto-porque-no-quieren-que-se-sepa-la-verdad.webp\" data-src=\"http:\/\/economiapoliticacba.com\/wp-content\/uploads\/2025\/08\/el-dueno-de-hlb-pharma-dijo-que-podria-ir-preso-pronto-porque-no-quieren-que-se-sepa-la-verdad.webp\" class alt=\"Ariel Garc\u00eda Furfaro, due\u00f1o de HLB Pharma: &quot;Voy a ir preso muy pronto, no quieren que se sepa la verdad&quot;\" width=\"1280px\" height=\"720px\"> <\/picture> <\/div><\/div>\n<div readability=\"104.79333333333\">\n<p>En medio de la investigaci\u00f3n judicial por las m\u00e1s de<a href=\"https:\/\/www.iprofesional.com\/legales\/435250-el-dueno-del-laboratorio-del-fentanilo-contaminado-quiere-producir-mas-medicamentos\" target=\"_blank\" title=\"El due\u00f1o del laboratorio del fentanilo contaminado pidi\u00f3 la autorizaci\u00f3n para producir m\u00e1s medicamentos\" rel=\"noopener noreferrer\"> 90 muertes por el uso del fentanilo contaminado <\/a>en hospitales, el due\u00f1o del laboratorio investigado, Ariel Garc\u00eda Furfaro, volvi\u00f3 a defenderse de las acusaciones en su contra.<\/p>\n<p>&#8220;Voy a ir preso muy pronto,<strong> no quieren que se sepa la verdad<\/strong>&#8220;, dijo el empresario en declaraciones a S\u00e1bado Tempran\u00edsimo, por Radio Mitre.<\/p>\n<p>Sin ahondar en detalles, Furfaro asegur\u00f3 que existe &#8220;un servicio de inteligencia sospechado&#8221; por las muertes. &#8220;Est\u00e1 en el mismo edificio de Puerto Madero que el abogado de los familiares de las v\u00edctimas. \u00bfNo es raro?&#8221;, desliz\u00f3.<\/p>\n<p>&#8220;Soy el tipo m\u00e1s odiado del pa\u00eds. Hace tres meses que me est\u00e1n diciendo asesino y yo estoy poniendo la cara&#8221;, enfatiz\u00f3.&nbsp;&#8220;Si hubo un error o una negligencia, ac\u00e1 estoy. Pero no jueguen con la gente. Si hay otras hip\u00f3tesis, investiguen&#8221;, remarc\u00f3 Furfaro.<\/p>\n<h2>Investigaci\u00f3n por m\u00e1s de 90 muertes<\/h2>\n<p>El juez federal Ernesto Kreplak, quien lleva adelante la causa, dispuso el inicio de las pericias por parte del Cuerpo M\u00e9dico de la Corte Suprema de Justicia para el lunes 25 de agosto. El proceso consistir\u00e1 en<strong> analizar una muestra de 20 historias cl\u00ednicas<\/strong> de pacientes que fallecieron luego de que les suministraran el analg\u00e9sico.<\/p>\n<p>Esta nueva etapa de la<a href=\"https:\/\/www.iprofesional.com\/salud\/432146-megaoperativo-por-fentanilo-contaminado-termina-con-22-allanamientos\" target=\"_blank\" title=\"Realizan operativo por fentanilo contaminado con 22 allanamientos simult\u00e1neos\" rel=\"noopener noreferrer\"> investigaci\u00f3n comenzar\u00e1 tras la recepci\u00f3n de los informes<\/a> del Instituto Nacional de Enfermedades Infecciosas Dr. Carlos G. Malbr\u00e1n, cuyo personal analiz\u00f3 los lotes sospechosos.<\/p>\n<p>Adem\u00e1s, los especialistas del Instituto Malbr\u00e1n deber\u00e1n terminar la evaluaci\u00f3n el 19 de agosto para entregar el informe en la ma\u00f1ana siguiente, seg\u00fan lo orden\u00f3 el juez.<\/p>\n<p>Cinco d\u00edas despu\u00e9s, el Cuerpo M\u00e9dico de la Corte Suprema comenzar\u00e1 a analizar las 20 historias cl\u00ednicas de<strong> pacientes que fallecieron producto del fentanilo contaminado<\/strong>, seg\u00fan inform\u00f3 Rodrigo Alegre, periodista de TN. El objetivo del juez Kreplak es cotejar los resultados del instituto con los del cuerpo m\u00e9dico.<\/p>\n<p>Hasta el momento, se registraron<strong> 96 muertes por infecciones bacterianas graves.<\/strong> Los lotes se\u00f1alados son los 31.202 y 31.244, contaminados con las bacterias klebsiella pneumoniae y ralstonia pickettii, de acuerdo con la investigaci\u00f3n judicial.<\/p>\n<p>Ambos fueron fabricados en diciembre de 2024 por el laboratorio Ramallo S.A., asociado con el laboratorio HLB Pharma Group. Adem\u00e1s, estar\u00eda involucrado en el caso la droguer\u00eda Alfarma, encargada de importar el fentanilo en polvo.<\/p>\n<p>Las tres empresas mencionadas son manejadas por Garc\u00eda Furfaro, que en la \u00faltima semana present\u00f3 un escrito para<strong> pedir la postergaci\u00f3n de las pericias <\/strong>de la Corte Suprema. Sin embargo, el juez Kreplak se lo deneg\u00f3 y la investigaci\u00f3n comenzar\u00e1 en la fecha fijada.<\/p>\n<p>El principal sospechado tambi\u00e9n dijo: &#8220;\u00bfSi los servicios de inteligencia pudieron haber contaminado las ampollas? Puede ser una hip\u00f3tesis. \u00bfPor qu\u00e9 descartarla?&#8221;.<\/p>\n<p><strong>&#8220;Yo trabajaba, no mataba gente. Si soy culpable, lo decidir\u00e1 un juez&#8221;<\/strong>, finaliz\u00f3.<\/p>\n<\/p><\/div>\n","protected":false},"excerpt":{"rendered":"<p>El empresario, sospechado de distribuir el fentanilo contaminado que provoc\u00f3 la muerte de m\u00e1s de 90 personas, afirm\u00f3: &#8220;Si soy culpable lo decidir\u00e1 un juez&#8221; 16\/08\/2025 &#8211; 11:25hs En medio de la investigaci\u00f3n judicial por las m\u00e1s de 90 muertes por el uso del fentanilo contaminado en hospitales, el due\u00f1o del laboratorio investigado, Ariel Garc\u00eda [&hellip;]<\/p>\n","protected":false},"author":1,"featured_media":42127,"comment_status":"closed","ping_status":"closed","sticky":false,"template":"","format":"standard","meta":{"om_disable_all_campaigns":false,"_monsterinsights_skip_tracking":false,"_monsterinsights_sitenote_active":false,"_monsterinsights_sitenote_note":"","_monsterinsights_sitenote_category":0},"categories":[20],"tags":[],"aioseo_notices":[],"_links":{"self":[{"href":"https:\/\/economiapoliticacba.com\/index.php?rest_route=\/wp\/v2\/posts\/42126"}],"collection":[{"href":"https:\/\/economiapoliticacba.com\/index.php?rest_route=\/wp\/v2\/posts"}],"about":[{"href":"https:\/\/economiapoliticacba.com\/index.php?rest_route=\/wp\/v2\/types\/post"}],"author":[{"embeddable":true,"href":"https:\/\/economiapoliticacba.com\/index.php?rest_route=\/wp\/v2\/users\/1"}],"replies":[{"embeddable":true,"href":"https:\/\/economiapoliticacba.com\/index.php?rest_route=%2Fwp%2Fv2%2Fcomments&post=42126"}],"version-history":[{"count":0,"href":"https:\/\/economiapoliticacba.com\/index.php?rest_route=\/wp\/v2\/posts\/42126\/revisions"}],"wp:featuredmedia":[{"embeddable":true,"href":"https:\/\/economiapoliticacba.com\/index.php?rest_route=\/wp\/v2\/media\/42127"}],"wp:attachment":[{"href":"https:\/\/economiapoliticacba.com\/index.php?rest_route=%2Fwp%2Fv2%2Fmedia&parent=42126"}],"wp:term":[{"taxonomy":"category","embeddable":true,"href":"https:\/\/economiapoliticacba.com\/index.php?rest_route=%2Fwp%2Fv2%2Fcategories&post=42126"},{"taxonomy":"post_tag","embeddable":true,"href":"https:\/\/economiapoliticacba.com\/index.php?rest_route=%2Fwp%2Fv2%2Ftags&post=42126"}],"curies":[{"name":"wp","href":"https:\/\/api.w.org\/{rel}","templated":true}]}}