{"id":42046,"date":"2025-08-14T20:02:44","date_gmt":"2025-08-14T20:02:44","guid":{"rendered":"https:\/\/canalshowsport.com.ar\/?p=464346"},"modified":"2025-08-14T20:02:44","modified_gmt":"2025-08-14T20:02:44","slug":"rezzonico-conto-mentiras-y-verdades-del-pase-de-portillo-a-river","status":"publish","type":"post","link":"https:\/\/economiapoliticacba.com\/?p=42046","title":{"rendered":"Rezz\u00f3nico cont\u00f3 mentiras y verdades del pase de Portillo a River"},"content":{"rendered":"<p><strong>Juan Pablo Rezz\u00f3nico<\/strong>, ex jugador y actual representante de futbolistas, habl\u00f3 en el programa <em>Futbolemico<\/em> por Radio Showsport, y dio detalles sobre la salida de <strong>Juan Carlos Portillo<\/strong> de <strong>Talleres<\/strong>.<\/p>\n<p>El ex defensor explic\u00f3 que la operaci\u00f3n se dio en buenos t\u00e9rminos y que se pudo llevar adelante porque era algo beneficioso para todas las partes:<em> \u201cPor Portillo hab\u00eda llegado una oferta de 3.5 millones, donde el sueldo del jugador se triplicaba y era una propuesta muy buena de un club importante. Sin embargo, como era por debajo de lo que quer\u00eda Talleres, <strong>cuando el club dijo que no, lo entendimos y no reclamamos nada<\/strong>\u201d<\/em>, relat\u00f3.<\/p>\n<figure class=\"wp-block-image size-full\"><img loading=\"lazy\" fetchpriority=\"high\" decoding=\"async\" width=\"642\" height=\"361\" src=\"http:\/\/economiapoliticacba.com\/wp-content\/uploads\/2025\/08\/rezzonico-conto-mentiras-y-verdades-del-pase-de-portillo-a-river.jpg\" alt=\"Rezz\u00f3nico cont\u00f3 mentiras y verdades del pase de Portillo a River | Canal Showsport\" class=\"wp-image-464349\" srcset=\"http:\/\/economiapoliticacba.com\/wp-content\/uploads\/2025\/08\/rezzonico-conto-mentiras-y-verdades-del-pase-de-portillo-a-river.jpg 642w, http:\/\/economiapoliticacba.com\/wp-content\/uploads\/2025\/08\/rezzonico-conto-mentiras-y-verdades-del-pase-de-portillo-a-river-1.jpg 24w, http:\/\/economiapoliticacba.com\/wp-content\/uploads\/2025\/08\/rezzonico-conto-mentiras-y-verdades-del-pase-de-portillo-a-river-2.jpg 36w, http:\/\/economiapoliticacba.com\/wp-content\/uploads\/2025\/08\/rezzonico-conto-mentiras-y-verdades-del-pase-de-portillo-a-river-3.jpg 48w\" sizes=\"(max-width: 642px) 100vw, 642px\"><figcaption class=\"wp-element-caption\"> <\/figcaption><\/figure>\n<p><em>\u201cDespu\u00e9s lleg\u00f3 la oferta de River y ya habl\u00e1bamos de m\u00e1s de 5 millones, y la posici\u00f3n es diferente. <strong>Lo que hizo Talleres fue tratar de sacarle el mayor provecho a una venta que era inminente, entendiendo que el club tambi\u00e9n se beneficiaba mucho y que el jugador crec\u00eda. <\/strong>Los clubes son humanos en estas cuestiones\u201d<\/em>, cont\u00f3 sobre porque que aceptaron la propuesta de River Plate. <\/p>\n<p>El representante aclar\u00f3 que, pese a los rumores, nunca existieron actitudes de presi\u00f3n por parte del jugador destrabar la venta:<em> \u201c<strong>Es un futbolista que jug\u00f3 en todos los puestos menos en el que lo hab\u00edan comprado, porque vino como uno de los mejores volantes centrales y no s\u00e9 si jug\u00f3 dos partidos en esa posici\u00f3n<\/strong>. Cuando lleg\u00f3 la opci\u00f3n de River dijo que quer\u00eda irse, pero nunca dej\u00f3 de entrenar ni de jugar. Eso que se dijo no fue as\u00ed\u201d.<\/em><\/p>\n<figure class=\"wp-block-image size-full\"><img loading=\"lazy\" decoding=\"async\" width=\"750\" height=\"500\" alt=\"Rezz\u00f3nico cont\u00f3 mentiras y verdades del pase de Portillo a River | Canal Showsport\" class=\"wp-image-464350 lazyload\" data-sizes=\"(max-width: 750px) 100vw, 750px\" src=\"http:\/\/economiapoliticacba.com\/wp-content\/uploads\/2025\/08\/rezzonico-conto-mentiras-y-verdades-del-pase-de-portillo-a-river.webp\" srcset=\"http:\/\/economiapoliticacba.com\/wp-content\/uploads\/2025\/08\/rezzonico-conto-mentiras-y-verdades-del-pase-de-portillo-a-river.webp 750w, http:\/\/economiapoliticacba.com\/wp-content\/uploads\/2025\/08\/rezzonico-conto-mentiras-y-verdades-del-pase-de-portillo-a-river-1.webp 24w, http:\/\/economiapoliticacba.com\/wp-content\/uploads\/2025\/08\/rezzonico-conto-mentiras-y-verdades-del-pase-de-portillo-a-river-2.webp 36w, http:\/\/economiapoliticacba.com\/wp-content\/uploads\/2025\/08\/rezzonico-conto-mentiras-y-verdades-del-pase-de-portillo-a-river-3.webp 48w\"><figcaption class=\"wp-element-caption\"> <\/figcaption><\/figure>\n<p>Por \u00faltimo, Rezz\u00f3nico manifest\u00f3 que la relaci\u00f3n con el hincha de Talleres debe ser de mutuo agradecimiento: <em>\u201cCreo que la gente tiene que estar agradecida y contenta.<strong> A m\u00ed me pone orgulloso como hincha de mi club que los jugadores crezcan. Con Porti la mayor\u00eda que siente al club de verdad creo piensa lo mismo.<\/strong> Ojal\u00e1 vuelva el d\u00eda de ma\u00f1ana y que Talleres gane todo lo que pueda, con o sin Portillo\u201d.<\/em><\/p>\n<h3 class=\"wp-block-heading\">Mir\u00e1 el programa completo:<\/h3>\n<figure class=\"wp-block-embed is-type-video is-provider-youtube wp-block-embed-youtube wp-embed-aspect-16-9 wp-has-aspect-ratio\">\n<div class=\"wp-block-embed__wrapper\">\n<p><iframe loading=\"lazy\" title=\"FUTBOLEMICO EN VIVO 14\/08\/25 |\" width=\"500\" height=\"281\" src=\"https:\/\/www.youtube.com\/embed\/9rZfnq_HfP0?feature=oembed\" frameborder=\"0\" allow=\"accelerometer; autoplay; clipboard-write; encrypted-media; gyroscope; picture-in-picture; web-share\" referrerpolicy=\"strict-origin-when-cross-origin\" allowfullscreen>[embedded content]<\/iframe><\/p>\n<\/div>\n<\/figure>\n","protected":false},"excerpt":{"rendered":"<p>Juan Pablo Rezz\u00f3nico, ex jugador y actual representante de futbolistas, habl\u00f3 en el programa Futbolemico por Radio Showsport, y dio detalles sobre la salida de Juan Carlos Portillo de Talleres. El ex defensor explic\u00f3 que la operaci\u00f3n se dio en buenos t\u00e9rminos y que se pudo llevar adelante porque era algo beneficioso para todas las [&hellip;]<\/p>\n","protected":false},"author":1,"featured_media":42047,"comment_status":"closed","ping_status":"closed","sticky":false,"template":"","format":"standard","meta":{"om_disable_all_campaigns":false,"_monsterinsights_skip_tracking":false,"_monsterinsights_sitenote_active":false,"_monsterinsights_sitenote_note":"","_monsterinsights_sitenote_category":0},"categories":[16],"tags":[34,2953,2954,2172,36,2955],"aioseo_notices":[],"_links":{"self":[{"href":"https:\/\/economiapoliticacba.com\/index.php?rest_route=\/wp\/v2\/posts\/42046"}],"collection":[{"href":"https:\/\/economiapoliticacba.com\/index.php?rest_route=\/wp\/v2\/posts"}],"about":[{"href":"https:\/\/economiapoliticacba.com\/index.php?rest_route=\/wp\/v2\/types\/post"}],"author":[{"embeddable":true,"href":"https:\/\/economiapoliticacba.com\/index.php?rest_route=\/wp\/v2\/users\/1"}],"replies":[{"embeddable":true,"href":"https:\/\/economiapoliticacba.com\/index.php?rest_route=%2Fwp%2Fv2%2Fcomments&post=42046"}],"version-history":[{"count":0,"href":"https:\/\/economiapoliticacba.com\/index.php?rest_route=\/wp\/v2\/posts\/42046\/revisions"}],"wp:featuredmedia":[{"embeddable":true,"href":"https:\/\/economiapoliticacba.com\/index.php?rest_route=\/wp\/v2\/media\/42047"}],"wp:attachment":[{"href":"https:\/\/economiapoliticacba.com\/index.php?rest_route=%2Fwp%2Fv2%2Fmedia&parent=42046"}],"wp:term":[{"taxonomy":"category","embeddable":true,"href":"https:\/\/economiapoliticacba.com\/index.php?rest_route=%2Fwp%2Fv2%2Fcategories&post=42046"},{"taxonomy":"post_tag","embeddable":true,"href":"https:\/\/economiapoliticacba.com\/index.php?rest_route=%2Fwp%2Fv2%2Ftags&post=42046"}],"curies":[{"name":"wp","href":"https:\/\/api.w.org\/{rel}","templated":true}]}}