{"id":42006,"date":"2025-08-13T16:34:00","date_gmt":"2025-08-13T16:34:00","guid":{"rendered":"https:\/\/www.iprofesional.com\/legales\/435123-atentado-a-cristina-kirchner-piden-15-anos-de-prision-para-sabag-montiel-y-brenda-uliarte"},"modified":"2025-08-13T16:34:00","modified_gmt":"2025-08-13T16:34:00","slug":"piden-15-anos-de-prision-para-sabag-montiel-y-brenda-uliarte-por-el-atentado-a-cristina-kirchner","status":"publish","type":"post","link":"https:\/\/economiapoliticacba.com\/?p=42006","title":{"rendered":"Piden 15 a\u00f1os de prisi\u00f3n para Sabag Montiel y Brenda Uliarte por el atentado a Cristina Kirchner"},"content":{"rendered":"<p><img src=\"http:\/\/economiapoliticacba.com\/wp-content\/uploads\/2025\/08\/piden-15-anos-de-prision-para-sabag-montiel-y-brenda-uliarte-por-el-atentado-a-cristina-kirchner.jpg\"><\/p>\n<div><img src=\"http:\/\/economiapoliticacba.com\/wp-content\/uploads\/2025\/08\/piden-15-anos-de-prision-para-sabag-montiel-y-brenda-uliarte-por-el-atentado-a-cristina-kirchner.webp\" class=\"ff-og-image-inserted\"><\/div>\n<p>El juicio oral por el intento de asesinato contra la exvicepresidenta&nbsp;<strong>Cristina Kirchner<\/strong> ingres\u00f3 en su etapa final este mi\u00e9rcoles. La exmandataria sigui\u00f3 la audiencia desde su domicilio, donde cumple prisi\u00f3n domiciliaria por la condena en la causa Vialidad.<\/p>\n<p>Sus abogados, <strong>Juan Manuel Ubeira<\/strong> y <strong>Marcos Aldazabal<\/strong>, presentaron los alegatos finales y pidieron <strong>15 a\u00f1os de prisi\u00f3n<\/strong> para <a href=\"https:\/\/www.iprofesional.com\/actualidad\/368861-atentado-a-cristina-afirman-que-sabag-montiel-no-actuo-solo\" target=\"_blank\" title=\"Fernando Sabag Montiel\" rel=\"noopener noreferrer\"><strong>Fernando Sabag Montiel<\/strong><\/a> y <strong>Brenda Uliarte<\/strong>, acusados de ser coautores del atentado ocurrido el 1 de septiembre de 2022. En cambio, dejaron fuera de la acusaci\u00f3n a <strong>Nicol\u00e1s Carrizo<\/strong>, por considerar que no existen pruebas suficientes en su contra.<\/p>\n<h2>La acusaci\u00f3n y los hechos<\/h2>\n<p>Sabag Montiel y Uliarte est\u00e1n imputados por <strong>&#8220;homicidio triplemente calificado por mediar violencia de g\u00e9nero, por alevos\u00eda y por el concurso premeditado de dos o m\u00e1s personas, <a href=\"https:\/\/www.iprofesional.com\/actualidad\/408610-juicio-por-el-atentado-a-cristina-kirchner-que-declaro-el-principal-acusado\" target=\"_blank\" title=\"agravado por el empleo de un arma de fuego, en grado de tentativa\" rel=\"noopener noreferrer\">agravado por el empleo de un arma de fuego, en grado de tentativa<\/a>&#8220;<\/strong>.<\/p>\n<p>Seg\u00fan la acusaci\u00f3n, <strong><a href=\"https:\/\/www.iprofesional.com\/actualidad\/368991-video-sabag-montiel-y-su-novia-habrian-planeado-el-atentado\" target=\"_blank\" title=\"Sabag Montiel\" rel=\"noopener noreferrer\">Sabag Montiel<\/a> fue quien gatill\u00f3 un arma cargada a cent\u00edmetros de la cabeza de Cristina Kirchner<\/strong>, mientras que <strong>Uliarte particip\u00f3 en la planificaci\u00f3n y estuvo presente durante el ataque<\/strong>. El arma, confirmaron los peritos, era apta para el disparo y hab\u00eda sido probada en numerosas ocasiones, aunque en el momento del hecho no hab\u00eda munici\u00f3n en la rec\u00e1mara.<\/p>\n<p>Aldazabal asegur\u00f3 que Uliarte port\u00f3 un arma similar meses antes del atentado y coment\u00f3 a allegados que &#8220;hab\u00eda que matar a Cristina&#8221; y que ella ser\u00eda la organizadora. Por ello, la querella considera que ambos actuaron como &#8220;coautores funcionales&#8221;.<\/p>\n<h2>Exclusi\u00f3n de Carrizo<\/h2>\n<p>El tercer imputado, Nicol\u00e1s Carrizo, fue mencionado como l\u00edder de un grupo vinculado a la venta de copos de az\u00facar, del que habr\u00edan participado Sabag Montiel y Uliarte. Sin embargo, la querella desisti\u00f3 de acusarlo.<\/p>\n<p>&#8220;Despu\u00e9s de todo el proceso, no existen elementos para acusarlo hoy&#8221;, explic\u00f3 Aldazabal. Seg\u00fan el abogado, la propia Cristina Kirchner apoy\u00f3 la decisi\u00f3n: &#8220;Yo no uso el derecho penal para hacer pol\u00edtica ni para vengarme. Si no hay que acusarlo, no lo acusen&#8221;.<\/p>\n<h2>Cr\u00edticas a la jueza Capuchetti y pr\u00f3ximas instancias<\/h2>\n<p>En su alegato, Aldazabal apunt\u00f3 contra la jueza federal <strong>Mar\u00eda Eugenia Capuchetti<\/strong>, a cargo de la instrucci\u00f3n inicial. La acus\u00f3 de <strong>&#8220;obstruir todas las l\u00edneas de investigaci\u00f3n&#8221;<\/strong>, encubrir a sospechosos y <strong>&#8220;revictimizar&#8221;<\/strong> a la exvicepresidenta.<\/p>\n<p>Mencion\u00f3 como ejemplo lo ocurrido con el <a href=\"https:\/\/www.iprofesional.com\/actualidad\/378722-sabag-montiel-hablo-del-atentado-a-cristina-kirchner-que-dijo\" target=\"_blank\" title=\"celular de Sabag Montiel\" rel=\"noopener noreferrer\">celular de Sabag Montiel<\/a>, que consider\u00f3 una prueba clave, y cuestion\u00f3 demoras en detener a Uliarte, la difusi\u00f3n de informaci\u00f3n bajo secreto de sumario y el rechazo a investigar a la agrupaci\u00f3n Revoluci\u00f3n Federal.<\/p>\n<p>Tras los alegatos de la querella, el juicio continuar\u00e1 el&nbsp;<strong>20 de agosto<\/strong>, cuando la fiscal <strong>Gabriela Baig\u00fan<\/strong> presente su acusaci\u00f3n formal. Luego ser\u00e1 el turno de las defensas.<\/p>\n<p>El tribunal est\u00e1 integrado por <strong>Sabrina Namer<\/strong>, <strong>Ignacio Fornari<\/strong> y <strong>Adri\u00e1n Gr\u00fcnberg<\/strong>, quienes deber\u00e1n emitir el veredicto una vez concluidas todas las exposiciones.<\/p>\n<p>En su pedido final, Aldazabal subray\u00f3 los agravantes: &#8220;No solo se atent\u00f3 contra la figura pol\u00edtica m\u00e1s importante de la Argentina, sino que adem\u00e1s molestaba que fuera mujer&#8221;. Tambi\u00e9n insisti\u00f3 en que la tentativa estuvo plenamente acreditada por registros f\u00edlmicos, pericias qu\u00edmicas, testimonios presenciales y la confesi\u00f3n del propio Sabag Montiel.<\/p>\n<p>La querella solicit\u00f3 la <strong>pena m\u00e1xima prevista<\/strong> para este tipo de tentativa de homicidio agravado: 15 a\u00f1os de prisi\u00f3n para ambos acusados, aunque aclar\u00f3 que podr\u00edan considerarse atenuantes para Uliarte.<\/p>\n<p>El caso, que conmocion\u00f3 al pa\u00eds, se encamina as\u00ed a su resoluci\u00f3n judicial, con un fallo que podr\u00eda conocerse en las pr\u00f3ximas semanas.<\/p>\n","protected":false},"excerpt":{"rendered":"<p>El juicio oral por el intento de asesinato contra la exvicepresidenta&nbsp;Cristina Kirchner ingres\u00f3 en su etapa final este mi\u00e9rcoles. La exmandataria sigui\u00f3 la audiencia desde su domicilio, donde cumple prisi\u00f3n domiciliaria por la condena en la causa Vialidad. Sus abogados, Juan Manuel Ubeira y Marcos Aldazabal, presentaron los alegatos finales y pidieron 15 a\u00f1os de [&hellip;]<\/p>\n","protected":false},"author":1,"featured_media":42007,"comment_status":"closed","ping_status":"closed","sticky":false,"template":"","format":"standard","meta":{"om_disable_all_campaigns":false,"_monsterinsights_skip_tracking":false,"_monsterinsights_sitenote_active":false,"_monsterinsights_sitenote_note":"","_monsterinsights_sitenote_category":0},"categories":[20],"tags":[],"aioseo_notices":[],"_links":{"self":[{"href":"https:\/\/economiapoliticacba.com\/index.php?rest_route=\/wp\/v2\/posts\/42006"}],"collection":[{"href":"https:\/\/economiapoliticacba.com\/index.php?rest_route=\/wp\/v2\/posts"}],"about":[{"href":"https:\/\/economiapoliticacba.com\/index.php?rest_route=\/wp\/v2\/types\/post"}],"author":[{"embeddable":true,"href":"https:\/\/economiapoliticacba.com\/index.php?rest_route=\/wp\/v2\/users\/1"}],"replies":[{"embeddable":true,"href":"https:\/\/economiapoliticacba.com\/index.php?rest_route=%2Fwp%2Fv2%2Fcomments&post=42006"}],"version-history":[{"count":0,"href":"https:\/\/economiapoliticacba.com\/index.php?rest_route=\/wp\/v2\/posts\/42006\/revisions"}],"wp:featuredmedia":[{"embeddable":true,"href":"https:\/\/economiapoliticacba.com\/index.php?rest_route=\/wp\/v2\/media\/42007"}],"wp:attachment":[{"href":"https:\/\/economiapoliticacba.com\/index.php?rest_route=%2Fwp%2Fv2%2Fmedia&parent=42006"}],"wp:term":[{"taxonomy":"category","embeddable":true,"href":"https:\/\/economiapoliticacba.com\/index.php?rest_route=%2Fwp%2Fv2%2Fcategories&post=42006"},{"taxonomy":"post_tag","embeddable":true,"href":"https:\/\/economiapoliticacba.com\/index.php?rest_route=%2Fwp%2Fv2%2Ftags&post=42006"}],"curies":[{"name":"wp","href":"https:\/\/api.w.org\/{rel}","templated":true}]}}