{"id":41970,"date":"2025-08-12T14:15:00","date_gmt":"2025-08-12T14:15:00","guid":{"rendered":"https:\/\/www.iprofesional.com\/legales\/434997-condenan-a-empresa-a-pagar-una-suma-millonaria-por-no-dar-de-baja-un-servicio"},"modified":"2025-08-12T14:15:00","modified_gmt":"2025-08-12T14:15:00","slug":"condena-millonaria-a-empresa-que-no-dio-de-baja-el-servicio-solicitado-por-el-cliente-de-manera-telefonica","status":"publish","type":"post","link":"https:\/\/economiapoliticacba.com\/?p=41970","title":{"rendered":"Condena millonaria a empresa que no dio de baja el servicio solicitado por el cliente de manera telef\u00f3nica"},"content":{"rendered":"<p><img src=\"http:\/\/economiapoliticacba.com\/wp-content\/uploads\/2025\/08\/condena-millonaria-a-empresa-que-no-dio-de-baja-el-servicio-solicitado-por-el-cliente-de-manera-telefonica.jpg\"><\/p>\n<div id>\n<p> Un fallo civil orden\u00f3 a una empresa a abonar un resarcimiento por da\u00f1o moral y punitivo por seguir cobrando el servicio. Los argumentos <\/p>\n<p><strong>12\/08\/2025<\/strong> &#8211; 11:15hs<\/p>\n<div class=\"image-container img-wide padding-b\"> <picture><source media=\"(max-width:360px)\" srcset=\"https:\/\/resizer.iproimg.com\/unsafe\/360x\/filters:format(webp):quality(85):max_bytes(102400)\/https:\/\/assets.iprofesional.com\/assets\/jpg\/2020\/12\/509132.jpg\" data-srcset=\"https:\/\/resizer.iproimg.com\/unsafe\/360x\/filters:format(webp):quality(85):max_bytes(102400)\/https:\/\/assets.iprofesional.com\/assets\/jpg\/2020\/12\/509132.jpg\" class><source media=\"(max-width:430px)\" srcset=\"https:\/\/resizer.iproimg.com\/unsafe\/360x\/filters:format(webp):quality(85):max_bytes(102400)\/https:\/\/assets.iprofesional.com\/assets\/jpg\/2020\/12\/509132.jpg\" data-srcset=\"https:\/\/resizer.iproimg.com\/unsafe\/360x\/filters:format(webp):quality(85):max_bytes(102400)\/https:\/\/assets.iprofesional.com\/assets\/jpg\/2020\/12\/509132.jpg\" class><source media=\"(max-width:956px)\" srcset=\"https:\/\/resizer.iproimg.com\/unsafe\/640x\/filters:format(webp):quality(85):max_bytes(102400)\/https:\/\/assets.iprofesional.com\/assets\/jpg\/2020\/12\/509132.jpg\" data-srcset=\"https:\/\/resizer.iproimg.com\/unsafe\/640x\/filters:format(webp):quality(85):max_bytes(102400)\/https:\/\/assets.iprofesional.com\/assets\/jpg\/2020\/12\/509132.jpg\" class><img loading=\"lazy\" src=\"http:\/\/economiapoliticacba.com\/wp-content\/uploads\/2025\/08\/condena-millonaria-a-empresa-que-no-dio-de-baja-el-servicio-solicitado-por-el-cliente-de-manera-telefonica.webp\" data-src=\"http:\/\/economiapoliticacba.com\/wp-content\/uploads\/2025\/08\/condena-millonaria-a-empresa-que-no-dio-de-baja-el-servicio-solicitado-por-el-cliente-de-manera-telefonica.webp\" class alt=\"legales\" width=\"1280px\" height=\"720px\"> <\/picture> <\/div><\/div>\n<div readability=\"103.43685249137\">\n<p>El Juzgado Civil N\u00b0 3 de Viedma conden\u00f3 a una empresa de seguridad privada a <a href=\"https:\/\/www.iprofesional.com\/legales\/418217-una-buena-para-consumidores-justicia-impone-mayores-multas-a-empresas-incumplidoras\" target=\"_blank\" title=\"pagar m\u00e1s de $2,2 millones a un cliente por da\u00f1o moral y punitivo\" rel=\"noopener noreferrer\">pagar m\u00e1s de $2,2 millones a un cliente por da\u00f1o moral y punitivo<\/a>, al considerar que hab\u00eda incumplido con la baja de un servicio de alarma solicitado telef\u00f3nicamente y le segu\u00edan realizando el d\u00e9bito autom\u00e1tico.<\/p>\n<p>El expediente&nbsp;<strong>&#8220;Mastr\u00e1ngelo Rodolfo Hugo c\/ ADT Security Services S.A. s\/ da\u00f1os y perjuicios (sumar\u00edsimo)&#8221;<\/strong> tuvo origen en la contrataci\u00f3n de un <strong>servicio de alarmas residenciales<\/strong> por parte del actor, con d\u00e9bito autom\u00e1tico en su tarjeta Visa Platinum del Banco Patagonia. Tras solicitar telef\u00f3nicamente la <strong>baja del servicio<\/strong>, not\u00f3 que la empresa continu\u00f3 realizando <strong>d\u00e9bitos mensuales<\/strong> por un total de cuatro per\u00edodos.<\/p>\n<p>Ante la falta de devoluci\u00f3n inmediata, el actor remiti\u00f3 carta documento reclamando el reintegro. Tambi\u00e9n solicit\u00f3 el beneficio de gratuidad bajo el art. 53 de la <strong>Ley de Defensa del Consumidor (LDC)<\/strong> y la publicaci\u00f3n de la condena en un medio de alcance nacional.<\/p>\n<p>La empresa neg\u00f3 la solicitud de baja y afirm\u00f3 que el contrato permaneci\u00f3 vigente en los per\u00edodos facturados. Sostuvo que el <strong>servicio fue prestado normalmente<\/strong>, que en agosto de 2019 se detect\u00f3 la desconexi\u00f3n con el domicilio y que en diciembre de ese a\u00f1o <strong>emiti\u00f3 notas de cr\u00e9dito<\/strong> y gestion\u00f3 la devoluci\u00f3n v\u00eda contracargo.<\/p>\n<p>Tambi\u00e9n se opuso al beneficio de gratuidad, invoc\u00f3 la <strong>teor\u00eda de los actos propios<\/strong> y pidi\u00f3 el rechazo total de la demanda.<\/p>\n<h2>Responsabilidad objetiva, cargas din\u00e1micas y est\u00e1ndar probatorio<\/h2>\n<p>El magistrado encuadr\u00f3 la relaci\u00f3n bajo el <a href=\"https:\/\/www.iprofesional.com\/actualidad\/425635-un-banco-debera-indemnizar-a-un-cliente-por-cancelar-su-tarjeta-de-credito-sin-aviso\" target=\"_blank\" title=\"r\u00e9gimen tuitivo de la LDC\" rel=\"noopener noreferrer\"><strong>r\u00e9gimen tuitivo de la LDC<\/strong><\/a>, destacando que su car\u00e1cter de orden p\u00fablico y jerarqu\u00eda constitucional impone una interpretaci\u00f3n favorable al consumidor (art. 42 CN y art. 30 de la Constituci\u00f3n de R\u00edo Negro). En este contexto, el <strong>art. 40<\/strong> de la LDC establece un sistema de <strong>responsabilidad objetiva<\/strong> que obliga al proveedor a demostrar que la causa del da\u00f1o le es ajena, configurando una inversi\u00f3n de la carga probatoria cuando el consumidor es la parte m\u00e1s d\u00e9bil de la relaci\u00f3n.<\/p>\n<p>El fallo aplic\u00f3 el <strong>principio de cargas din\u00e1micas de la prueba<\/strong>, derivado del art. 53 de la LDC y la jurisprudencia de la Corte Suprema, se\u00f1alando que corresponde al proveedor aportar toda la informaci\u00f3n y registros que obren en su poder para esclarecer los hechos. Esta doctrina, asentada en la idea de que el proveedor se encuentra en &#8220;mejores condiciones de probar&#8221;, flexibiliza la regla general de que quien alega debe probar, trasladando la carga cuando el acceso a la evidencia es desigual.<\/p>\n<p>En el caso, la empresa no acredit\u00f3 la inexistencia del pedido de baja ni exhibi\u00f3 registros internos que pudieran corroborar su posici\u00f3n. Por el contrario, la <strong>posterior devoluci\u00f3n de los importes<\/strong> cobr\u00f3 especial relevancia probatoria, ya que fue interpretada como un reconocimiento impl\u00edcito de la veracidad del reclamo. El juez concluy\u00f3 que esta omisi\u00f3n configur\u00f3 un incumplimiento contractual y una conducta antijur\u00eddica en el marco de la LDC y del C\u00f3digo Civil y Comercial, habilitando la reparaci\u00f3n de los da\u00f1os y la imposici\u00f3n de sanciones.<\/p>\n<p>El juez tuvo en cuenta el informe del Banco Patagonia, que confirm\u00f3 que en mayo, junio y julio de 2019 se realizaron d\u00e9bitos por $5.123,98 y $2.561,99 en dos oportunidades. La devoluci\u00f3n posterior de esas sumas, acreditada por el mismo banco, fue interpretada como un&nbsp;<strong>indicio de reconocimiento del <a href=\"https:\/\/www.iprofesional.com\/index.php\/legales\/431506-una-mujer-sera-indemnizada-con-36-millones-por-una-caida-en-un-shopping-porteno\" target=\"_blank\" title=\"reclamo del consumidor\" rel=\"noopener noreferrer\">reclamo del consumidor<\/a><\/strong>.<\/p>\n<p>El juez resolvi\u00f3 hacer lugar parcialmente a la demanda, conden\u00f3 a <strong>ADT Security Services S.A.<\/strong> a abonar a su excliente la suma de&nbsp;<strong>$751.500 en concepto de da\u00f1o moral<\/strong>, calculada a partir de un capital de $500.000 m\u00e1s intereses desde el primer cobro indebido, y <strong>$1.500.000 en concepto de da\u00f1o punitivo<\/strong> en los t\u00e9rminos del art. 52 bis de la LDC, tras considerar que la empresa incurri\u00f3 en un incumplimiento contractual grave al no registrar la baja solicitada y continuar facturando el servicio.<\/p>\n<p>Ambas sumas devengar\u00e1n intereses desde la fecha de la sentencia hasta su efectivo pago.<\/p>\n<\/p><\/div>\n","protected":false},"excerpt":{"rendered":"<p>Un fallo civil orden\u00f3 a una empresa a abonar un resarcimiento por da\u00f1o moral y punitivo por seguir cobrando el servicio. Los argumentos 12\/08\/2025 &#8211; 11:15hs El Juzgado Civil N\u00b0 3 de Viedma conden\u00f3 a una empresa de seguridad privada a pagar m\u00e1s de $2,2 millones a un cliente por da\u00f1o moral y punitivo, al [&hellip;]<\/p>\n","protected":false},"author":1,"featured_media":41971,"comment_status":"closed","ping_status":"closed","sticky":false,"template":"","format":"standard","meta":{"om_disable_all_campaigns":false,"_monsterinsights_skip_tracking":false,"_monsterinsights_sitenote_active":false,"_monsterinsights_sitenote_note":"","_monsterinsights_sitenote_category":0},"categories":[20],"tags":[],"aioseo_notices":[],"_links":{"self":[{"href":"https:\/\/economiapoliticacba.com\/index.php?rest_route=\/wp\/v2\/posts\/41970"}],"collection":[{"href":"https:\/\/economiapoliticacba.com\/index.php?rest_route=\/wp\/v2\/posts"}],"about":[{"href":"https:\/\/economiapoliticacba.com\/index.php?rest_route=\/wp\/v2\/types\/post"}],"author":[{"embeddable":true,"href":"https:\/\/economiapoliticacba.com\/index.php?rest_route=\/wp\/v2\/users\/1"}],"replies":[{"embeddable":true,"href":"https:\/\/economiapoliticacba.com\/index.php?rest_route=%2Fwp%2Fv2%2Fcomments&post=41970"}],"version-history":[{"count":0,"href":"https:\/\/economiapoliticacba.com\/index.php?rest_route=\/wp\/v2\/posts\/41970\/revisions"}],"wp:featuredmedia":[{"embeddable":true,"href":"https:\/\/economiapoliticacba.com\/index.php?rest_route=\/wp\/v2\/media\/41971"}],"wp:attachment":[{"href":"https:\/\/economiapoliticacba.com\/index.php?rest_route=%2Fwp%2Fv2%2Fmedia&parent=41970"}],"wp:term":[{"taxonomy":"category","embeddable":true,"href":"https:\/\/economiapoliticacba.com\/index.php?rest_route=%2Fwp%2Fv2%2Fcategories&post=41970"},{"taxonomy":"post_tag","embeddable":true,"href":"https:\/\/economiapoliticacba.com\/index.php?rest_route=%2Fwp%2Fv2%2Ftags&post=41970"}],"curies":[{"name":"wp","href":"https:\/\/api.w.org\/{rel}","templated":true}]}}