{"id":41936,"date":"2025-08-12T01:57:56","date_gmt":"2025-08-12T01:57:56","guid":{"rendered":"https:\/\/canalshowsport.com.ar\/?p=463950"},"modified":"2025-08-12T01:57:56","modified_gmt":"2025-08-12T01:57:56","slug":"por-el-camino-correcto-belgrano-retorno-a-los-entrenamientos-y-ya-piensa-en-su-proximo-objetivo","status":"publish","type":"post","link":"https:\/\/economiapoliticacba.com\/?p=41936","title":{"rendered":"Por el camino correcto: Belgrano retorn\u00f3 a los entrenamientos y ya piensa en su pr\u00f3ximo objetivo"},"content":{"rendered":"<p>El equipo de &#8220;Ruso&#8221; Zielinski comenz\u00f3 la semana practicando en Villa Esqui\u00fa, con <strong>el foco puesto en la quinta jornada del Torneo Clausura<\/strong>. El pr\u00f3ximo viernes, viajar\u00e1 a Mar del Plata para medirse ante el &#8220;Tibur\u00f3n&#8221;. <\/p>\n<p>Hasta el jueves, el plantel se mantendr\u00e1 trabajando en C\u00f3rdoba, mientras se sigue desarrollando la negociaci\u00f3n por el futuro de <strong>Mariano Troilo<\/strong>. El defensor disput\u00f3 la totalidad del partido ante Banfield y no manifiest\u00f3 indicios acerca de su futuro. <\/p>\n<blockquote class=\"twitter-tweet\" readability=\"2.9901960784314\">\n<p lang=\"es\" dir=\"ltr\">\u00a1SEGUIMOS! <\/p>\n<p>\ud83c\udfaf Objetivo: Aldosivi <a href=\"https:\/\/t.co\/BsEpWWVdcP\" target=\"_blank\" rel=\"noopener\">pic.twitter.com\/BsEpWWVdcP<\/a><\/p>\n<p>\u2014 Belgrano (@Belgrano) <a href=\"https:\/\/twitter.com\/Belgrano\/status\/1954927901968884119?ref_src=twsrc%5Etfw\" target=\"_blank\" rel=\"noopener\">August 11, 2025<\/a><\/p><\/blockquote>\n<p>Tras la victoria en Alberdi, el autor del primer gol ante el &#8220;Taladro&#8221;, <strong>Gabriel Compagnucci<\/strong>, se refiri\u00f3 acerca del buen momento del equipo y su adaptaci\u00f3n en el puesto: <em>&#8220;Esto reci\u00e9n empieza, tenemos que ir por m\u00e1s. Donde el t\u00e9cnico me necesite voy a estar predispuesto. Me siento respaldado con los tres que tengo atr\u00e1s y juego con libertad para ir hacia adelante tambi\u00e9n&#8221;<\/em>.<\/p>\n<p>Adem\u00e1s, <strong>llen\u00f3 de elogios al &#8220;Chino&#8221;<\/strong>, qui\u00e9n agigant\u00f3 su figura y logr\u00f3 convertir su <strong>primer gol en el Julio C\u00e9sar Villagra<\/strong>: &#8220;Lo que ven ustedes lo vemos nosotros todos los d\u00edas. Tenemos que acompa\u00f1arlo para que se sienta feliz dentro de la cancha. Si \u00e9l est\u00e1 feliz, hace lo que est\u00e1 haciendo ahora&#8221;.<\/p>\n<figure class=\"wp-block-image size-full\"><img loading=\"lazy\" fetchpriority=\"high\" decoding=\"async\" width=\"2560\" height=\"1440\" src=\"http:\/\/economiapoliticacba.com\/wp-content\/uploads\/2025\/08\/por-el-camino-correcto-belgrano-retorno-a-los-entrenamientos-y-ya-piensa-en-su-proximo-objetivo.jpg\" alt=\"Por el camino correcto: Belgrano retorn\u00f3 a los entrenamientos y ya piensa en su pr\u00f3ximo objetivo | Canal Showsport\" class=\"wp-image-463973\" srcset=\"http:\/\/economiapoliticacba.com\/wp-content\/uploads\/2025\/08\/por-el-camino-correcto-belgrano-retorno-a-los-entrenamientos-y-ya-piensa-en-su-proximo-objetivo.jpg 2560w, http:\/\/economiapoliticacba.com\/wp-content\/uploads\/2025\/08\/por-el-camino-correcto-belgrano-retorno-a-los-entrenamientos-y-ya-piensa-en-su-proximo-objetivo-3.jpg 768w, http:\/\/economiapoliticacba.com\/wp-content\/uploads\/2025\/08\/por-el-camino-correcto-belgrano-retorno-a-los-entrenamientos-y-ya-piensa-en-su-proximo-objetivo-4.jpg 1536w, http:\/\/economiapoliticacba.com\/wp-content\/uploads\/2025\/08\/por-el-camino-correcto-belgrano-retorno-a-los-entrenamientos-y-ya-piensa-en-su-proximo-objetivo-5.jpg 2048w, http:\/\/economiapoliticacba.com\/wp-content\/uploads\/2025\/08\/por-el-camino-correcto-belgrano-retorno-a-los-entrenamientos-y-ya-piensa-en-su-proximo-objetivo-6.jpg 24w, http:\/\/economiapoliticacba.com\/wp-content\/uploads\/2025\/08\/por-el-camino-correcto-belgrano-retorno-a-los-entrenamientos-y-ya-piensa-en-su-proximo-objetivo-7.jpg 36w, http:\/\/economiapoliticacba.com\/wp-content\/uploads\/2025\/08\/por-el-camino-correcto-belgrano-retorno-a-los-entrenamientos-y-ya-piensa-en-su-proximo-objetivo-8.jpg 48w, http:\/\/economiapoliticacba.com\/wp-content\/uploads\/2025\/08\/por-el-camino-correcto-belgrano-retorno-a-los-entrenamientos-y-ya-piensa-en-su-proximo-objetivo-9.jpg 750w, http:\/\/economiapoliticacba.com\/wp-content\/uploads\/2025\/08\/por-el-camino-correcto-belgrano-retorno-a-los-entrenamientos-y-ya-piensa-en-su-proximo-objetivo-10.jpg 1140w\" sizes=\"(max-width: 2560px) 100vw, 2560px\"><figcaption class=\"wp-element-caption\">Gabriel Compagnucci tras su gol. (Foto Prensa Belgrano)<\/figcaption><\/figure>\n<p>Quien se sum\u00f3 al manifiesto fue <strong>Lisandro L\u00f3pez<\/strong>, ya que el defensor dialog\u00f3 este lunes con <em>Cadena 3<\/em> y valor\u00f3 el cari\u00f1o de los hinchas. <em>&#8220;El hincha es muy pasional y fiel. Si jug\u00e1ramos en la otra punta del pa\u00eds, ir\u00edan a vernos igual&#8221;<\/em>.<\/p>\n<p>Por \u00faltimo, habl\u00f3 acerca de <strong>su llegada al club y objetivo<\/strong>: <em>&#8220;No quiero ser figura, ni vengo en plan de ser capit\u00e1n, solo quiero ayudar a mis compa\u00f1eros. Obvio que por mi forma de ser los voy a cansar a todos&#8221;<\/em>, sentenci\u00f3.<\/p>\n<figure class=\"wp-block-image size-full\"><img loading=\"lazy\" decoding=\"async\" width=\"2560\" height=\"1440\" alt=\"Por el camino correcto: Belgrano retorn\u00f3 a los entrenamientos y ya piensa en su pr\u00f3ximo objetivo | Canal Showsport\" class=\"wp-image-463974 lazyload\" data-sizes=\"(max-width: 2560px) 100vw, 2560px\" src=\"http:\/\/economiapoliticacba.com\/wp-content\/uploads\/2025\/08\/por-el-camino-correcto-belgrano-retorno-a-los-entrenamientos-y-ya-piensa-en-su-proximo-objetivo-1.jpg\" srcset=\"http:\/\/economiapoliticacba.com\/wp-content\/uploads\/2025\/08\/por-el-camino-correcto-belgrano-retorno-a-los-entrenamientos-y-ya-piensa-en-su-proximo-objetivo-1.jpg 2560w, http:\/\/economiapoliticacba.com\/wp-content\/uploads\/2025\/08\/por-el-camino-correcto-belgrano-retorno-a-los-entrenamientos-y-ya-piensa-en-su-proximo-objetivo-11.jpg 768w, http:\/\/economiapoliticacba.com\/wp-content\/uploads\/2025\/08\/por-el-camino-correcto-belgrano-retorno-a-los-entrenamientos-y-ya-piensa-en-su-proximo-objetivo-12.jpg 1536w, http:\/\/economiapoliticacba.com\/wp-content\/uploads\/2025\/08\/por-el-camino-correcto-belgrano-retorno-a-los-entrenamientos-y-ya-piensa-en-su-proximo-objetivo-13.jpg 2048w, http:\/\/economiapoliticacba.com\/wp-content\/uploads\/2025\/08\/por-el-camino-correcto-belgrano-retorno-a-los-entrenamientos-y-ya-piensa-en-su-proximo-objetivo-14.jpg 24w, http:\/\/economiapoliticacba.com\/wp-content\/uploads\/2025\/08\/por-el-camino-correcto-belgrano-retorno-a-los-entrenamientos-y-ya-piensa-en-su-proximo-objetivo-15.jpg 36w, http:\/\/economiapoliticacba.com\/wp-content\/uploads\/2025\/08\/por-el-camino-correcto-belgrano-retorno-a-los-entrenamientos-y-ya-piensa-en-su-proximo-objetivo-16.jpg 48w, http:\/\/economiapoliticacba.com\/wp-content\/uploads\/2025\/08\/por-el-camino-correcto-belgrano-retorno-a-los-entrenamientos-y-ya-piensa-en-su-proximo-objetivo-17.jpg 750w, http:\/\/economiapoliticacba.com\/wp-content\/uploads\/2025\/08\/por-el-camino-correcto-belgrano-retorno-a-los-entrenamientos-y-ya-piensa-en-su-proximo-objetivo-18.jpg 1140w\"><figcaption class=\"wp-element-caption\">Foto Prensa Belgrano<\/figcaption><\/figure>\n","protected":false},"excerpt":{"rendered":"<p>El equipo de &#8220;Ruso&#8221; Zielinski comenz\u00f3 la semana practicando en Villa Esqui\u00fa, con el foco puesto en la quinta jornada del Torneo Clausura. El pr\u00f3ximo viernes, viajar\u00e1 a Mar del Plata para medirse ante el &#8220;Tibur\u00f3n&#8221;. Hasta el jueves, el plantel se mantendr\u00e1 trabajando en C\u00f3rdoba, mientras se sigue desarrollando la negociaci\u00f3n por el futuro [&hellip;]<\/p>\n","protected":false},"author":1,"featured_media":41937,"comment_status":"closed","ping_status":"closed","sticky":false,"template":"","format":"standard","meta":{"om_disable_all_campaigns":false,"_monsterinsights_skip_tracking":false,"_monsterinsights_sitenote_active":false,"_monsterinsights_sitenote_note":"","_monsterinsights_sitenote_category":0},"categories":[16],"tags":[944,22,34,2898,2583],"aioseo_notices":[],"_links":{"self":[{"href":"https:\/\/economiapoliticacba.com\/index.php?rest_route=\/wp\/v2\/posts\/41936"}],"collection":[{"href":"https:\/\/economiapoliticacba.com\/index.php?rest_route=\/wp\/v2\/posts"}],"about":[{"href":"https:\/\/economiapoliticacba.com\/index.php?rest_route=\/wp\/v2\/types\/post"}],"author":[{"embeddable":true,"href":"https:\/\/economiapoliticacba.com\/index.php?rest_route=\/wp\/v2\/users\/1"}],"replies":[{"embeddable":true,"href":"https:\/\/economiapoliticacba.com\/index.php?rest_route=%2Fwp%2Fv2%2Fcomments&post=41936"}],"version-history":[{"count":0,"href":"https:\/\/economiapoliticacba.com\/index.php?rest_route=\/wp\/v2\/posts\/41936\/revisions"}],"wp:featuredmedia":[{"embeddable":true,"href":"https:\/\/economiapoliticacba.com\/index.php?rest_route=\/wp\/v2\/media\/41937"}],"wp:attachment":[{"href":"https:\/\/economiapoliticacba.com\/index.php?rest_route=%2Fwp%2Fv2%2Fmedia&parent=41936"}],"wp:term":[{"taxonomy":"category","embeddable":true,"href":"https:\/\/economiapoliticacba.com\/index.php?rest_route=%2Fwp%2Fv2%2Fcategories&post=41936"},{"taxonomy":"post_tag","embeddable":true,"href":"https:\/\/economiapoliticacba.com\/index.php?rest_route=%2Fwp%2Fv2%2Ftags&post=41936"}],"curies":[{"name":"wp","href":"https:\/\/api.w.org\/{rel}","templated":true}]}}