{"id":41930,"date":"2025-08-11T13:28:00","date_gmt":"2025-08-11T13:28:00","guid":{"rendered":"https:\/\/www.iprofesional.com\/legales\/434912-como-impacta-el-decreto-en-las-relaciones-laborales-en-materia-de-accidentes-de-trabajo"},"modified":"2025-08-11T13:28:00","modified_gmt":"2025-08-11T13:28:00","slug":"como-impacta-el-nuevo-decreto-del-gobierno-en-las-relaciones-laborales-en-materia-de-accidentes-de-trabajo","status":"publish","type":"post","link":"https:\/\/economiapoliticacba.com\/?p=41930","title":{"rendered":"\u00bfC\u00f3mo impacta el nuevo Decreto del Gobierno en las relaciones laborales en materia de accidentes de trabajo?"},"content":{"rendered":"<p><img src=\"http:\/\/economiapoliticacba.com\/wp-content\/uploads\/2025\/08\/como-impacta-el-nuevo-decreto-del-gobierno-en-las-relaciones-laborales-en-materia-de-accidentes-de-trabajo.jpg\"><\/p>\n<div><img src=\"http:\/\/economiapoliticacba.com\/wp-content\/uploads\/2025\/08\/como-impacta-el-nuevo-decreto-del-gobierno-en-las-relaciones-laborales-en-materia-de-accidentes-de-trabajo.webp\" class=\"ff-og-image-inserted\"><\/div>\n<p><span>Mediante el <strong>Decreto 649\/25<\/strong>, se modifica la <strong>Tabla de Evaluaci\u00f3n de Incapacidades Laborales<\/strong>, siendo que la anterior, ven\u00eda aplic\u00e1ndose desde hac\u00eda casi treinta a\u00f1os.<\/span><\/p>\n<p><span>Las consideraciones de la nueva Tabla ser\u00e1n tenidas en cuenta para aquellos casos que no hayan sido resueltos antes de febrero de 2026, y ser\u00e1 obligatoria su aplicaci\u00f3n.<\/span><\/p>\n<p><span>El decreto, con dicha implementaci\u00f3n, busca mejorar la gesti\u00f3n de las incapacidades laborales y, en consecuencia, <strong>ofrecer beneficios claros para los empleadores<\/strong>, teniendo en cuenta los avances de la tecnolog\u00eda aplicada en este caso a los infortunios laborales.<\/span><\/p>\n<p><span>Este decreto surge en un contexto donde la ley sobre Riesgos del Trabajo (Nro. 24.557) reconoce que uno de sus objetivos principales es reparar los da\u00f1os derivados de accidentes laborales y enfermedades profesionales, incluyendo la rehabilitaci\u00f3n del trabajador afectado. Para ello, se estableci\u00f3 que las Comisiones M\u00e9dicas Jurisdiccionales son la instancia obligatoria y excluyente para determinar la incapacidad y las prestaciones correspondientes, garantizando un proceso justo y uniforme.<\/span><\/p>\n<p><span>Entonces, uno de los aspectos clave del decreto es la actualizaci\u00f3n de la&nbsp;Tabla de Evaluaci\u00f3n de Incapacidades Laborales, que tiene como <strong>objetivo principal garantizar una valoraci\u00f3n objetiva, precisa y uniforme del da\u00f1o sufrido por el trabajador<\/strong>. Esto significa que las incapacidades ser\u00e1n evaluadas con criterios cient\u00edficos, m\u00e9dicos y t\u00e9cnicos, <strong>evitando discrecionalidades y asegurando que todos los casos se traten con igualdad.<\/strong><\/span><\/p>\n<p><span>La nueva Tabla permite mayor precisi\u00f3n en la evaluaci\u00f3n de incapacidades, lo que intenta reducir disputas y litigios innecesarios; mayor agilidad en los procesos de determinaci\u00f3n de incapacidades, facilitando resoluciones m\u00e1s eficientes; homogeneidad en las valoraciones a nivel nacional, garantizando que todos los trabajadores sean evaluados con los mismos criterios, promoviendo as\u00ed equidad; y mejor gesti\u00f3n de los riesgos laborales, ya que si la evaluaci\u00f3n resulta m\u00e1s clara y objetiva esto mejora la prevenci\u00f3n y seguridad en el trabajo.<\/span><\/p>\n<p><span>Adem\u00e1s, el decreto fomenta la participaci\u00f3n de cuerpos m\u00e9dicos especializados y peritos con formaci\u00f3n espec\u00edfica en riesgos del trabajo, lo que garantiza que <strong>las valoraciones sean realizadas por profesionales capacitados<\/strong>, aportando mayor imparcialidad y calidad en los informes por medio de los cuales se determina el veredicto.<\/span><\/p>\n<p><span>En resumen, la actualizaci\u00f3n de estas herramientas y procedimientos no solo cumple con los est\u00e1ndares legales y judiciales, sino que tambi\u00e9n beneficia a los empleadores al facilitar una gesti\u00f3n m\u00e1s eficiente, transparente y justa en materia de riesgos laborales. Esto, a largo plazo, contribuye a un ambiente de trabajo m\u00e1s seguro y a una relaci\u00f3n laboral m\u00e1s equilibrada.<\/span><\/p>\n<p><span>De la lectura del nuevo Decreto, y especialmente del Anexo 1, se advierten diferencias significativas en relaci\u00f3n con que se incorporan avances tecnol\u00f3gicos, cient\u00edficos y m\u00e9dicos recientes. <strong>La Tabla utilizada por treinta a\u00f1os hab\u00eda quedado desactualizada respecto de estos.<\/strong><\/span><\/p>\n<p><span>El listado detallado&nbsp;con criterios espec\u00edficos y porcentajes asignados a cada tipo de lesi\u00f3n o enfermedad evita las discrecionalidades y garantizar\u00e1 igualdad en la valoraci\u00f3n de las incapacidades.<\/span><\/p>\n<p><span>Por otra parte, la nueva Tabla a utilizarse fue aprobada por el&nbsp;Comit\u00e9 Consultivo Permanente de la Ley de Riesgos del Trabajo, un \u00f3rgano tripartito con participaci\u00f3n del Estado, pero tambi\u00e9n de empleadores y trabajadores, garantizando as\u00ed que \u00e9sta refleje consensos t\u00e9cnicos y sociales. Adem\u00e1s, se establece la obligatoriedad de su aplicaci\u00f3n por parte de los peritos m\u00e9dicos oficiales y cuerpos m\u00e9dicos forenses.<\/span><\/p>\n<p><span>En nuestra opini\u00f3n, lo relevante de la actualizaci\u00f3n radica en que antes la evaluaci\u00f3n pod\u00eda variar seg\u00fan el perito m\u00e9dico o tambi\u00e9n de acuerdo con cada jurisdicci\u00f3n; en cambio, el nuevo sistema, busca promover la homogeneidad en la valoraci\u00f3n a nivel nacional, asegur\u00e1ndose que los casos a estudio se eval\u00faen con los mismos criterios y est\u00e1ndares.<\/span><\/p>\n","protected":false},"excerpt":{"rendered":"<p>Mediante el Decreto 649\/25, se modifica la Tabla de Evaluaci\u00f3n de Incapacidades Laborales, siendo que la anterior, ven\u00eda aplic\u00e1ndose desde hac\u00eda casi treinta a\u00f1os. Las consideraciones de la nueva Tabla ser\u00e1n tenidas en cuenta para aquellos casos que no hayan sido resueltos antes de febrero de 2026, y ser\u00e1 obligatoria su aplicaci\u00f3n. El decreto, con [&hellip;]<\/p>\n","protected":false},"author":1,"featured_media":41931,"comment_status":"closed","ping_status":"closed","sticky":false,"template":"","format":"standard","meta":{"om_disable_all_campaigns":false,"_monsterinsights_skip_tracking":false,"_monsterinsights_sitenote_active":false,"_monsterinsights_sitenote_note":"","_monsterinsights_sitenote_category":0},"categories":[20],"tags":[],"aioseo_notices":[],"_links":{"self":[{"href":"https:\/\/economiapoliticacba.com\/index.php?rest_route=\/wp\/v2\/posts\/41930"}],"collection":[{"href":"https:\/\/economiapoliticacba.com\/index.php?rest_route=\/wp\/v2\/posts"}],"about":[{"href":"https:\/\/economiapoliticacba.com\/index.php?rest_route=\/wp\/v2\/types\/post"}],"author":[{"embeddable":true,"href":"https:\/\/economiapoliticacba.com\/index.php?rest_route=\/wp\/v2\/users\/1"}],"replies":[{"embeddable":true,"href":"https:\/\/economiapoliticacba.com\/index.php?rest_route=%2Fwp%2Fv2%2Fcomments&post=41930"}],"version-history":[{"count":0,"href":"https:\/\/economiapoliticacba.com\/index.php?rest_route=\/wp\/v2\/posts\/41930\/revisions"}],"wp:featuredmedia":[{"embeddable":true,"href":"https:\/\/economiapoliticacba.com\/index.php?rest_route=\/wp\/v2\/media\/41931"}],"wp:attachment":[{"href":"https:\/\/economiapoliticacba.com\/index.php?rest_route=%2Fwp%2Fv2%2Fmedia&parent=41930"}],"wp:term":[{"taxonomy":"category","embeddable":true,"href":"https:\/\/economiapoliticacba.com\/index.php?rest_route=%2Fwp%2Fv2%2Fcategories&post=41930"},{"taxonomy":"post_tag","embeddable":true,"href":"https:\/\/economiapoliticacba.com\/index.php?rest_route=%2Fwp%2Fv2%2Ftags&post=41930"}],"curies":[{"name":"wp","href":"https:\/\/api.w.org\/{rel}","templated":true}]}}