{"id":41892,"date":"2025-08-10T12:36:00","date_gmt":"2025-08-10T12:36:00","guid":{"rendered":"https:\/\/www.iprofesional.com\/legales\/434860-auto-nuevo-y-con-fallas-como-resolvio-la-demanda-la-corte"},"modified":"2025-08-10T12:36:00","modified_gmt":"2025-08-10T12:36:00","slug":"auto-nuevo-y-con-fallas-como-resolvio-la-demanda-la-corte","status":"publish","type":"post","link":"https:\/\/economiapoliticacba.com\/?p=41892","title":{"rendered":"Auto nuevo y con fallas: c\u00f3mo resolvi\u00f3 la demanda la Corte"},"content":{"rendered":"<p><img src=\"http:\/\/economiapoliticacba.com\/wp-content\/uploads\/2025\/08\/auto-nuevo-y-con-fallas-como-resolvio-la-demanda-la-corte.jpg\"><\/p>\n<div id>\n<p> La Corte Suprema de Justicia de la Naci\u00f3n intervino en una demanda iniciada por un consumidor que compr\u00f3 un auto nuevo y demand\u00f3 a la empresa fabricante <\/p>\n<p><strong>10\/08\/2025<\/strong> &#8211; 09:36hs<\/p>\n<div class=\"image-container img-wide padding-b\"> <picture><source media=\"(max-width:360px)\" srcset=\"https:\/\/resizer.iproimg.com\/unsafe\/360x\/filters:format(webp):quality(85):max_bytes(102400)\/https:\/\/assets.iprofesional.com\/assets\/jpg\/2025\/02\/591605.jpg\" data-srcset=\"https:\/\/resizer.iproimg.com\/unsafe\/360x\/filters:format(webp):quality(85):max_bytes(102400)\/https:\/\/assets.iprofesional.com\/assets\/jpg\/2025\/02\/591605.jpg\" class><source media=\"(max-width:430px)\" srcset=\"https:\/\/resizer.iproimg.com\/unsafe\/360x\/filters:format(webp):quality(85):max_bytes(102400)\/https:\/\/assets.iprofesional.com\/assets\/jpg\/2025\/02\/591605.jpg\" data-srcset=\"https:\/\/resizer.iproimg.com\/unsafe\/360x\/filters:format(webp):quality(85):max_bytes(102400)\/https:\/\/assets.iprofesional.com\/assets\/jpg\/2025\/02\/591605.jpg\" class><source media=\"(max-width:956px)\" srcset=\"https:\/\/resizer.iproimg.com\/unsafe\/640x\/filters:format(webp):quality(85):max_bytes(102400)\/https:\/\/assets.iprofesional.com\/assets\/jpg\/2025\/02\/591605.jpg\" data-srcset=\"https:\/\/resizer.iproimg.com\/unsafe\/640x\/filters:format(webp):quality(85):max_bytes(102400)\/https:\/\/assets.iprofesional.com\/assets\/jpg\/2025\/02\/591605.jpg\" class><img loading=\"lazy\" src=\"http:\/\/economiapoliticacba.com\/wp-content\/uploads\/2025\/08\/auto-nuevo-y-con-fallas-como-resolvio-la-demanda-la-corte.webp\" data-src=\"http:\/\/economiapoliticacba.com\/wp-content\/uploads\/2025\/08\/auto-nuevo-y-con-fallas-como-resolvio-la-demanda-la-corte.webp\" class alt=\"Auto nuevo y con fallas: c\u00f3mo resolvi\u00f3 la demanda la Corte\" width=\"1280px\" height=\"720px\"> <\/picture> <\/div><\/div>\n<div readability=\"85.234149855908\">\n<p>La<a href=\"https:\/\/www.iprofesional.com\/impuestos\/434500-levinas-la-corte-insiste-en-una-revision-mas-para-fallos-como-los-de-trabajo\" target=\"_blank\" title=\"corte\" rel=\"noopener noreferrer\"> Corte Suprema de Justicia<\/a> de la Naci\u00f3n intervino en una demanda iniciada por un consumidor que compr\u00f3 un auto nuevo y demand\u00f3 a la empresa fabricante, Ford Argentina SCA y a la concesionaria oficial, por los serios desperfectos que argumenta ten\u00eda el veh\u00edculo.<\/p>\n<p>El comprador explic\u00f3 que adquiri\u00f3 un Ford Fiesta 1.6 L SE en febrero de 2018, pero tuvo que llevarlo a reparar en reiteradas ocasiones a los talleres oficiales de la vendedora, sin los resultados esperados, se\u00f1ala Justicia de Primera.<\/p>\n<p>Finalmente <a href=\"https:\/\/www.iprofesional.com\/impuestos\/430439-va-a-la-corte-suprema-la-prohibicion-del-blanqueo-de-facturas-apocrifas\" target=\"_blank\" title=\"corte\" rel=\"noopener noreferrer\">demand\u00f3 a la empresa fabricante<\/a> y la concesionaria oficial para que le cambien el auto y lo indemnicen por da\u00f1os y perjuicios.<\/p>\n<p>En primera instancia, se conden\u00f3 en forma solidaria a las empresas a entregar un veh\u00edculo nuevo, cero kil\u00f3metro, de iguales caracter\u00edsticas al que hab\u00eda comprado. Tambi\u00e9n se orden\u00f3 el pago de una indemnizaci\u00f3n por da\u00f1os y perjuicios.<a href=\"https:\/\/www.iprofesional.com\/legales\/432830-la-corte-suprema-descarto-responsabilidad-de-directores-de-empresas-en-pago-de-indemnizaciones\" target=\"_blank\" title=\"corte\" rel=\"noopener noreferrer\"> El fallo fue apelado<\/a>.<\/p>\n<p>El Tribunal de Apelaciones modific\u00f3 la condena. Dej\u00f3 sin efecto la entrega de un nuevo veh\u00edculo y en su lugar fij\u00f3 una suma para cubrir la depreciaci\u00f3n del rodado y adem\u00e1s redujo el monto indemnizable por da\u00f1o ps\u00edquico y gastos para tratamiento psicol\u00f3gico.<\/p>\n<p>Adem\u00e1s revoc\u00f3 el monto por privaci\u00f3n de uso y confirm\u00f3 los otros aspectos de la sentencia. En ese marco, <a href=\"https:\/\/www.iprofesional.com\/politica\/425056-corte-suprema-plan-gobierno-javier-milei-para-mantener-ariel-lijo-y-manuel-garcia-mansilla\" target=\"_blank\" title=\"corte\" rel=\"noopener noreferrer\">se omiti\u00f3 dar intervenci\u00f3n previa a la fiscal\u00eda.<\/a><\/p>\n<p>El caso escal\u00f3 as\u00ed hasta el m\u00e1ximo tribunal del pa\u00eds apelado por el consumidor y la fiscal\u00eda ante la C\u00e1mara Nacional de Apelaciones en lo Comercial, debido a que en esa instancia de revisi\u00f3n de la sentencia no se le dio intervenci\u00f3n a la fiscal del caso, Gabriela Boqu\u00edn.<\/p>\n<p>La fiscal se vio impedida de opinar sobre si existi\u00f3 o no da\u00f1o punitivo que se reclamaba y los alcances de las reparaciones fallidas al veh\u00edculo eje de la controversia.<\/p>\n<p>La Corte les dio la raz\u00f3n, dej\u00f3 sin efecto la sentencia y orden\u00f3 que se dicte una nueva luego de pedir opini\u00f3n a la fiscal porque se la priv\u00f3 de &#8220;su cometido constitucional de intervenir en defensa de la legalidad y de los intereses generales de la sociedad&#8221;.<\/p>\n<p>Para ello &#8220;es indispensable preservar el ejercicio pleno de las funciones del Ministerio P\u00fablico, a fin de custodiar el orden p\u00fablico y la defensa del orden jur\u00eddico en su integridad&#8221;, coincidieron los jueces del m\u00e1ximo tribunal del pa\u00eds Horacio Rosatti, Carlos Rosenkrantz y Ricardo Lorenzetti.<\/p>\n<p>Tanto en la Ley de Defensa del Consumidor como en la Ley Org\u00e1nica del Ministerio P\u00fablico Fiscal est\u00e1 revisto que la fiscal\u00eda opine cuando se encuentran afectados derechos del consumidor para &#8220;garantizar que se asegure la realizaci\u00f3n del valor justicia en una relaci\u00f3n jur\u00eddica asim\u00e9trica, caracterizada por la desigualdad entre sus partes&#8221;, se afirm\u00f3 en la sentencia.<\/p>\n<\/p><\/div>\n","protected":false},"excerpt":{"rendered":"<p>La Corte Suprema de Justicia de la Naci\u00f3n intervino en una demanda iniciada por un consumidor que compr\u00f3 un auto nuevo y demand\u00f3 a la empresa fabricante 10\/08\/2025 &#8211; 09:36hs La Corte Suprema de Justicia de la Naci\u00f3n intervino en una demanda iniciada por un consumidor que compr\u00f3 un auto nuevo y demand\u00f3 a la [&hellip;]<\/p>\n","protected":false},"author":1,"featured_media":41893,"comment_status":"closed","ping_status":"closed","sticky":false,"template":"","format":"standard","meta":{"om_disable_all_campaigns":false,"_monsterinsights_skip_tracking":false,"_monsterinsights_sitenote_active":false,"_monsterinsights_sitenote_note":"","_monsterinsights_sitenote_category":0},"categories":[20],"tags":[],"aioseo_notices":[],"_links":{"self":[{"href":"https:\/\/economiapoliticacba.com\/index.php?rest_route=\/wp\/v2\/posts\/41892"}],"collection":[{"href":"https:\/\/economiapoliticacba.com\/index.php?rest_route=\/wp\/v2\/posts"}],"about":[{"href":"https:\/\/economiapoliticacba.com\/index.php?rest_route=\/wp\/v2\/types\/post"}],"author":[{"embeddable":true,"href":"https:\/\/economiapoliticacba.com\/index.php?rest_route=\/wp\/v2\/users\/1"}],"replies":[{"embeddable":true,"href":"https:\/\/economiapoliticacba.com\/index.php?rest_route=%2Fwp%2Fv2%2Fcomments&post=41892"}],"version-history":[{"count":0,"href":"https:\/\/economiapoliticacba.com\/index.php?rest_route=\/wp\/v2\/posts\/41892\/revisions"}],"wp:featuredmedia":[{"embeddable":true,"href":"https:\/\/economiapoliticacba.com\/index.php?rest_route=\/wp\/v2\/media\/41893"}],"wp:attachment":[{"href":"https:\/\/economiapoliticacba.com\/index.php?rest_route=%2Fwp%2Fv2%2Fmedia&parent=41892"}],"wp:term":[{"taxonomy":"category","embeddable":true,"href":"https:\/\/economiapoliticacba.com\/index.php?rest_route=%2Fwp%2Fv2%2Fcategories&post=41892"},{"taxonomy":"post_tag","embeddable":true,"href":"https:\/\/economiapoliticacba.com\/index.php?rest_route=%2Fwp%2Fv2%2Ftags&post=41892"}],"curies":[{"name":"wp","href":"https:\/\/api.w.org\/{rel}","templated":true}]}}