{"id":41655,"date":"2025-08-04T14:05:00","date_gmt":"2025-08-04T14:05:00","guid":{"rendered":"https:\/\/www.iprofesional.com\/legales\/434412-tarjetas-de-credito-cuatro-acusados-de-estafa-deberan-resarcir-a-las-victimas"},"modified":"2025-08-04T14:05:00","modified_gmt":"2025-08-04T14:05:00","slug":"cuatro-acusados-de-estafa-deberan-resarcir-a-las-victimas-con-una-suma-millonaria","status":"publish","type":"post","link":"https:\/\/economiapoliticacba.com\/?p=41655","title":{"rendered":"Cuatro acusados de estafa deber\u00e1n resarcir a las v\u00edctimas con una suma millonaria"},"content":{"rendered":"<p><img src=\"http:\/\/economiapoliticacba.com\/wp-content\/uploads\/2025\/08\/cuatro-acusados-de-estafa-deberan-resarcir-a-las-victimas-con-una-suma-millonaria.jpg\"><\/p>\n<div id>\n<p> Las estafas se concretaban a trav\u00e9s de llamados telef\u00f3nicos a comercios, donde los acusados se hac\u00edan pasar por titulares de tarjetas o sus c\u00f3nyuges <\/p>\n<p><strong>04\/08\/2025<\/strong> &#8211; 11:05hs<\/p>\n<div class=\"image-container img-wide padding-b\"> <picture><source media=\"(max-width:360px)\" srcset=\"https:\/\/resizer.iproimg.com\/unsafe\/360x\/filters:format(webp):quality(85):max_bytes(102400)\/https:\/\/assets.iprofesional.com\/assets\/jpg\/2025\/01\/590054.jpg\" data-srcset=\"https:\/\/resizer.iproimg.com\/unsafe\/360x\/filters:format(webp):quality(85):max_bytes(102400)\/https:\/\/assets.iprofesional.com\/assets\/jpg\/2025\/01\/590054.jpg\" class><source media=\"(max-width:430px)\" srcset=\"https:\/\/resizer.iproimg.com\/unsafe\/360x\/filters:format(webp):quality(85):max_bytes(102400)\/https:\/\/assets.iprofesional.com\/assets\/jpg\/2025\/01\/590054.jpg\" data-srcset=\"https:\/\/resizer.iproimg.com\/unsafe\/360x\/filters:format(webp):quality(85):max_bytes(102400)\/https:\/\/assets.iprofesional.com\/assets\/jpg\/2025\/01\/590054.jpg\" class><source media=\"(max-width:956px)\" srcset=\"https:\/\/resizer.iproimg.com\/unsafe\/640x\/filters:format(webp):quality(85):max_bytes(102400)\/https:\/\/assets.iprofesional.com\/assets\/jpg\/2025\/01\/590054.jpg\" data-srcset=\"https:\/\/resizer.iproimg.com\/unsafe\/640x\/filters:format(webp):quality(85):max_bytes(102400)\/https:\/\/assets.iprofesional.com\/assets\/jpg\/2025\/01\/590054.jpg\" class><img loading=\"lazy\" src=\"http:\/\/economiapoliticacba.com\/wp-content\/uploads\/2025\/08\/cuatro-acusados-de-estafa-deberan-resarcir-a-las-victimas-con-una-suma-millonaria.webp\" data-src=\"http:\/\/economiapoliticacba.com\/wp-content\/uploads\/2025\/08\/cuatro-acusados-de-estafa-deberan-resarcir-a-las-victimas-con-una-suma-millonaria.webp\" class alt=\"tarjeta de credito\" width=\"1280px\" height=\"720px\"> <\/picture> <\/div><\/div>\n<div readability=\"99.455128205128\">\n<p>La Justicia santafesina dispuso sanciones econ\u00f3micas y procesales para cuatro personas acusadas de integrar una red que <a href=\"https:\/\/www.iprofesional.com\/legales\/426798-estafas-por-sustitucion-identidad-tarjetas-credito-explotadas-deudas-impagables\" target=\"_blank\" title=\"cometi\u00f3 m\u00faltiples estafas mediante el uso de tarjetas de cr\u00e9dito ajenas\" rel=\"noopener noreferrer\">cometi\u00f3 m\u00faltiples estafas mediante el uso de tarjetas de cr\u00e9dito ajenas<\/a>. El monto total del resarcimiento supera los 14 millones de pesos, y deber\u00e1 ser distribuido entre las v\u00edctimas de las maniobras fraudulentas.<\/p>\n<p>De acuerdo con el Ministerio P\u00fablico de la Acusaci\u00f3n (MPA), las operaciones ilegales ocurrieron entre abril y julio del a\u00f1o pasado en distintas localidades de Santa Fe \u2014como la capital provincial, Santo Tom\u00e9 y Coronda\u2014 y en la Ciudad Aut\u00f3noma de Buenos Aires. Los acusados realizaron&nbsp;<strong>compras no autorizadas de electrodom\u00e9sticos<\/strong>, como <strong>televisores y equipos de aire acondicionado<\/strong>, as\u00ed como <strong>reservas hoteleras<\/strong> pagadas con datos obtenidos de manera fraudulenta.<\/p>\n<p>La fiscal\u00eda describi\u00f3 el accionar como una organizaci\u00f3n delictiva con funciones distribuidas. Dos de los imputados, identificados como&nbsp;<strong>L.B.R. (26)<\/strong> y <strong>F.E.B. (28)<\/strong>, accedieron a penas en suspenso mediante procedimientos abreviados. Otras dos personas, <strong>C.M. (21)<\/strong> y <strong>S.G.E. (52)<\/strong>, lograron la suspensi\u00f3n del juicio a prueba (probation) tras comprometerse con la reparaci\u00f3n del da\u00f1o, indic\u00f3 el diario La Capital.<\/p>\n<p>Por su parte, el presunto l\u00edder del grupo, <strong>F.A.M. (28)<\/strong>, permanece detenido bajo prisi\u00f3n preventiva mientras contin\u00faa la investigaci\u00f3n.<\/p>\n<h2>Estafas con tarjeta de cr\u00e9dito: modalidad delictiva en auge<\/h2>\n<p>El fiscal del caso, <strong>Agust\u00edn Nigro<\/strong>, explic\u00f3 que las estafas se concretaban a trav\u00e9s de <strong>llamados telef\u00f3nicos a comercios<\/strong>, donde los acusados se hac\u00edan pasar por titulares de tarjetas o sus c\u00f3nyuges. Con esos datos, concretaban compras a distancia que luego eran <strong>retiradas por otros miembros del grupo<\/strong>.<\/p>\n<p>Solo en los meses de abril y mayo, F.A.M. habr\u00eda cometido <strong>diez estafas<\/strong>. En uno de los episodios, se adquirieron <strong>ocho aires acondicionados<\/strong> y <strong>seis televisores<\/strong>. El mismo esquema fue replicado en un hotel de la Ciudad de Buenos Aires, donde dos integrantes se alojaron sin abonar, tras usar <strong>una identidad falsa y una tarjeta robada<\/strong>. El titular desconoci\u00f3 la operaci\u00f3n y el establecimiento nunca recibi\u00f3 el pago.<\/p>\n<p>Las operaciones se vieron frustradas cuando&nbsp;<a href=\"https:\/\/www.iprofesional.com\/tecnologia\/432568-la-estafa-con-compras-online-que-roba-tus-datos-bancarios\" target=\"_blank\" title=\"las v\u00edctimas advirtieron consumos irregulares\" rel=\"noopener noreferrer\"><strong>las v\u00edctimas advirtieron consumos irregulares<\/strong><\/a> y realizaron las denuncias ante los bancos emisores. Estas entidades desconocieron las transacciones, lo que impidi\u00f3 a los comercios cobrar las ventas.<\/p>\n<p>En otro intento de fraude, el acusado principal intent\u00f3 aplicar el mismo m\u00e9todo en una muebler\u00eda de Santa Fe, pero el encargado detect\u00f3 la irregularidad y <strong>anul\u00f3 la operaci\u00f3n antes de concretar la entrega<\/strong>.<\/p>\n<h2>Sanciones y reparaciones<\/h2>\n<p>La Justicia resolvi\u00f3 que los implicados deber\u00e1n <strong>asumir los costos judiciales y <a href=\"https:\/\/www.iprofesional.com\/actualidad\/420058-estafaron-a-companeros-de-trabajo-con-tarjetas-de-credito-por-que-no-iran-presos\" target=\"_blank\" title=\"resarcir econ\u00f3micamente a las v\u00edctimas\" rel=\"noopener noreferrer\">resarcir econ\u00f3micamente a las v\u00edctimas<\/a><\/strong>, seg\u00fan la proporci\u00f3n de los da\u00f1os provocados. El monto total, que asciende a <strong>14 millones de pesos<\/strong>, ser\u00e1 repartido entre comerciantes y prestadores de servicios afectados.<\/p>\n<p>Mientras que L.B.R. y F.E.B. recibieron <strong>penas condicionales<\/strong>, las dos mujeres involucradas <a href=\"https:\/\/www.iprofesional.com\/index.php\/legales\/430138-compraron-30-veces-con-su-tarjeta-clonada-y-el-banco-no-respondio-lo-que-dijo-la-justicia\" target=\"_blank\" title=\"deber\u00e1n cumplir con condiciones impuestas por el tribunal\" rel=\"noopener noreferrer\"><strong>deber\u00e1n cumplir con condiciones impuestas por el tribunal<\/strong><\/a> como parte de la probation. F.A.M., se\u00f1alado como el principal responsable, sigue detenido y contin\u00faa a disposici\u00f3n de la Justicia provincial.<\/p>\n<p>El fiscal Nigro indic\u00f3 que <strong>la causa permanece abierta<\/strong> y no descart\u00f3 <strong>nuevas imputaciones<\/strong> conforme avance la investigaci\u00f3n y se verifique la ejecuci\u00f3n de las reparaciones.<\/p>\n<\/p><\/div>\n","protected":false},"excerpt":{"rendered":"<p>Las estafas se concretaban a trav\u00e9s de llamados telef\u00f3nicos a comercios, donde los acusados se hac\u00edan pasar por titulares de tarjetas o sus c\u00f3nyuges 04\/08\/2025 &#8211; 11:05hs La Justicia santafesina dispuso sanciones econ\u00f3micas y procesales para cuatro personas acusadas de integrar una red que cometi\u00f3 m\u00faltiples estafas mediante el uso de tarjetas de cr\u00e9dito ajenas. [&hellip;]<\/p>\n","protected":false},"author":1,"featured_media":41656,"comment_status":"closed","ping_status":"closed","sticky":false,"template":"","format":"standard","meta":{"om_disable_all_campaigns":false,"_monsterinsights_skip_tracking":false,"_monsterinsights_sitenote_active":false,"_monsterinsights_sitenote_note":"","_monsterinsights_sitenote_category":0},"categories":[20],"tags":[],"aioseo_notices":[],"_links":{"self":[{"href":"https:\/\/economiapoliticacba.com\/index.php?rest_route=\/wp\/v2\/posts\/41655"}],"collection":[{"href":"https:\/\/economiapoliticacba.com\/index.php?rest_route=\/wp\/v2\/posts"}],"about":[{"href":"https:\/\/economiapoliticacba.com\/index.php?rest_route=\/wp\/v2\/types\/post"}],"author":[{"embeddable":true,"href":"https:\/\/economiapoliticacba.com\/index.php?rest_route=\/wp\/v2\/users\/1"}],"replies":[{"embeddable":true,"href":"https:\/\/economiapoliticacba.com\/index.php?rest_route=%2Fwp%2Fv2%2Fcomments&post=41655"}],"version-history":[{"count":0,"href":"https:\/\/economiapoliticacba.com\/index.php?rest_route=\/wp\/v2\/posts\/41655\/revisions"}],"wp:featuredmedia":[{"embeddable":true,"href":"https:\/\/economiapoliticacba.com\/index.php?rest_route=\/wp\/v2\/media\/41656"}],"wp:attachment":[{"href":"https:\/\/economiapoliticacba.com\/index.php?rest_route=%2Fwp%2Fv2%2Fmedia&parent=41655"}],"wp:term":[{"taxonomy":"category","embeddable":true,"href":"https:\/\/economiapoliticacba.com\/index.php?rest_route=%2Fwp%2Fv2%2Fcategories&post=41655"},{"taxonomy":"post_tag","embeddable":true,"href":"https:\/\/economiapoliticacba.com\/index.php?rest_route=%2Fwp%2Fv2%2Ftags&post=41655"}],"curies":[{"name":"wp","href":"https:\/\/api.w.org\/{rel}","templated":true}]}}