{"id":41626,"date":"2025-08-04T03:15:25","date_gmt":"2025-08-04T03:15:25","guid":{"rendered":"https:\/\/canalshowsport.com.ar\/?p=462944"},"modified":"2025-08-04T03:15:25","modified_gmt":"2025-08-04T03:15:25","slug":"portilla-rompio-el-silencio-tras-su-pase-frustrado-al-mineiro-nunca-quise-apartarme-del-grupo","status":"publish","type":"post","link":"https:\/\/economiapoliticacba.com\/?p=41626","title":{"rendered":"Portilla rompi\u00f3 el silencio tras su pase frustrado al Mineiro: &#8220;Nunca quise apartarme del grupo&#8221;"},"content":{"rendered":"<p><strong>Juan Camilo Portilla<\/strong> continuar\u00e1 en <strong>Talleres<\/strong>, luego de que se <a href=\"https:\/\/canalshowsport.com.ar\/termino-la-novela-juan-camilo-portilla-se-queda-en-talleres\/\" data-type=\"link\" data-id=\"https:\/\/canalshowsport.com.ar\/termino-la-novela-juan-camilo-portilla-se-queda-en-talleres\/\">frustrara su transferencia al <strong>Atl\u00e9tico Mineiro<\/strong><\/a>. A pesar de que el jugador ten\u00eda todo listo para emigrar al f\u00fatbol brasile\u00f1o, las negociaciones se terminaron cayendo por diferencias econ\u00f3micas.<\/p>\n<p>Luego de semanas de rumores, el colombiano habl\u00f3 por primera vez y <strong>aclar\u00f3 su situaci\u00f3n<\/strong>. Adem\u00e1s, explic\u00f3 los motivos por los que entren\u00f3 apartado del plantel y se refiri\u00f3 a su compromiso con el club.<\/p>\n<p><em>&#8220;Yo nunca quise apartarme del grupo, me llamaron y me dijeron que entrenar\u00eda aparte mientras se resolv\u00eda mi situaci\u00f3n. El \u00faltimo partido no lo jugu\u00e9 porque la dirigencia estaba resolviendo si iba a ser vendido o no&#8221;<\/em>, se sincer\u00f3 el mediocampista colombiano, desmintiendo que haya sido por decisi\u00f3n propia.<\/p>\n<figure class=\"wp-block-image size-full\"><img loading=\"lazy\" fetchpriority=\"high\" decoding=\"async\" width=\"1600\" height=\"1064\" src=\"http:\/\/economiapoliticacba.com\/wp-content\/uploads\/2025\/08\/portilla-rompio-el-silencio-tras-su-pase-frustrado-al-mineiro-nunca-quise-apartarme-del-grupo.jpg\" alt=\"Portilla rompi\u00f3 el silencio tras su pase frustrado al Mineiro: &quot;Nunca quise apartarme del grupo&quot; | Canal Showsport\" class=\"wp-image-462950\" srcset=\"http:\/\/economiapoliticacba.com\/wp-content\/uploads\/2025\/08\/portilla-rompio-el-silencio-tras-su-pase-frustrado-al-mineiro-nunca-quise-apartarme-del-grupo.jpg 1600w, http:\/\/economiapoliticacba.com\/wp-content\/uploads\/2025\/08\/portilla-rompio-el-silencio-tras-su-pase-frustrado-al-mineiro-nunca-quise-apartarme-del-grupo-1.jpg 768w, http:\/\/economiapoliticacba.com\/wp-content\/uploads\/2025\/08\/portilla-rompio-el-silencio-tras-su-pase-frustrado-al-mineiro-nunca-quise-apartarme-del-grupo-2.jpg 1536w, http:\/\/economiapoliticacba.com\/wp-content\/uploads\/2025\/08\/portilla-rompio-el-silencio-tras-su-pase-frustrado-al-mineiro-nunca-quise-apartarme-del-grupo-3.jpg 24w, http:\/\/economiapoliticacba.com\/wp-content\/uploads\/2025\/08\/portilla-rompio-el-silencio-tras-su-pase-frustrado-al-mineiro-nunca-quise-apartarme-del-grupo-4.jpg 36w, http:\/\/economiapoliticacba.com\/wp-content\/uploads\/2025\/08\/portilla-rompio-el-silencio-tras-su-pase-frustrado-al-mineiro-nunca-quise-apartarme-del-grupo-5.jpg 48w, http:\/\/economiapoliticacba.com\/wp-content\/uploads\/2025\/08\/portilla-rompio-el-silencio-tras-su-pase-frustrado-al-mineiro-nunca-quise-apartarme-del-grupo-6.jpg 750w, http:\/\/economiapoliticacba.com\/wp-content\/uploads\/2025\/08\/portilla-rompio-el-silencio-tras-su-pase-frustrado-al-mineiro-nunca-quise-apartarme-del-grupo-7.jpg 1140w\" sizes=\"(max-width: 1600px) 100vw, 1600px\"><figcaption class=\"wp-element-caption\"><em>Foto: Prensa Talleres<\/em><\/figcaption><\/figure>\n<p>Sobre su intenci\u00f3n de seguir en el club, Portilla fue claro: <em>&#8220;Cuando llega una oferta, no es porque uno quiera irse, sino porque algo bueno se ha hecho. Si llega una buena oferta, uno quiere progresar. Tambi\u00e9n pensamos en nuestras familias&#8221;<\/em>, expres\u00f3.<\/p>\n<p>En esta l\u00ednea, asegur\u00f3 que siempre tuvo en claro su postura si la negociaci\u00f3n no se concretaba: <em>&#8220;Como le dije al profe: si la negociaci\u00f3n no se daba, <strong>iba a meterme al 100% en Talleres<\/strong>&#8220;<\/em>.<\/p>\n<p><em>\u201c<strong>Me duele cuando no se cuenta la verdad. Por eso, agradezco que se sepa<\/strong>&#8220;<\/em>, finaliz\u00f3 en dialogo con el medio partidario <em>Noti.Talleres<\/em>.<\/p>\n<figure class=\"wp-block-embed is-type-wp-embed is-provider-canal-showsport wp-block-embed-canal-showsport\"><\/figure>\n","protected":false},"excerpt":{"rendered":"<p>Juan Camilo Portilla continuar\u00e1 en Talleres, luego de que se frustrara su transferencia al Atl\u00e9tico Mineiro. A pesar de que el jugador ten\u00eda todo listo para emigrar al f\u00fatbol brasile\u00f1o, las negociaciones se terminaron cayendo por diferencias econ\u00f3micas. Luego de semanas de rumores, el colombiano habl\u00f3 por primera vez y aclar\u00f3 su situaci\u00f3n. Adem\u00e1s, explic\u00f3 [&hellip;]<\/p>\n","protected":false},"author":1,"featured_media":41627,"comment_status":"closed","ping_status":"closed","sticky":false,"template":"","format":"standard","meta":{"om_disable_all_campaigns":false,"_monsterinsights_skip_tracking":false,"_monsterinsights_sitenote_active":false,"_monsterinsights_sitenote_note":"","_monsterinsights_sitenote_category":0},"categories":[16],"tags":[2579,2927,36],"aioseo_notices":[],"_links":{"self":[{"href":"https:\/\/economiapoliticacba.com\/index.php?rest_route=\/wp\/v2\/posts\/41626"}],"collection":[{"href":"https:\/\/economiapoliticacba.com\/index.php?rest_route=\/wp\/v2\/posts"}],"about":[{"href":"https:\/\/economiapoliticacba.com\/index.php?rest_route=\/wp\/v2\/types\/post"}],"author":[{"embeddable":true,"href":"https:\/\/economiapoliticacba.com\/index.php?rest_route=\/wp\/v2\/users\/1"}],"replies":[{"embeddable":true,"href":"https:\/\/economiapoliticacba.com\/index.php?rest_route=%2Fwp%2Fv2%2Fcomments&post=41626"}],"version-history":[{"count":0,"href":"https:\/\/economiapoliticacba.com\/index.php?rest_route=\/wp\/v2\/posts\/41626\/revisions"}],"wp:featuredmedia":[{"embeddable":true,"href":"https:\/\/economiapoliticacba.com\/index.php?rest_route=\/wp\/v2\/media\/41627"}],"wp:attachment":[{"href":"https:\/\/economiapoliticacba.com\/index.php?rest_route=%2Fwp%2Fv2%2Fmedia&parent=41626"}],"wp:term":[{"taxonomy":"category","embeddable":true,"href":"https:\/\/economiapoliticacba.com\/index.php?rest_route=%2Fwp%2Fv2%2Fcategories&post=41626"},{"taxonomy":"post_tag","embeddable":true,"href":"https:\/\/economiapoliticacba.com\/index.php?rest_route=%2Fwp%2Fv2%2Ftags&post=41626"}],"curies":[{"name":"wp","href":"https:\/\/api.w.org\/{rel}","templated":true}]}}