{"id":41618,"date":"2025-08-03T13:39:00","date_gmt":"2025-08-03T13:39:00","guid":{"rendered":"https:\/\/www.iprofesional.com\/legales\/434366-milei-ya-supero-el-promedio-anual-de-macri-y-se-acerca-al-de-alberto-fernandez"},"modified":"2025-08-03T13:39:00","modified_gmt":"2025-08-03T13:39:00","slug":"milei-ya-supero-el-promedio-de-vetos-anual-de-macri-y-se-acerca-al-de-alberto-fernandez","status":"publish","type":"post","link":"https:\/\/economiapoliticacba.com\/?p=41618","title":{"rendered":"Milei ya super\u00f3 el promedio de vetos anual de Macri y se acerca al de Alberto Fern\u00e1ndez"},"content":{"rendered":"<p><img src=\"http:\/\/economiapoliticacba.com\/wp-content\/uploads\/2025\/08\/milei-ya-supero-el-promedio-de-vetos-anual-de-macri-y-se-acerca-al-de-alberto-fernandez.jpg\"><\/p>\n<div id>\n<p> Con los dos vetos firmados a las leyes previsionales, el Presidente ya acumula 5 rechazos a leyes del Congreso en poco m\u00e1s de un a\u00f1o y medio de gesti\u00f3n <\/p>\n<p><strong>03\/08\/2025<\/strong> &#8211; 10:39hs<\/p>\n<div class=\"image-container img-wide padding-b\"> <picture><source media=\"(max-width:360px)\" srcset=\"https:\/\/resizer.iproimg.com\/unsafe\/360x\/filters:format(webp):quality(85):max_bytes(102400)\/https:\/\/assets.iprofesional.com\/assets\/jpg\/2025\/04\/595132.jpg\" data-srcset=\"https:\/\/resizer.iproimg.com\/unsafe\/360x\/filters:format(webp):quality(85):max_bytes(102400)\/https:\/\/assets.iprofesional.com\/assets\/jpg\/2025\/04\/595132.jpg\" class><source media=\"(max-width:430px)\" srcset=\"https:\/\/resizer.iproimg.com\/unsafe\/360x\/filters:format(webp):quality(85):max_bytes(102400)\/https:\/\/assets.iprofesional.com\/assets\/jpg\/2025\/04\/595132.jpg\" data-srcset=\"https:\/\/resizer.iproimg.com\/unsafe\/360x\/filters:format(webp):quality(85):max_bytes(102400)\/https:\/\/assets.iprofesional.com\/assets\/jpg\/2025\/04\/595132.jpg\" class><source media=\"(max-width:956px)\" srcset=\"https:\/\/resizer.iproimg.com\/unsafe\/640x\/filters:format(webp):quality(85):max_bytes(102400)\/https:\/\/assets.iprofesional.com\/assets\/jpg\/2025\/04\/595132.jpg\" data-srcset=\"https:\/\/resizer.iproimg.com\/unsafe\/640x\/filters:format(webp):quality(85):max_bytes(102400)\/https:\/\/assets.iprofesional.com\/assets\/jpg\/2025\/04\/595132.jpg\" class><img loading=\"lazy\" src=\"http:\/\/economiapoliticacba.com\/wp-content\/uploads\/2025\/08\/milei-ya-supero-el-promedio-de-vetos-anual-de-macri-y-se-acerca-al-de-alberto-fernandez.webp\" data-src=\"http:\/\/economiapoliticacba.com\/wp-content\/uploads\/2025\/08\/milei-ya-supero-el-promedio-de-vetos-anual-de-macri-y-se-acerca-al-de-alberto-fernandez.webp\" class alt=\"Vetos: Milei ya super\u00f3 el promedio anual de Macri y se acerca al de Alberto Fern\u00e1ndez\" width=\"1280px\" height=\"720px\"> <\/picture> <\/div><\/div>\n<div readability=\"65.786090005845\">\n<p>Un an\u00e1lisis hist\u00f3rico revela quienes son los <a href=\"https:\/\/www.iprofesional.com\/politica\/434355-milei-veto-las-leyes-de-aumento-a-las-jubilaciones-y-emergencia-en-discapacidad\" target=\"_blank\" title=\"Milei vet\u00f3 las leyes de aumento a las jubilaciones y emergencia en discapacidad\" rel=\"noopener noreferrer\">presidentes que acumulan m\u00e1s vetos presidenciales<\/a>, una de las herramientas m\u00e1s poderosas del Poder Ejecutivo y term\u00f3metro de la <strong>relaci\u00f3n entre la Casa Rosada y el Congreso.&nbsp;<\/strong><\/p>\n<p>En este sentido, si bien Carlos Menem lidera c\u00f3modamente en la cantidad total de vetos, son los per\u00edodos de<strong> mayor crisis institucional<\/strong> los que registran un uso m\u00e1s intenso de esta facultad.<\/p>\n<p>Es as\u00ed como, el presidente<a href=\"https:\/\/www.iprofesional.com\/finanzas\/434096-por-que-rebelion-bancos-contra-javier-milei-puede-complicar-plan-para-dolar\" target=\"_blank\" title=\"Por qu\u00e9 la &quot;rebeli\u00f3n&quot; de bancos contra Milei puede complicar proyecciones de inflaci\u00f3n y d\u00f3lar\" rel=\"noopener noreferrer\"> Javier <strong>Milei<\/strong>, con los dos vetos firmados<\/a> este s\u00e1bado a las leyes previsionales, ya <strong>acumula 5 rechazos<\/strong> a leyes del Congreso en poco m\u00e1s de un a\u00f1o y medio de gesti\u00f3n.<\/p>\n<p>Su&nbsp;<strong>promedio anual de 3,0 vetos<\/strong> ya supera al de su antecesor, Mauricio Macri, y <strong>se acerca al de Alberto Fern\u00e1ndez, <\/strong>seg\u00fan una compilaci\u00f3n basada en datos de la Direcci\u00f3n de Informaci\u00f3n Parlamentaria y Chequeado.<\/p>\n<h2>El ranking de vetos<\/h2>\n<p>Para medir la<strong> intensidad del conflicto<\/strong> entre poderes, el indicador m\u00e1s preciso es el <strong>promedio de vetos por a\u00f1o de mandato. <\/strong><\/p>\n<p>Bajo esta m\u00e9trica, el<span> ranking muestra que los per\u00edodos de mayor crisis son los que registran un uso m\u00e1s fren\u00e9tico de esta herramienta.<\/span><\/p>\n<p>De acuerdo a la investigaci\u00f3n, por promedio anual (1983-2025), se encuentran los siguientes vetos.&nbsp;<\/p>\n<ul>\n<li>Eduardo Duhalde 26,4<\/li>\n<li>Fernando de la R\u00faa 23,0<\/li>\n<li>Carlos Menem 18,5<\/li>\n<li>Ra\u00fal Alfons\u00edn 8,9<\/li>\n<li>N\u00e9stor Kirchner 8,7<\/li>\n<li>Alberto Fern\u00e1ndez 3,3<\/li>\n<li>Javier Milei 3,0<\/li>\n<li>Cristina Kirchner 2,6<\/li>\n<li>Mauricio Macri 2,0<\/li>\n<\/ul>\n<h2>El ranking por n\u00fameros absolutos<\/h2>\n<p>Si se considera la cantidad total de vetos, el ranking es el siguientes:<\/p>\n<ul>\n<li>Carlos Menem: lidera de forma indiscutida, con 195 vetos en sus diez a\u00f1os de gobierno<\/li>\n<li>Ra\u00fal Alfons\u00edn: sigue con 49 vetos<\/li>\n<li>Fernando de la R\u00faa: forma el podio con 46.<\/li>\n<\/ul><\/div>\n","protected":false},"excerpt":{"rendered":"<p>Con los dos vetos firmados a las leyes previsionales, el Presidente ya acumula 5 rechazos a leyes del Congreso en poco m\u00e1s de un a\u00f1o y medio de gesti\u00f3n 03\/08\/2025 &#8211; 10:39hs Un an\u00e1lisis hist\u00f3rico revela quienes son los presidentes que acumulan m\u00e1s vetos presidenciales, una de las herramientas m\u00e1s poderosas del Poder Ejecutivo y [&hellip;]<\/p>\n","protected":false},"author":1,"featured_media":41619,"comment_status":"closed","ping_status":"closed","sticky":false,"template":"","format":"standard","meta":{"om_disable_all_campaigns":false,"_monsterinsights_skip_tracking":false,"_monsterinsights_sitenote_active":false,"_monsterinsights_sitenote_note":"","_monsterinsights_sitenote_category":0},"categories":[20],"tags":[],"aioseo_notices":[],"_links":{"self":[{"href":"https:\/\/economiapoliticacba.com\/index.php?rest_route=\/wp\/v2\/posts\/41618"}],"collection":[{"href":"https:\/\/economiapoliticacba.com\/index.php?rest_route=\/wp\/v2\/posts"}],"about":[{"href":"https:\/\/economiapoliticacba.com\/index.php?rest_route=\/wp\/v2\/types\/post"}],"author":[{"embeddable":true,"href":"https:\/\/economiapoliticacba.com\/index.php?rest_route=\/wp\/v2\/users\/1"}],"replies":[{"embeddable":true,"href":"https:\/\/economiapoliticacba.com\/index.php?rest_route=%2Fwp%2Fv2%2Fcomments&post=41618"}],"version-history":[{"count":0,"href":"https:\/\/economiapoliticacba.com\/index.php?rest_route=\/wp\/v2\/posts\/41618\/revisions"}],"wp:featuredmedia":[{"embeddable":true,"href":"https:\/\/economiapoliticacba.com\/index.php?rest_route=\/wp\/v2\/media\/41619"}],"wp:attachment":[{"href":"https:\/\/economiapoliticacba.com\/index.php?rest_route=%2Fwp%2Fv2%2Fmedia&parent=41618"}],"wp:term":[{"taxonomy":"category","embeddable":true,"href":"https:\/\/economiapoliticacba.com\/index.php?rest_route=%2Fwp%2Fv2%2Fcategories&post=41618"},{"taxonomy":"post_tag","embeddable":true,"href":"https:\/\/economiapoliticacba.com\/index.php?rest_route=%2Fwp%2Fv2%2Ftags&post=41618"}],"curies":[{"name":"wp","href":"https:\/\/api.w.org\/{rel}","templated":true}]}}