{"id":41544,"date":"2025-08-01T17:00:00","date_gmt":"2025-08-01T17:00:00","guid":{"rendered":"https:\/\/canalshowsport.com.ar\/?p=462734"},"modified":"2025-08-01T17:00:00","modified_gmt":"2025-08-01T17:00:00","slug":"dos-jugadores-de-talleres-integran-la-nomina-de-la-seleccion-sub-20","status":"publish","type":"post","link":"https:\/\/economiapoliticacba.com\/?p=41544","title":{"rendered":"Dos jugadores de Talleres integran la n\u00f3mina de la Selecci\u00f3n Sub 20"},"content":{"rendered":"<p>Hoy viernes, la <strong>Selecci\u00f3n Argentina sub 20<\/strong> dio a conocer la lista de convocados por el entrenador Diego Placente, para realizar una serie de entrenamientos en el predio de Ezeiza, entre el lunes y jueves de la pr\u00f3xima semana.<\/p>\n<figure class=\"wp-block-image size-large\"><img decoding=\"async\" alt=\"Dos jugadores de Talleres integran la n\u00f3mina de la Selecci\u00f3n Sub 20 | Canal Showsport\" src=\"http:\/\/economiapoliticacba.com\/wp-content\/uploads\/2025\/08\/dos-jugadores-de-talleres-integran-la-nomina-de-la-seleccion-sub-20.jpg\" class=\"lazyload\"><figcaption class=\"wp-element-caption\">Diego Placente: Foto: Prensa Selecci\u00f3n Argentina.<\/figcaption><\/figure>\n<p>All\u00ed est\u00e1n presentes dos jugadores de <strong><a href=\"https:\/\/canalshowsport.com.ar\/category\/futbol\/talleres\/\">Talleres<\/a><\/strong> que continuar\u00e1n sumando experiencia con la camiseta albiceleste a nivel juvenil. Ellos son <strong>Santino Barbi<\/strong> y <strong>Mat\u00edas G\u00f3mez<\/strong>. <\/p>\n<p>El arquero es habitualmente titular en la consideraci\u00f3n de Placente, mientras que el volante central fue titular en la primera fecha ante San Lorenzo, ocupando el lateral derecho.<\/p>\n<blockquote class=\"instagram-media\" data-instgrm-captioned data-instgrm-permalink=\"https:\/\/www.instagram.com\/p\/DGTresGSx97\/?utm_source=ig_embed&amp;utm_campaign=loading\" data-instgrm-version=\"14\" readability=\"0.042105263157895\"><\/blockquote>\n<p>El club que aporta m\u00e1s futbolistas para esta convocatoria es River, con 4: Agust\u00edn Obreg\u00f3n, Santiago Lencina, Ian Subiabre y Bautista Dad\u00edn. Por su parte, el &#8216;Matador&#8217; es el \u00fanico equipo cordob\u00e9s en aportar jugadores para la sub 20 en esta ocasi\u00f3n.<\/p>\n<p>La Selecci\u00f3n se encuentra en la preparaci\u00f3n de cara a la Copa del Mundo que se disputar\u00e1 entre septiembre y octubre en Chile. El combinado nacional integrar\u00e1 el Grupo D junto a Italia, Australia y Cuba.<\/p>\n<figure class=\"wp-block-embed is-type-wp-embed is-provider-canal-showsport wp-block-embed-canal-showsport\"><\/figure>\n","protected":false},"excerpt":{"rendered":"<p>Hoy viernes, la Selecci\u00f3n Argentina sub 20 dio a conocer la lista de convocados por el entrenador Diego Placente, para realizar una serie de entrenamientos en el predio de Ezeiza, entre el lunes y jueves de la pr\u00f3xima semana. Diego Placente: Foto: Prensa Selecci\u00f3n Argentina. All\u00ed est\u00e1n presentes dos jugadores de Talleres que continuar\u00e1n sumando [&hellip;]<\/p>\n","protected":false},"author":1,"featured_media":41545,"comment_status":"closed","ping_status":"closed","sticky":false,"template":"","format":"standard","meta":{"om_disable_all_campaigns":false,"_monsterinsights_skip_tracking":false,"_monsterinsights_sitenote_active":false,"_monsterinsights_sitenote_note":"","_monsterinsights_sitenote_category":0},"categories":[16],"tags":[2920,36],"aioseo_notices":[],"_links":{"self":[{"href":"https:\/\/economiapoliticacba.com\/index.php?rest_route=\/wp\/v2\/posts\/41544"}],"collection":[{"href":"https:\/\/economiapoliticacba.com\/index.php?rest_route=\/wp\/v2\/posts"}],"about":[{"href":"https:\/\/economiapoliticacba.com\/index.php?rest_route=\/wp\/v2\/types\/post"}],"author":[{"embeddable":true,"href":"https:\/\/economiapoliticacba.com\/index.php?rest_route=\/wp\/v2\/users\/1"}],"replies":[{"embeddable":true,"href":"https:\/\/economiapoliticacba.com\/index.php?rest_route=%2Fwp%2Fv2%2Fcomments&post=41544"}],"version-history":[{"count":0,"href":"https:\/\/economiapoliticacba.com\/index.php?rest_route=\/wp\/v2\/posts\/41544\/revisions"}],"wp:featuredmedia":[{"embeddable":true,"href":"https:\/\/economiapoliticacba.com\/index.php?rest_route=\/wp\/v2\/media\/41545"}],"wp:attachment":[{"href":"https:\/\/economiapoliticacba.com\/index.php?rest_route=%2Fwp%2Fv2%2Fmedia&parent=41544"}],"wp:term":[{"taxonomy":"category","embeddable":true,"href":"https:\/\/economiapoliticacba.com\/index.php?rest_route=%2Fwp%2Fv2%2Fcategories&post=41544"},{"taxonomy":"post_tag","embeddable":true,"href":"https:\/\/economiapoliticacba.com\/index.php?rest_route=%2Fwp%2Fv2%2Ftags&post=41544"}],"curies":[{"name":"wp","href":"https:\/\/api.w.org\/{rel}","templated":true}]}}