{"id":41470,"date":"2025-07-31T00:40:00","date_gmt":"2025-07-31T00:40:00","guid":{"rendered":"https:\/\/canalshowsport.com.ar\/?p=462501"},"modified":"2025-07-31T00:40:00","modified_gmt":"2025-07-31T00:40:00","slug":"la-novela-juan-camilo-portilla-continua-tension-indirectas-y-entrenamientos-diferenciados","status":"publish","type":"post","link":"https:\/\/economiapoliticacba.com\/?p=41470","title":{"rendered":"La novela Juan Camilo Portilla contin\u00faa: tensi\u00f3n, indirectas y entrenamientos diferenciados"},"content":{"rendered":"<p><strong>Juan Camilo Portilla <\/strong>atraviesa un conflicto abierto con <strong>Talleres <\/strong>y, mientras espera que se destrabe su salida, decidi\u00f3 <strong>expresarse de forma enigm\u00e1tica en redes sociales<\/strong>.<\/p>\n<p>En las \u00faltimas horas, el colombiano public\u00f3 una historia en su cuenta de <em>Instagram <\/em>con una frase sugerente: <em>\u201cAl que obra bien, bien le va. Tarde que temprano la verdad siempre saldr\u00e1 a la luz\u201d<\/em>, acompa\u00f1ada de una foto tomada desde el interior de su auto.<\/p>\n<p>El conflicto tiene un trasfondo claro: <strong>Atl\u00e9tico Mineiro<\/strong> realiz\u00f3 una oferta formal por el pase del colombiano, pero desde el club de barrio Jard\u00edn <strong><a href=\"https:\/\/canalshowsport.com.ar\/se-complica-la-salida-de-portilla-al-mineiro-el-jugador-se-encuentra-apartado\/\" data-type=\"link\" data-id=\"https:\/\/canalshowsport.com.ar\/se-complica-la-salida-de-portilla-al-mineiro-el-jugador-se-encuentra-apartado\/\">no est\u00e1n de acuerdo con la modalidad de pago <\/a>propuesta por el equipo brasile\u00f1o<\/strong>. Mientras tanto, Portilla sigue presionando para concretar su salida.<\/p>\n<figure class=\"wp-block-image size-full\"><img loading=\"lazy\" fetchpriority=\"high\" decoding=\"async\" width=\"916\" height=\"1429\" src=\"http:\/\/economiapoliticacba.com\/wp-content\/uploads\/2025\/07\/la-novela-juan-camilo-portilla-continua-tension-indirectas-y-entrenamientos-diferenciados.jpg\" alt=\"La novela Juan Camilo Portilla contin\u00faa: tensi\u00f3n, indirectas y entrenamientos diferenciados | Canal Showsport\" class=\"wp-image-462502\" srcset=\"http:\/\/economiapoliticacba.com\/wp-content\/uploads\/2025\/07\/la-novela-juan-camilo-portilla-continua-tension-indirectas-y-entrenamientos-diferenciados.jpg 916w, http:\/\/economiapoliticacba.com\/wp-content\/uploads\/2025\/07\/la-novela-juan-camilo-portilla-continua-tension-indirectas-y-entrenamientos-diferenciados-1.jpg 768w, http:\/\/economiapoliticacba.com\/wp-content\/uploads\/2025\/07\/la-novela-juan-camilo-portilla-continua-tension-indirectas-y-entrenamientos-diferenciados-2.jpg 15w, http:\/\/economiapoliticacba.com\/wp-content\/uploads\/2025\/07\/la-novela-juan-camilo-portilla-continua-tension-indirectas-y-entrenamientos-diferenciados-3.jpg 23w, http:\/\/economiapoliticacba.com\/wp-content\/uploads\/2025\/07\/la-novela-juan-camilo-portilla-continua-tension-indirectas-y-entrenamientos-diferenciados-4.jpg 31w, http:\/\/economiapoliticacba.com\/wp-content\/uploads\/2025\/07\/la-novela-juan-camilo-portilla-continua-tension-indirectas-y-entrenamientos-diferenciados-5.jpg 750w\" sizes=\"(max-width: 916px) 100vw, 916px\"><figcaption class=\"wp-element-caption\">Captura de pantalla<\/figcaption><\/figure>\n<p>Desde hace una semana, el mediocampista dej\u00f3 de ser tenido en cuenta por Carlos Tevez. En el \u00faltimo partido, ante Godoy Cruz en el estadio Mario Alberto Kempes, fue suplente, pero ni siquiera llev\u00f3 los botines puestos. Actualmente, se entrena de manera diferenciada en el predio Amadeo Nuccetelli.<\/p>\n<p>Igualmente, no es la primera vez que el jugador utiliza sus redes para lanzar mensajes con indirectas. El martes, tambi\u00e9n comparti\u00f3 una historia con otro mensaje cargado de sentido: <em>\u201cTal vez quieran hacerte da\u00f1o y hagan planes contra ti, pero no lograr\u00e1n su prop\u00f3sito\u201d<\/em>.<\/p>\n<figure class=\"wp-block-embed is-type-wp-embed is-provider-canal-showsport wp-block-embed-canal-showsport\"><\/figure>\n","protected":false},"excerpt":{"rendered":"<p>Juan Camilo Portilla atraviesa un conflicto abierto con Talleres y, mientras espera que se destrabe su salida, decidi\u00f3 expresarse de forma enigm\u00e1tica en redes sociales. En las \u00faltimas horas, el colombiano public\u00f3 una historia en su cuenta de Instagram con una frase sugerente: \u201cAl que obra bien, bien le va. Tarde que temprano la verdad [&hellip;]<\/p>\n","protected":false},"author":1,"featured_media":41471,"comment_status":"closed","ping_status":"closed","sticky":false,"template":"","format":"standard","meta":{"om_disable_all_campaigns":false,"_monsterinsights_skip_tracking":false,"_monsterinsights_sitenote_active":false,"_monsterinsights_sitenote_note":"","_monsterinsights_sitenote_category":0},"categories":[16],"tags":[997,2579,1552,36],"aioseo_notices":[],"_links":{"self":[{"href":"https:\/\/economiapoliticacba.com\/index.php?rest_route=\/wp\/v2\/posts\/41470"}],"collection":[{"href":"https:\/\/economiapoliticacba.com\/index.php?rest_route=\/wp\/v2\/posts"}],"about":[{"href":"https:\/\/economiapoliticacba.com\/index.php?rest_route=\/wp\/v2\/types\/post"}],"author":[{"embeddable":true,"href":"https:\/\/economiapoliticacba.com\/index.php?rest_route=\/wp\/v2\/users\/1"}],"replies":[{"embeddable":true,"href":"https:\/\/economiapoliticacba.com\/index.php?rest_route=%2Fwp%2Fv2%2Fcomments&post=41470"}],"version-history":[{"count":0,"href":"https:\/\/economiapoliticacba.com\/index.php?rest_route=\/wp\/v2\/posts\/41470\/revisions"}],"wp:featuredmedia":[{"embeddable":true,"href":"https:\/\/economiapoliticacba.com\/index.php?rest_route=\/wp\/v2\/media\/41471"}],"wp:attachment":[{"href":"https:\/\/economiapoliticacba.com\/index.php?rest_route=%2Fwp%2Fv2%2Fmedia&parent=41470"}],"wp:term":[{"taxonomy":"category","embeddable":true,"href":"https:\/\/economiapoliticacba.com\/index.php?rest_route=%2Fwp%2Fv2%2Fcategories&post=41470"},{"taxonomy":"post_tag","embeddable":true,"href":"https:\/\/economiapoliticacba.com\/index.php?rest_route=%2Fwp%2Fv2%2Ftags&post=41470"}],"curies":[{"name":"wp","href":"https:\/\/api.w.org\/{rel}","templated":true}]}}