{"id":41456,"date":"2025-07-30T16:31:57","date_gmt":"2025-07-30T16:31:57","guid":{"rendered":"https:\/\/canalshowsport.com.ar\/?p=462443"},"modified":"2025-07-30T16:31:57","modified_gmt":"2025-07-30T16:31:57","slug":"gabriel-baez-tras-sus-primeros-dias-en-el-club-talleres-se-esta-portando-muy-bien-conmigo","status":"publish","type":"post","link":"https:\/\/economiapoliticacba.com\/?p=41456","title":{"rendered":"Gabriel B\u00e1ez tras sus primeros d\u00edas en el club: &#8220;Talleres se est\u00e1 portando muy bien conmigo&#8221;"},"content":{"rendered":"<p><strong>Gabriel B\u00e1ez<\/strong> lleg\u00f3 a <strong>Talleres <\/strong>la semana pasada como refuerzo, y ya tuvo su debut con la camiseta del &#8220;Matador&#8221; siendo titular en el partido ante Godoy Cruz.<\/p>\n<p>El lateral habl\u00f3 este mi\u00e9rcoles luego del entrenamiento, en la sala de conferencias del CARD, y se mostr\u00f3 feliz por poder estar en el club<em>: &#8220;Me sent\u00ed bien por poder llegar y dar una mano al equipo<\/em>. <em>Contento de jugar en el Kempes, con tanta gente y el folklore del f\u00fatbol argentino que es muy lindo&#8221;.<\/em><\/p>\n<figure class=\"wp-block-image size-full\"><img loading=\"lazy\" fetchpriority=\"high\" decoding=\"async\" width=\"1080\" height=\"1054\" src=\"http:\/\/economiapoliticacba.com\/wp-content\/uploads\/2025\/07\/gabriel-baez-tras-sus-primeros-dias-en-el-club-talleres-se-esta-portando-muy-bien-conmigo.jpg\" alt=\"Gabriel B\u00e1ez tras sus primeros d\u00edas en el club: &quot;Talleres se est\u00e1 portando muy bien conmigo&quot; | Canal Showsport\" class=\"wp-image-462450\" srcset=\"http:\/\/economiapoliticacba.com\/wp-content\/uploads\/2025\/07\/gabriel-baez-tras-sus-primeros-dias-en-el-club-talleres-se-esta-portando-muy-bien-conmigo.jpg 1080w, http:\/\/economiapoliticacba.com\/wp-content\/uploads\/2025\/07\/gabriel-baez-tras-sus-primeros-dias-en-el-club-talleres-se-esta-portando-muy-bien-conmigo-2.jpg 768w, http:\/\/economiapoliticacba.com\/wp-content\/uploads\/2025\/07\/gabriel-baez-tras-sus-primeros-dias-en-el-club-talleres-se-esta-portando-muy-bien-conmigo-3.jpg 24w, http:\/\/economiapoliticacba.com\/wp-content\/uploads\/2025\/07\/gabriel-baez-tras-sus-primeros-dias-en-el-club-talleres-se-esta-portando-muy-bien-conmigo-4.jpg 36w, http:\/\/economiapoliticacba.com\/wp-content\/uploads\/2025\/07\/gabriel-baez-tras-sus-primeros-dias-en-el-club-talleres-se-esta-portando-muy-bien-conmigo-5.jpg 48w, http:\/\/economiapoliticacba.com\/wp-content\/uploads\/2025\/07\/gabriel-baez-tras-sus-primeros-dias-en-el-club-talleres-se-esta-portando-muy-bien-conmigo-6.jpg 750w\" sizes=\"(max-width: 1080px) 100vw, 1080px\"><figcaption class=\"wp-element-caption\"> <\/figcaption><\/figure>\n<p>Sobre como se dio su llegada cont\u00f3: <em>&#8220;Yo quer\u00eda volver al f\u00fatbol argentino y apareci\u00f3 Talleres. Cuando me llamaron yo les dije &#8216;si se arregla hoy, ma\u00f1ana estoy ah\u00ed&#8217;, y a las cinco de la ma\u00f1ana ya estaba tomando un vuelo para estar ac\u00e1. En mi carrera me siento en mi mejor momento&#8221;<\/em>.<\/p>\n<p>El defensor viene de Nacional de Uruguay, donde el ritmo de juego es distinto: <em>&#8220;Se siente el cambio de intensidad por lo que es el f\u00fatbol argentino pero uno viene preparado. Hab\u00eda entrenado con la idea de poder llegar y jugar<\/em>. <em>En mi debut no not\u00e9 tanto el cambio, me falta conocer m\u00e1s a mis compa\u00f1eros y solt\u00e1ndonos de a poco&#8221;.<\/em><\/p>\n<figure class=\"wp-block-image size-full\"><img loading=\"lazy\" decoding=\"async\" width=\"1080\" height=\"1114\" alt=\"Gabriel B\u00e1ez tras sus primeros d\u00edas en el club: &quot;Talleres se est\u00e1 portando muy bien conmigo&quot; | Canal Showsport\" class=\"wp-image-462451 lazyload\" data-sizes=\"(max-width: 1080px) 100vw, 1080px\" src=\"http:\/\/economiapoliticacba.com\/wp-content\/uploads\/2025\/07\/gabriel-baez-tras-sus-primeros-dias-en-el-club-talleres-se-esta-portando-muy-bien-conmigo-1.jpg\" srcset=\"http:\/\/economiapoliticacba.com\/wp-content\/uploads\/2025\/07\/gabriel-baez-tras-sus-primeros-dias-en-el-club-talleres-se-esta-portando-muy-bien-conmigo-1.jpg 1080w, http:\/\/economiapoliticacba.com\/wp-content\/uploads\/2025\/07\/gabriel-baez-tras-sus-primeros-dias-en-el-club-talleres-se-esta-portando-muy-bien-conmigo-7.jpg 768w, http:\/\/economiapoliticacba.com\/wp-content\/uploads\/2025\/07\/gabriel-baez-tras-sus-primeros-dias-en-el-club-talleres-se-esta-portando-muy-bien-conmigo-8.jpg 24w, http:\/\/economiapoliticacba.com\/wp-content\/uploads\/2025\/07\/gabriel-baez-tras-sus-primeros-dias-en-el-club-talleres-se-esta-portando-muy-bien-conmigo-9.jpg 36w, http:\/\/economiapoliticacba.com\/wp-content\/uploads\/2025\/07\/gabriel-baez-tras-sus-primeros-dias-en-el-club-talleres-se-esta-portando-muy-bien-conmigo-10.jpg 750w\"><figcaption class=\"wp-element-caption\"> <\/figcaption><\/figure>\n<p>Por otro lado manifest\u00f3 que lo recibieron de la mejor manera: <em>&#8220;Sab\u00eda que sali\u00f3 campe\u00f3n a principios de a\u00f1o, es un club ordenado, con unas canchas tremendas. Para un jugador llegar y que la gente del club te trate as\u00ed ayuda mucho, Talleres se est\u00e1 portando muy bien conmigo. El club me dio movilidad, me ayud\u00f3 con la familia, me dio contenci\u00f3n&#8221;.<\/em><\/p>\n<p>Para terminar con respecto a como es su relaci\u00f3n con el entrenador y que le pidi\u00f3, sostuvo: <em>&#8220;Con Carlos T\u00e9vez se jerarquiza el club. Yo a \u00e9l lo miraba en Copa Libertadores y que a uno lo dirija es un sue\u00f1o. Hay muy buenos entrenamientos y nos da una idea de juego. A mi me pide que haga toda la banda. Hay que llegar y tirar un buen centro, hay que llenarle de posibilidades al nueve&#8221;<\/em>.<\/p>\n","protected":false},"excerpt":{"rendered":"<p>Gabriel B\u00e1ez lleg\u00f3 a Talleres la semana pasada como refuerzo, y ya tuvo su debut con la camiseta del &#8220;Matador&#8221; siendo titular en el partido ante Godoy Cruz. El lateral habl\u00f3 este mi\u00e9rcoles luego del entrenamiento, en la sala de conferencias del CARD, y se mostr\u00f3 feliz por poder estar en el club: &#8220;Me sent\u00ed [&hellip;]<\/p>\n","protected":false},"author":1,"featured_media":41457,"comment_status":"closed","ping_status":"closed","sticky":false,"template":"","format":"standard","meta":{"om_disable_all_campaigns":false,"_monsterinsights_skip_tracking":false,"_monsterinsights_sitenote_active":false,"_monsterinsights_sitenote_note":"","_monsterinsights_sitenote_category":0},"categories":[16],"tags":[2897,36],"aioseo_notices":[],"_links":{"self":[{"href":"https:\/\/economiapoliticacba.com\/index.php?rest_route=\/wp\/v2\/posts\/41456"}],"collection":[{"href":"https:\/\/economiapoliticacba.com\/index.php?rest_route=\/wp\/v2\/posts"}],"about":[{"href":"https:\/\/economiapoliticacba.com\/index.php?rest_route=\/wp\/v2\/types\/post"}],"author":[{"embeddable":true,"href":"https:\/\/economiapoliticacba.com\/index.php?rest_route=\/wp\/v2\/users\/1"}],"replies":[{"embeddable":true,"href":"https:\/\/economiapoliticacba.com\/index.php?rest_route=%2Fwp%2Fv2%2Fcomments&post=41456"}],"version-history":[{"count":0,"href":"https:\/\/economiapoliticacba.com\/index.php?rest_route=\/wp\/v2\/posts\/41456\/revisions"}],"wp:featuredmedia":[{"embeddable":true,"href":"https:\/\/economiapoliticacba.com\/index.php?rest_route=\/wp\/v2\/media\/41457"}],"wp:attachment":[{"href":"https:\/\/economiapoliticacba.com\/index.php?rest_route=%2Fwp%2Fv2%2Fmedia&parent=41456"}],"wp:term":[{"taxonomy":"category","embeddable":true,"href":"https:\/\/economiapoliticacba.com\/index.php?rest_route=%2Fwp%2Fv2%2Fcategories&post=41456"},{"taxonomy":"post_tag","embeddable":true,"href":"https:\/\/economiapoliticacba.com\/index.php?rest_route=%2Fwp%2Fv2%2Ftags&post=41456"}],"curies":[{"name":"wp","href":"https:\/\/api.w.org\/{rel}","templated":true}]}}