{"id":41391,"date":"2025-07-28T17:23:16","date_gmt":"2025-07-28T17:23:16","guid":{"rendered":"https:\/\/canalshowsport.com.ar\/?p=462128"},"modified":"2025-07-28T17:23:16","modified_gmt":"2025-07-28T17:23:16","slug":"como-siguen-las-negociaciones-entre-mineiro-y-talleres-por-juan-camilo-portilla","status":"publish","type":"post","link":"https:\/\/economiapoliticacba.com\/?p=41391","title":{"rendered":"\u00bfC\u00f3mo siguen las negociaciones entre Mineiro y Talleres por Juan Camilo Portilla?"},"content":{"rendered":"<p><a href=\"https:\/\/canalshowsport.com.ar\/atletico-mineiro-hara-un-nuevo-intento-por-juan-camilo-portilla\/\" data-type=\"link\" data-id=\"https:\/\/canalshowsport.com.ar\/atletico-mineiro-hara-un-nuevo-intento-por-juan-camilo-portilla\/\"><strong>Atl\u00e9tico Mineiro&nbsp;<\/strong>no se da por vencido y&nbsp;<strong>sigue con las intensas negociaciones para quedarse con Juan Camilo Portilla<\/strong><\/a>. El futbolista de Talleres, no sum\u00f3 minutos en la \u00faltima fecha ante Godoy Cruz y todo indicar\u00eda que est\u00e1 muy cerca del club carioca. <\/p>\n<p>La instituci\u00f3n brasilera comprar\u00eda un gran porcentaje del pase del mediocampista, seg\u00fan informaron los periodistas <em>Uriel Iugt<\/em> e <em>Ignacio Castellano<\/em>. Ly a gesti\u00f3n se encuentra avanzada y en las pr\u00f3ximas horas podr\u00eda definirse todo.<\/p>\n<figure class=\"wp-block-image size-full is-resized\"><img loading=\"lazy\" fetchpriority=\"high\" decoding=\"async\" width=\"2560\" height=\"1703\" src=\"http:\/\/economiapoliticacba.com\/wp-content\/uploads\/2025\/07\/como-siguen-las-negociaciones-entre-mineiro-y-talleres-por-juan-camilo-portilla.jpg\" alt=\"\u00bfC\u00f3mo siguen las negociaciones entre Mineiro y Talleres por Juan Camilo Portilla? | Canal Showsport\" class=\"wp-image-462134\" srcset=\"http:\/\/economiapoliticacba.com\/wp-content\/uploads\/2025\/07\/como-siguen-las-negociaciones-entre-mineiro-y-talleres-por-juan-camilo-portilla.jpg 2560w, http:\/\/economiapoliticacba.com\/wp-content\/uploads\/2025\/07\/como-siguen-las-negociaciones-entre-mineiro-y-talleres-por-juan-camilo-portilla-2.jpg 768w, http:\/\/economiapoliticacba.com\/wp-content\/uploads\/2025\/07\/como-siguen-las-negociaciones-entre-mineiro-y-talleres-por-juan-camilo-portilla-3.jpg 1536w, http:\/\/economiapoliticacba.com\/wp-content\/uploads\/2025\/07\/como-siguen-las-negociaciones-entre-mineiro-y-talleres-por-juan-camilo-portilla-4.jpg 2048w, http:\/\/economiapoliticacba.com\/wp-content\/uploads\/2025\/07\/como-siguen-las-negociaciones-entre-mineiro-y-talleres-por-juan-camilo-portilla-5.jpg 24w, http:\/\/economiapoliticacba.com\/wp-content\/uploads\/2025\/07\/como-siguen-las-negociaciones-entre-mineiro-y-talleres-por-juan-camilo-portilla-6.jpg 36w, http:\/\/economiapoliticacba.com\/wp-content\/uploads\/2025\/07\/como-siguen-las-negociaciones-entre-mineiro-y-talleres-por-juan-camilo-portilla-7.jpg 48w, http:\/\/economiapoliticacba.com\/wp-content\/uploads\/2025\/07\/como-siguen-las-negociaciones-entre-mineiro-y-talleres-por-juan-camilo-portilla-8.jpg 750w, http:\/\/economiapoliticacba.com\/wp-content\/uploads\/2025\/07\/como-siguen-las-negociaciones-entre-mineiro-y-talleres-por-juan-camilo-portilla-9.jpg 1140w\" sizes=\"(max-width: 2560px) 100vw, 2560px\"><figcaption class=\"wp-element-caption\"><em>Juan Camilo Portilla &#8211; Foto: Prensa Talleres<\/em><\/figcaption><\/figure>\n<p>El clombiano y el &#8220;Galo&#8221;, ya tienen un acuerdo contractual. Solo resta finiquitar la negociaci\u00f3n con el &#8220;Matador&#8221;. En su momento, la propuesta rondaba en <strong>3 millones de d\u00f3lares por el 50% de<\/strong>&nbsp;<strong>su ficha<\/strong>.<\/p>\n<p>Portilla, de 26 a\u00f1os, lleg\u00f3 a Talleres en enero de 2024 desde Am\u00e9rica de Cali, y tiene contrato vigente con el club hasta diciembre de 2027.<\/p>\n","protected":false},"excerpt":{"rendered":"<p>Atl\u00e9tico Mineiro&nbsp;no se da por vencido y&nbsp;sigue con las intensas negociaciones para quedarse con Juan Camilo Portilla. El futbolista de Talleres, no sum\u00f3 minutos en la \u00faltima fecha ante Godoy Cruz y todo indicar\u00eda que est\u00e1 muy cerca del club carioca. La instituci\u00f3n brasilera comprar\u00eda un gran porcentaje del pase del mediocampista, seg\u00fan informaron los [&hellip;]<\/p>\n","protected":false},"author":1,"featured_media":41392,"comment_status":"closed","ping_status":"closed","sticky":false,"template":"","format":"standard","meta":{"om_disable_all_campaigns":false,"_monsterinsights_skip_tracking":false,"_monsterinsights_sitenote_active":false,"_monsterinsights_sitenote_note":"","_monsterinsights_sitenote_category":0},"categories":[16],"tags":[2910,997,2579,257,2911,36],"aioseo_notices":[],"_links":{"self":[{"href":"https:\/\/economiapoliticacba.com\/index.php?rest_route=\/wp\/v2\/posts\/41391"}],"collection":[{"href":"https:\/\/economiapoliticacba.com\/index.php?rest_route=\/wp\/v2\/posts"}],"about":[{"href":"https:\/\/economiapoliticacba.com\/index.php?rest_route=\/wp\/v2\/types\/post"}],"author":[{"embeddable":true,"href":"https:\/\/economiapoliticacba.com\/index.php?rest_route=\/wp\/v2\/users\/1"}],"replies":[{"embeddable":true,"href":"https:\/\/economiapoliticacba.com\/index.php?rest_route=%2Fwp%2Fv2%2Fcomments&post=41391"}],"version-history":[{"count":0,"href":"https:\/\/economiapoliticacba.com\/index.php?rest_route=\/wp\/v2\/posts\/41391\/revisions"}],"wp:featuredmedia":[{"embeddable":true,"href":"https:\/\/economiapoliticacba.com\/index.php?rest_route=\/wp\/v2\/media\/41392"}],"wp:attachment":[{"href":"https:\/\/economiapoliticacba.com\/index.php?rest_route=%2Fwp%2Fv2%2Fmedia&parent=41391"}],"wp:term":[{"taxonomy":"category","embeddable":true,"href":"https:\/\/economiapoliticacba.com\/index.php?rest_route=%2Fwp%2Fv2%2Fcategories&post=41391"},{"taxonomy":"post_tag","embeddable":true,"href":"https:\/\/economiapoliticacba.com\/index.php?rest_route=%2Fwp%2Fv2%2Ftags&post=41391"}],"curies":[{"name":"wp","href":"https:\/\/api.w.org\/{rel}","templated":true}]}}