{"id":41357,"date":"2025-07-27T21:09:22","date_gmt":"2025-07-27T21:09:22","guid":{"rendered":"https:\/\/canalshowsport.com.ar\/?p=462014"},"modified":"2025-07-27T21:09:22","modified_gmt":"2025-07-27T21:09:22","slug":"con-uno-menos-talleres-empato-con-godoy-cruz-por-la-tercera-fecha-del-torneo-clausura","status":"publish","type":"post","link":"https:\/\/economiapoliticacba.com\/?p=41357","title":{"rendered":"Con uno menos, Talleres empat\u00f3 con Godoy Cruz por la tercera fecha del Torneo Clausura"},"content":{"rendered":"<p>Talleres no se sac\u00f3 diferencias con Godoy Cruz en el encuentro correspondiente a la tercera fecha del Torneo Clausura. <\/p>\n<p>El equipo de T\u00e9vez llegaba a este encuentro, tras debutar con una derrota 2-1 ante San Lorenzo, en el Kempes. Luego, Talleres dio el golpe en Avellaneda, al vencer 2-1 a Independiente.<\/p>\n<p>La incidencia del encuentro sucedi\u00f3 sobre el final del primer tiempo, cuando Luis &#8220;Lobo&#8221; Medina expuls\u00f3 a Ortegoza tras una jugada p\u00f3lemica en el \u00e1rea de Talleres. Se trat\u00f3 del segundo jugador albiazul que ve la tarjeta roja en las tres fechas del certamen. <\/p>\n<figure class=\"wp-block-image size-full\"><img loading=\"lazy\" fetchpriority=\"high\" decoding=\"async\" width=\"1440\" height=\"2560\" src=\"http:\/\/economiapoliticacba.com\/wp-content\/uploads\/2025\/07\/con-uno-menos-talleres-empato-con-godoy-cruz-por-la-tercera-fecha-del-torneo-clausura.jpg\" alt=\"Con uno menos, Talleres empat\u00f3 con Godoy Cruz por la tercera fecha del Torneo Clausura | Canal Showsport\" class=\"wp-image-462017\" srcset=\"http:\/\/economiapoliticacba.com\/wp-content\/uploads\/2025\/07\/con-uno-menos-talleres-empato-con-godoy-cruz-por-la-tercera-fecha-del-torneo-clausura.jpg 1440w, http:\/\/economiapoliticacba.com\/wp-content\/uploads\/2025\/07\/con-uno-menos-talleres-empato-con-godoy-cruz-por-la-tercera-fecha-del-torneo-clausura-2.jpg 768w, http:\/\/economiapoliticacba.com\/wp-content\/uploads\/2025\/07\/con-uno-menos-talleres-empato-con-godoy-cruz-por-la-tercera-fecha-del-torneo-clausura-3.jpg 864w, http:\/\/economiapoliticacba.com\/wp-content\/uploads\/2025\/07\/con-uno-menos-talleres-empato-con-godoy-cruz-por-la-tercera-fecha-del-torneo-clausura-4.jpg 1152w, http:\/\/economiapoliticacba.com\/wp-content\/uploads\/2025\/07\/con-uno-menos-talleres-empato-con-godoy-cruz-por-la-tercera-fecha-del-torneo-clausura-5.jpg 14w, http:\/\/economiapoliticacba.com\/wp-content\/uploads\/2025\/07\/con-uno-menos-talleres-empato-con-godoy-cruz-por-la-tercera-fecha-del-torneo-clausura-6.jpg 20w, http:\/\/economiapoliticacba.com\/wp-content\/uploads\/2025\/07\/con-uno-menos-talleres-empato-con-godoy-cruz-por-la-tercera-fecha-del-torneo-clausura-7.jpg 27w, http:\/\/economiapoliticacba.com\/wp-content\/uploads\/2025\/07\/con-uno-menos-talleres-empato-con-godoy-cruz-por-la-tercera-fecha-del-torneo-clausura-8.jpg 750w, http:\/\/economiapoliticacba.com\/wp-content\/uploads\/2025\/07\/con-uno-menos-talleres-empato-con-godoy-cruz-por-la-tercera-fecha-del-torneo-clausura-9.jpg 1140w\" sizes=\"(max-width: 1440px) 100vw, 1440px\"><\/figure>\n<h2 class=\"wp-block-heading\">El partido:<\/h2>\n<p>Tras unos primeros cuarenta y cinco minutos de mucha intensidad, <strong>la &#8216;T&#8217; no se sac\u00f3 ventajas con Godoy Cruz.<\/strong> En los primeros minutos del encuentro, el conjunto dirigido por Carlos T\u00e9vez tuvo la mayor posesi\u00f3n de la pelota, aprovechando la diferencia en velocidad de sus mediocampistas, intent\u00f3 hacer alg\u00fan tipo de da\u00f1o al arco custodiado por Franco Petroli.<\/p>\n<p>Con el transcurrir de los minutos, la intesidad de Talleres se fue apagando y el que tom\u00f3 las riendas del partido fue el &#8220;Tomba&#8221;. All\u00ed Godoy Cruz, con la llegada de Vicente Poggi y Santino Andino consigui\u00f3 exigir a Guido Herrera qui\u00e9n fue el encargado de mantener el arco en cero para la &#8216;T&#8217;. <\/p>\n<blockquote class=\"twitter-tweet\" data-media-max-width=\"560\" readability=\"5.664\">\n<p lang=\"es\" dir=\"ltr\">El PALO evit\u00f3 un golazo de ANDINO \u274c\u26bd\ufe0f<\/p>\n<p>Viv\u00ed el Torneo Clausura 2025 por TNT Sports Premium y disfrutalo tambi\u00e9n en HBO Max \ud83d\udc49 <a href=\"https:\/\/twitter.com\/hashtag\/Suscribite?src=hash&amp;ref_src=twsrc%5Etfw\" target=\"_blank\" rel=\"noopener\">#Suscribite<\/a> <a href=\"https:\/\/t.co\/rq6sQOr7sM\" target=\"_blank\" rel=\"noopener\">https:\/\/t.co\/rq6sQOr7sM<\/a> <a href=\"https:\/\/t.co\/paMAd9ZfGx\" target=\"_blank\" rel=\"noopener\">pic.twitter.com\/paMAd9ZfGx<\/a><\/p>\n<p>\u2014 TNT Sports Argentina (@TNTSportsAR) <a href=\"https:\/\/twitter.com\/TNTSportsAR\/status\/1949555391127294173?ref_src=twsrc%5Etfw\" target=\"_blank\" rel=\"noopener\">July 27, 2025<\/a><\/p><\/blockquote>\n<p>Sobre el final del primer tiempo, el \u00e1rbitro Lobo Medina<strong> expuls\u00f3 a Ulises Ortegoza<\/strong> tras un empuj\u00f3n por parte del jugador albiazul hacia Poggi, qui\u00e9n vio la tarjeta amarilla. Tras esta acci\u00f3n Talleres se qued\u00f3 con uno menos para disputar los segundos cuarenta y cinco minutos. Se trat\u00f3 del <strong>segundo jugador expulsado en tres partidos disputados. <\/strong><\/p>\n<blockquote class=\"twitter-tweet\" data-media-max-width=\"560\" readability=\"6\">\n<p lang=\"es\" dir=\"ltr\">TALLERES SE QUED\u00d3 CON DIEZ \ud83d\udfe5 Lobo Medina expuls\u00f3 a Ortegoza por agresi\u00f3n a Poggi<\/p>\n<p>Viv\u00ed el Torneo Clausura 2025 por TNT Sports Premium y disfrutalo tambi\u00e9n en HBO Max \ud83d\udc49 <a href=\"https:\/\/twitter.com\/hashtag\/Suscribite?src=hash&amp;ref_src=twsrc%5Etfw\" target=\"_blank\" rel=\"noopener\">#Suscribite<\/a> <a href=\"https:\/\/t.co\/rq6sQOr7sM\" target=\"_blank\" rel=\"noopener\">https:\/\/t.co\/rq6sQOr7sM<\/a> <a href=\"https:\/\/t.co\/COAhIyNF1b\" target=\"_blank\" rel=\"noopener\">pic.twitter.com\/COAhIyNF1b<\/a><\/p>\n<p>\u2014 TNT Sports Argentina (@TNTSportsAR) <a href=\"https:\/\/twitter.com\/TNTSportsAR\/status\/1949557030248698189?ref_src=twsrc%5Etfw\" target=\"_blank\" rel=\"noopener\">July 27, 2025<\/a><\/p><\/blockquote>\n<p>El complemento del partido pas\u00f3 sin mayores situaciones. Talleres dedic\u00f3 a cuidar el resultado, teniendo en cuenta que se encontraba con uno menos, y llegar al \u00e1rea rival con una contra r\u00e1pida. <\/p>\n<p>Con pocas llegadas de los delanteros albiazules, la &#8216;T&#8217; no logr\u00f3 generarle situaciones de alto peligro a Godoy Cruz. <\/p>\n<p>Con este resultado, <strong>Talleres acumula 4 unidades y se ubica en la s\u00e9ptima posici\u00f3n de la zona B.<\/strong><\/p>\n<h2 class=\"wp-block-heading\">Formaciones iniciales: <\/h2>\n<p><strong>Talleres: <\/strong>Guido Herrera; Gabriel B\u00e1ez, Juan Rodr\u00edguez, Santiago Fernandez, Augusto Schott; Ulises Ortegoza, Mat\u00edas Galarza; Rick Morais, Valent\u00edn Depietri, Emmanuel Reynoso y Federico Girotti. <\/p>\n<p><strong>Godoy Cruz:<\/strong> Franco Petroli, Juan Mor\u00e1n, Leandro Quiroz, Mateo Mendoza, Lucas Arce; Pol Fern\u00e1ndez, Vicente Poggi, Nicol\u00e1s Fern\u00e1ndez, Santino Andino; Agust\u00edn Auzmendi y Facundo Altamira. <\/p>\n","protected":false},"excerpt":{"rendered":"<p>Talleres no se sac\u00f3 diferencias con Godoy Cruz en el encuentro correspondiente a la tercera fecha del Torneo Clausura. El equipo de T\u00e9vez llegaba a este encuentro, tras debutar con una derrota 2-1 ante San Lorenzo, en el Kempes. Luego, Talleres dio el golpe en Avellaneda, al vencer 2-1 a Independiente. La incidencia del encuentro [&hellip;]<\/p>\n","protected":false},"author":1,"featured_media":41358,"comment_status":"closed","ping_status":"closed","sticky":false,"template":"","format":"standard","meta":{"om_disable_all_campaigns":false,"_monsterinsights_skip_tracking":false,"_monsterinsights_sitenote_active":false,"_monsterinsights_sitenote_note":"","_monsterinsights_sitenote_category":0},"categories":[16],"tags":[34,81,36],"aioseo_notices":[],"_links":{"self":[{"href":"https:\/\/economiapoliticacba.com\/index.php?rest_route=\/wp\/v2\/posts\/41357"}],"collection":[{"href":"https:\/\/economiapoliticacba.com\/index.php?rest_route=\/wp\/v2\/posts"}],"about":[{"href":"https:\/\/economiapoliticacba.com\/index.php?rest_route=\/wp\/v2\/types\/post"}],"author":[{"embeddable":true,"href":"https:\/\/economiapoliticacba.com\/index.php?rest_route=\/wp\/v2\/users\/1"}],"replies":[{"embeddable":true,"href":"https:\/\/economiapoliticacba.com\/index.php?rest_route=%2Fwp%2Fv2%2Fcomments&post=41357"}],"version-history":[{"count":0,"href":"https:\/\/economiapoliticacba.com\/index.php?rest_route=\/wp\/v2\/posts\/41357\/revisions"}],"wp:featuredmedia":[{"embeddable":true,"href":"https:\/\/economiapoliticacba.com\/index.php?rest_route=\/wp\/v2\/media\/41358"}],"wp:attachment":[{"href":"https:\/\/economiapoliticacba.com\/index.php?rest_route=%2Fwp%2Fv2%2Fmedia&parent=41357"}],"wp:term":[{"taxonomy":"category","embeddable":true,"href":"https:\/\/economiapoliticacba.com\/index.php?rest_route=%2Fwp%2Fv2%2Fcategories&post=41357"},{"taxonomy":"post_tag","embeddable":true,"href":"https:\/\/economiapoliticacba.com\/index.php?rest_route=%2Fwp%2Fv2%2Ftags&post=41357"}],"curies":[{"name":"wp","href":"https:\/\/api.w.org\/{rel}","templated":true}]}}