{"id":4134,"date":"2022-12-28T02:48:37","date_gmt":"2022-12-28T02:48:37","guid":{"rendered":"https:\/\/canalshowsport.com.ar\/?p=258710"},"modified":"2022-12-28T02:48:37","modified_gmt":"2022-12-28T02:48:37","slug":"racing-muy-cerca-de-sumar-un-refuerzo-internacional","status":"publish","type":"post","link":"https:\/\/economiapoliticacba.com\/?p=4134","title":{"rendered":"Racing muy cerca de sumar un refuerzo internacional"},"content":{"rendered":"<p>Racing contin\u00faa alistando el equipo para competir la pr\u00f3xima temporada en la Primera Nacional.<\/p>\n<p>Seg\u00fan trascendi\u00f3 desde el periodista Juan Manuel Spont\u00f3n, la Academia estar\u00eda cerca de cerrar la llegada de Iv\u00e1n Pomba, enganche de 20 a\u00f1os que juega desde el 2021 en el Villarreal.<\/p>\n<p>El futbolista es cordob\u00e9s y creci\u00f3 futbol\u00edsticamente muy r\u00e1pido en su corta carrera. &nbsp;El 10 se form\u00f3 en el Deportivo Atalaya desde los 12 a\u00f1os, debut\u00f3 en la Primera de ese club con 15 y a los 18 se lo llevaron a Espa\u00f1a.<\/p>\n<p>Pomba estar\u00eda arribando a Argentina durante la jornada de jueves para poder firmar su contrato y sumarse a los entrenamientos bajo las \u00f3rdenes de Chiquito Bossio.<\/p>\n<p>El juvenil se sumar\u00eda a la larga lista de refuerzos que lleva Racing hasta el momento, junto a Joaqu\u00edn Mateo, Franco Coronel, Jos\u00e9 M\u00e9ndez, Franco Fragueda, Alejandro Cabral, Francisco Mattia, Augusto Gallo y Ant\u00fa Hern\u00e1ndez.<\/p>\n<figure class=\"wp-block-image size-full is-resized\"><img loading=\"lazy\" decoding=\"async\" alt=\"Racing muy cerca de sumar un refuerzo internacional | Canal Showsport\" width=\"584\" height=\"664\" data-sizes=\"(max-width: 584px) 100vw, 584px\" class=\"wp-image-258713 lazyload\" src=\"http:\/\/economiapoliticacba.com\/wp-content\/uploads\/2022\/12\/racing-muy-cerca-de-sumar-un-refuerzo-internacional.jpg\" srcset=\"http:\/\/economiapoliticacba.com\/wp-content\/uploads\/2022\/12\/racing-muy-cerca-de-sumar-un-refuerzo-internacional.jpg 1242w, http:\/\/economiapoliticacba.com\/wp-content\/uploads\/2022\/12\/racing-muy-cerca-de-sumar-un-refuerzo-internacional-1.jpg 768w, http:\/\/economiapoliticacba.com\/wp-content\/uploads\/2022\/12\/racing-muy-cerca-de-sumar-un-refuerzo-internacional-2.jpg 21w, http:\/\/economiapoliticacba.com\/wp-content\/uploads\/2022\/12\/racing-muy-cerca-de-sumar-un-refuerzo-internacional-3.jpg 32w, http:\/\/economiapoliticacba.com\/wp-content\/uploads\/2022\/12\/racing-muy-cerca-de-sumar-un-refuerzo-internacional-4.jpg 42w, http:\/\/economiapoliticacba.com\/wp-content\/uploads\/2022\/12\/racing-muy-cerca-de-sumar-un-refuerzo-internacional-5.jpg 750w, http:\/\/economiapoliticacba.com\/wp-content\/uploads\/2022\/12\/racing-muy-cerca-de-sumar-un-refuerzo-internacional-6.jpg 1140w\"><noscript><img loading=\"lazy\" decoding=\"async\" src=\"http:\/\/economiapoliticacba.com\/wp-content\/uploads\/2022\/12\/racing-muy-cerca-de-sumar-un-refuerzo-internacional.jpg\" alt=\"Racing muy cerca de sumar un refuerzo internacional | Canal Showsport\" class=\"wp-image-258713\" width=\"584\" height=\"664\" srcset=\"http:\/\/economiapoliticacba.com\/wp-content\/uploads\/2022\/12\/racing-muy-cerca-de-sumar-un-refuerzo-internacional.jpg 1242w, http:\/\/economiapoliticacba.com\/wp-content\/uploads\/2022\/12\/racing-muy-cerca-de-sumar-un-refuerzo-internacional-1.jpg 768w, http:\/\/economiapoliticacba.com\/wp-content\/uploads\/2022\/12\/racing-muy-cerca-de-sumar-un-refuerzo-internacional-2.jpg 21w, http:\/\/economiapoliticacba.com\/wp-content\/uploads\/2022\/12\/racing-muy-cerca-de-sumar-un-refuerzo-internacional-3.jpg 32w, http:\/\/economiapoliticacba.com\/wp-content\/uploads\/2022\/12\/racing-muy-cerca-de-sumar-un-refuerzo-internacional-4.jpg 42w, http:\/\/economiapoliticacba.com\/wp-content\/uploads\/2022\/12\/racing-muy-cerca-de-sumar-un-refuerzo-internacional-5.jpg 750w, http:\/\/economiapoliticacba.com\/wp-content\/uploads\/2022\/12\/racing-muy-cerca-de-sumar-un-refuerzo-internacional-6.jpg 1140w\" sizes=\"(max-width: 584px) 100vw, 584px\"><\/noscript><\/figure>\n<h5>Lee tambi\u00e9n<em>: <a href=\"https:\/\/canalshowsport.com.ar\/racing-de-nueva-italia-presento-las-nuevas-instalaciones-del-miguel-sancho\/\">Racing de Nueva Italia present\u00f3 las nuevas instalaciones del Miguel Sancho<\/a><\/em><\/h5>\n","protected":false},"excerpt":{"rendered":"<p>Racing contin\u00faa alistando el equipo para competir la pr\u00f3xima temporada en la Primera Nacional. Seg\u00fan trascendi\u00f3 desde el periodista Juan Manuel Spont\u00f3n, la Academia estar\u00eda cerca de cerrar la llegada de Iv\u00e1n Pomba, enganche de 20 a\u00f1os que juega desde el 2021 en el Villarreal. El futbolista es cordob\u00e9s y creci\u00f3 futbol\u00edsticamente muy r\u00e1pido en [&hellip;]<\/p>\n","protected":false},"author":1,"featured_media":4135,"comment_status":"closed","ping_status":"closed","sticky":false,"template":"","format":"standard","meta":{"om_disable_all_campaigns":false,"_monsterinsights_skip_tracking":false,"_monsterinsights_sitenote_active":false,"_monsterinsights_sitenote_note":"","_monsterinsights_sitenote_category":0},"categories":[16],"tags":[417,57],"aioseo_notices":[],"_links":{"self":[{"href":"https:\/\/economiapoliticacba.com\/index.php?rest_route=\/wp\/v2\/posts\/4134"}],"collection":[{"href":"https:\/\/economiapoliticacba.com\/index.php?rest_route=\/wp\/v2\/posts"}],"about":[{"href":"https:\/\/economiapoliticacba.com\/index.php?rest_route=\/wp\/v2\/types\/post"}],"author":[{"embeddable":true,"href":"https:\/\/economiapoliticacba.com\/index.php?rest_route=\/wp\/v2\/users\/1"}],"replies":[{"embeddable":true,"href":"https:\/\/economiapoliticacba.com\/index.php?rest_route=%2Fwp%2Fv2%2Fcomments&post=4134"}],"version-history":[{"count":0,"href":"https:\/\/economiapoliticacba.com\/index.php?rest_route=\/wp\/v2\/posts\/4134\/revisions"}],"wp:featuredmedia":[{"embeddable":true,"href":"https:\/\/economiapoliticacba.com\/index.php?rest_route=\/wp\/v2\/media\/4135"}],"wp:attachment":[{"href":"https:\/\/economiapoliticacba.com\/index.php?rest_route=%2Fwp%2Fv2%2Fmedia&parent=4134"}],"wp:term":[{"taxonomy":"category","embeddable":true,"href":"https:\/\/economiapoliticacba.com\/index.php?rest_route=%2Fwp%2Fv2%2Fcategories&post=4134"},{"taxonomy":"post_tag","embeddable":true,"href":"https:\/\/economiapoliticacba.com\/index.php?rest_route=%2Fwp%2Fv2%2Ftags&post=4134"}],"curies":[{"name":"wp","href":"https:\/\/api.w.org\/{rel}","templated":true}]}}