{"id":41315,"date":"2025-07-25T21:18:00","date_gmt":"2025-07-25T21:18:00","guid":{"rendered":"https:\/\/www.iprofesional.com\/politica\/433850-gobierno-posterga-por-tres-meses-la-puesta-en-marcha-del-sistema-acusatorio-en-doro-py"},"modified":"2025-07-25T21:18:00","modified_gmt":"2025-07-25T21:18:00","slug":"el-gobierno-posterga-por-tres-meses-la-puesta-en-marcha-del-sistema-acusatorio-en-comodoro-py","status":"publish","type":"post","link":"https:\/\/economiapoliticacba.com\/?p=41315","title":{"rendered":"El Gobierno posterga por tres meses la puesta en marcha del sistema acusatorio en Comodoro Py"},"content":{"rendered":"<p><img src=\"http:\/\/economiapoliticacba.com\/wp-content\/uploads\/2025\/07\/el-gobierno-posterga-por-tres-meses-la-puesta-en-marcha-del-sistema-acusatorio-en-comodoro-py.jpg\"><\/p>\n<div id>\n<p> As\u00ed lo resolvi\u00f3 el Ministerio de Justicia. Se advirti\u00f3 que a\u00fan no est\u00e1n dadas las condiciones para abordar investigaciones complejas <\/p>\n<p><strong>25\/07\/2025<\/strong> &#8211; 18:18hs<\/p>\n<div class=\"image-container img-wide padding-b\"> <picture><source media=\"(max-width:360px)\" srcset=\"https:\/\/resizer.iproimg.com\/unsafe\/360x\/filters:format(webp):quality(85):max_bytes(102400)\/https:\/\/assets.iprofesional.com\/assets\/jpg\/2020\/03\/493052.jpg\" data-srcset=\"https:\/\/resizer.iproimg.com\/unsafe\/360x\/filters:format(webp):quality(85):max_bytes(102400)\/https:\/\/assets.iprofesional.com\/assets\/jpg\/2020\/03\/493052.jpg\" class><source media=\"(max-width:430px)\" srcset=\"https:\/\/resizer.iproimg.com\/unsafe\/360x\/filters:format(webp):quality(85):max_bytes(102400)\/https:\/\/assets.iprofesional.com\/assets\/jpg\/2020\/03\/493052.jpg\" data-srcset=\"https:\/\/resizer.iproimg.com\/unsafe\/360x\/filters:format(webp):quality(85):max_bytes(102400)\/https:\/\/assets.iprofesional.com\/assets\/jpg\/2020\/03\/493052.jpg\" class><source media=\"(max-width:956px)\" srcset=\"https:\/\/resizer.iproimg.com\/unsafe\/640x\/filters:format(webp):quality(85):max_bytes(102400)\/https:\/\/assets.iprofesional.com\/assets\/jpg\/2020\/03\/493052.jpg\" data-srcset=\"https:\/\/resizer.iproimg.com\/unsafe\/640x\/filters:format(webp):quality(85):max_bytes(102400)\/https:\/\/assets.iprofesional.com\/assets\/jpg\/2020\/03\/493052.jpg\" class><img loading=\"lazy\" src=\"http:\/\/economiapoliticacba.com\/wp-content\/uploads\/2025\/07\/el-gobierno-posterga-por-tres-meses-la-puesta-en-marcha-del-sistema-acusatorio-en-comodoro-py.webp\" data-src=\"http:\/\/economiapoliticacba.com\/wp-content\/uploads\/2025\/07\/el-gobierno-posterga-por-tres-meses-la-puesta-en-marcha-del-sistema-acusatorio-en-comodoro-py.webp\" class alt=\"El Gobierno posterga por tres meses la puesta en marcha del sistema acusatorio en Comodoro Py\" width=\"1280px\" height=\"720px\"> <\/picture> <\/div><\/div>\n<div readability=\"86.592859718716\">\n<p>El Ministerio de Justicia de la Naci\u00f3n, <a href=\"https:\/\/www.iprofesional.com\/politica\/428595-cuneo-libarona-cierra-13-programas-ideologicos-y-ahorra-6-000-millones-anuales\" target=\"_blank\" rel=\"noopener noreferrer\">encabezado por Mariano C\u00faneo Libarona<\/a>, anunci\u00f3 la decisi\u00f3n de postergar por <strong>90 d\u00edas la entrada en vigencia del nuevo Sistema Acusatorio en los tribunales federales de la Ciudad de Buenos Aires<\/strong>.<\/p>\n<p>La reforma, que deb\u00eda comenzar a aplicarse el pr\u00f3ximo <strong>11 de agosto en Comodoro Py,<\/strong> qued\u00f3 en suspenso luego de que el Ministerio P\u00fablico Fiscal advirtiera que a\u00fan no est\u00e1n dadas las condiciones necesarias para abordar investigaciones complejas en esa jurisdicci\u00f3n.<\/p>\n<h2>El Gobierno posterg\u00f3 la implementaci\u00f3n del sistema acusatorio en Comodoro Py<\/h2>\n<p>Mediante un comunicado oficial, la cartera de Justicia explic\u00f3 que, a pesar del retraso, <strong>el Gobierno considera irreversible el proceso de transformaci\u00f3n judicial que implica esta reforma,<\/strong> dise\u00f1ada para reducir los tiempos de los procesos penales y mejorar la eficacia en la persecuci\u00f3n del delito. Seg\u00fan el texto, el sistema ya cuenta con los recursos adecuados para su implementaci\u00f3n, aunque persisten trabas institucionales que dificultan su despliegue pleno en Capital Federal.<\/p>\n<p>&#8220;El<a href=\"https:\/\/www.iprofesional.com\/politica\/416312-plan-javier-milei-para-poder-judicial-con-miras-en-corte-suprema-y-senado\" target=\"_blank\" rel=\"noopener noreferrer\"> Poder Judicial debe adecuarse<\/a> a un pa\u00eds sin privilegios ni estructuras corporativas que frenen el cambio&#8221;, subraya el documento difundido por el ministerio, que tambi\u00e9n hace referencia a la asistencia t\u00e9cnica, financiera e institucional que el Ejecutivo viene brindando para compensar a\u00f1os de abandono del sistema judicial.<\/p>\n<p>En esa l\u00ednea, la cartera enfatiz\u00f3 que las falencias edilicias o tecnol\u00f3gicas no deber\u00edan ser motivo para seguir demorando la puesta en marcha de una legislaci\u00f3n que fue sancionada hace m\u00e1s de diez a\u00f1os. No obstante, y ante los planteos reiterados por parte del Ministerio P\u00fablico Fiscal respecto de su falta de preparaci\u00f3n para enfrentar causas complejas bajo el nuevo esquema, se resolvi\u00f3 extender el plazo de implementaci\u00f3n de manera <span>&#8220;excepcional e improrrogable&#8221; por tres meses.<\/span><\/p>\n<p>El objetivo de esta pr\u00f3rroga, aclara el comunicado, es <strong>&#8220;remover obst\u00e1culos de \u00edndole pol\u00edtica y corporativa&#8221; <\/strong>y lograr una coordinaci\u00f3n efectiva entre los tres poderes del Estado en esta etapa clave de la reforma judicial. Tambi\u00e9n se menciona que el sistema ya fue puesto en marcha exitosamente en otras jurisdicciones del pa\u00eds, como Rosario, Mendoza, General Roca, Comodoro Rivadavia y Mar del Plata.<\/p>\n<p>La entrada en vigencia del <strong>C\u00f3digo Procesal Penal Federal implica un cambio estructural<\/strong>: desplaza el eje de la instrucci\u00f3n penal hacia los fiscales, que pasan a tener el control de la investigaci\u00f3n, mientras que los jueces asumen un rol m\u00e1s centrado en garantizar el cumplimiento del debido proceso. Se trata de una modificaci\u00f3n profunda en la din\u00e1mica del sistema penal federal, que busca mayor agilidad, transparencia y eficacia.<\/p>\n<\/p><\/div>\n","protected":false},"excerpt":{"rendered":"<p>As\u00ed lo resolvi\u00f3 el Ministerio de Justicia. Se advirti\u00f3 que a\u00fan no est\u00e1n dadas las condiciones para abordar investigaciones complejas 25\/07\/2025 &#8211; 18:18hs El Ministerio de Justicia de la Naci\u00f3n, encabezado por Mariano C\u00faneo Libarona, anunci\u00f3 la decisi\u00f3n de postergar por 90 d\u00edas la entrada en vigencia del nuevo Sistema Acusatorio en los tribunales federales [&hellip;]<\/p>\n","protected":false},"author":1,"featured_media":41316,"comment_status":"closed","ping_status":"closed","sticky":false,"template":"","format":"standard","meta":{"om_disable_all_campaigns":false,"_monsterinsights_skip_tracking":false,"_monsterinsights_sitenote_active":false,"_monsterinsights_sitenote_note":"","_monsterinsights_sitenote_category":0},"categories":[20],"tags":[],"aioseo_notices":[],"_links":{"self":[{"href":"https:\/\/economiapoliticacba.com\/index.php?rest_route=\/wp\/v2\/posts\/41315"}],"collection":[{"href":"https:\/\/economiapoliticacba.com\/index.php?rest_route=\/wp\/v2\/posts"}],"about":[{"href":"https:\/\/economiapoliticacba.com\/index.php?rest_route=\/wp\/v2\/types\/post"}],"author":[{"embeddable":true,"href":"https:\/\/economiapoliticacba.com\/index.php?rest_route=\/wp\/v2\/users\/1"}],"replies":[{"embeddable":true,"href":"https:\/\/economiapoliticacba.com\/index.php?rest_route=%2Fwp%2Fv2%2Fcomments&post=41315"}],"version-history":[{"count":0,"href":"https:\/\/economiapoliticacba.com\/index.php?rest_route=\/wp\/v2\/posts\/41315\/revisions"}],"wp:featuredmedia":[{"embeddable":true,"href":"https:\/\/economiapoliticacba.com\/index.php?rest_route=\/wp\/v2\/media\/41316"}],"wp:attachment":[{"href":"https:\/\/economiapoliticacba.com\/index.php?rest_route=%2Fwp%2Fv2%2Fmedia&parent=41315"}],"wp:term":[{"taxonomy":"category","embeddable":true,"href":"https:\/\/economiapoliticacba.com\/index.php?rest_route=%2Fwp%2Fv2%2Fcategories&post=41315"},{"taxonomy":"post_tag","embeddable":true,"href":"https:\/\/economiapoliticacba.com\/index.php?rest_route=%2Fwp%2Fv2%2Ftags&post=41315"}],"curies":[{"name":"wp","href":"https:\/\/api.w.org\/{rel}","templated":true}]}}