{"id":41275,"date":"2025-07-25T17:05:52","date_gmt":"2025-07-25T17:05:52","guid":{"rendered":"https:\/\/canalshowsport.com.ar\/?p=461747"},"modified":"2025-07-25T17:05:52","modified_gmt":"2025-07-25T17:05:52","slug":"oficial-rodrigo-guth-es-nuevo-jugador-de-talleres","status":"publish","type":"post","link":"https:\/\/economiapoliticacba.com\/?p=41275","title":{"rendered":"Oficial: Rodrigo Guth es nuevo jugador de Talleres"},"content":{"rendered":"<p>Este viernes por la ma\u00f1ana, <strong><a href=\"https:\/\/canalshowsport.com.ar\/category\/futbol\/talleres\/\">Talleres<\/a><\/strong> anunci\u00f3 oficialmente la llegada del cuarto refuerzo de cara al segundo semestre de 2025, reforzando la zaga central. Luego de la incorporaci\u00f3n de Jos\u00e9 Luis Palomino en ese puesto, tambi\u00e9n contrat\u00f3 a <strong>Rodrigo Guth<\/strong>.<\/p>\n<p>El marcador central brasilero de 24 a\u00f1os llega al &#8216;Albiazul&#8217; proveniente del Fortuna Sittard, de la Eredivisie holandesa. El &#8216;Matador&#8217; adquiri\u00f3 el porcentaje total de su ficha, y no una parte como hab\u00eda trascendido en un principio. Ya firm\u00f3 su contrato hasta diciembre de 2028.<\/p>\n<figure class=\"wp-block-image size-large\"><img decoding=\"async\" alt=\"Oficial: Rodrigo Guth es nuevo jugador de Talleres | Canal Showsport\" src=\"http:\/\/economiapoliticacba.com\/wp-content\/uploads\/2025\/07\/oficial-rodrigo-guth-es-nuevo-jugador-de-talleres.jpg\" class=\"lazyload\"><\/figure>\n<p>Guth es un jugador con fuerte juego a\u00e9reo, gran manejo del bal\u00f3n y presencia en ambas \u00e1reas debido a su considerable altura (1.91m). A su corta edad, ya tiene experiencia en el f\u00fatbol holand\u00e9s e italiano, adem\u00e1s de participar de los seleccionados juveniles de su pa\u00eds.<\/p>\n<blockquote class=\"instagram-media\" data-instgrm-captioned data-instgrm-permalink=\"https:\/\/www.instagram.com\/p\/DMiCShTsyjh\/?utm_source=ig_embed&amp;utm_campaign=loading\" data-instgrm-version=\"14\" readability=\"0.035714285714286\"><\/blockquote>\n<p>En sus primeras declaraciones como jugador del club, Guth afirm\u00f3: <em>&#8220;Yo eleg\u00ed Talleres porque me presentaron un proyecto fant\u00e1stico. Mi debut en Sudam\u00e9rica va a ser ac\u00e1, en el f\u00fatbol argentino que es un f\u00fatbol de mucha pasi\u00f3n&#8221;<\/em>.<\/p>\n<blockquote class=\"instagram-media\" data-instgrm-captioned data-instgrm-permalink=\"https:\/\/www.instagram.com\/reel\/DMiCgaksujm\/?utm_source=ig_embed&amp;utm_campaign=loading\" data-instgrm-version=\"14\" readability=\"0.035714285714286\"><\/blockquote>\n","protected":false},"excerpt":{"rendered":"<p>Este viernes por la ma\u00f1ana, Talleres anunci\u00f3 oficialmente la llegada del cuarto refuerzo de cara al segundo semestre de 2025, reforzando la zaga central. Luego de la incorporaci\u00f3n de Jos\u00e9 Luis Palomino en ese puesto, tambi\u00e9n contrat\u00f3 a Rodrigo Guth. El marcador central brasilero de 24 a\u00f1os llega al &#8216;Albiazul&#8217; proveniente del Fortuna Sittard, de [&hellip;]<\/p>\n","protected":false},"author":1,"featured_media":41276,"comment_status":"closed","ping_status":"closed","sticky":false,"template":"","format":"standard","meta":{"om_disable_all_campaigns":false,"_monsterinsights_skip_tracking":false,"_monsterinsights_sitenote_active":false,"_monsterinsights_sitenote_note":"","_monsterinsights_sitenote_category":0},"categories":[16],"tags":[2907,36],"aioseo_notices":[],"_links":{"self":[{"href":"https:\/\/economiapoliticacba.com\/index.php?rest_route=\/wp\/v2\/posts\/41275"}],"collection":[{"href":"https:\/\/economiapoliticacba.com\/index.php?rest_route=\/wp\/v2\/posts"}],"about":[{"href":"https:\/\/economiapoliticacba.com\/index.php?rest_route=\/wp\/v2\/types\/post"}],"author":[{"embeddable":true,"href":"https:\/\/economiapoliticacba.com\/index.php?rest_route=\/wp\/v2\/users\/1"}],"replies":[{"embeddable":true,"href":"https:\/\/economiapoliticacba.com\/index.php?rest_route=%2Fwp%2Fv2%2Fcomments&post=41275"}],"version-history":[{"count":0,"href":"https:\/\/economiapoliticacba.com\/index.php?rest_route=\/wp\/v2\/posts\/41275\/revisions"}],"wp:featuredmedia":[{"embeddable":true,"href":"https:\/\/economiapoliticacba.com\/index.php?rest_route=\/wp\/v2\/media\/41276"}],"wp:attachment":[{"href":"https:\/\/economiapoliticacba.com\/index.php?rest_route=%2Fwp%2Fv2%2Fmedia&parent=41275"}],"wp:term":[{"taxonomy":"category","embeddable":true,"href":"https:\/\/economiapoliticacba.com\/index.php?rest_route=%2Fwp%2Fv2%2Fcategories&post=41275"},{"taxonomy":"post_tag","embeddable":true,"href":"https:\/\/economiapoliticacba.com\/index.php?rest_route=%2Fwp%2Fv2%2Ftags&post=41275"}],"curies":[{"name":"wp","href":"https:\/\/api.w.org\/{rel}","templated":true}]}}