{"id":41239,"date":"2025-07-25T02:12:18","date_gmt":"2025-07-25T02:12:18","guid":{"rendered":"https:\/\/canalshowsport.com.ar\/?p=461695"},"modified":"2025-07-25T02:12:18","modified_gmt":"2025-07-25T02:12:18","slug":"talleres-hizo-oficial-la-llegada-de-gabriel-baez","status":"publish","type":"post","link":"https:\/\/economiapoliticacba.com\/?p=41239","title":{"rendered":"Talleres hizo oficial la llegada de Gabriel B\u00e1ez"},"content":{"rendered":"<p><strong>Talleres <\/strong>oficializ\u00f3 este jueves la incorporaci\u00f3n del lateral izquierdo <strong>Gabriel B\u00e1ez<\/strong>. La &#8220;T&#8221; adquiri\u00f3 el 100% de los derechos econ\u00f3micos del jugador, que firm\u00f3 contrato hasta el 31 de diciembre de 2027.<\/p>\n<p>B\u00e1ez, de 30 a\u00f1os, viene de tener una destacada temporada en Nacional de Uruguay, donde disput\u00f3 26 partidos, convirti\u00f3 3 goles y brind\u00f3 3 asistencias.<\/p>\n<figure class=\"wp-block-image size-full\"><img loading=\"lazy\" fetchpriority=\"high\" decoding=\"async\" width=\"1440\" height=\"928\" src=\"http:\/\/economiapoliticacba.com\/wp-content\/uploads\/2025\/07\/talleres-hizo-oficial-la-llegada-de-gabriel-baez.jpg\" alt=\"Talleres hizo oficial la llegada de Gabriel B\u00e1ez | Canal Showsport\" class=\"wp-image-461703\" srcset=\"http:\/\/economiapoliticacba.com\/wp-content\/uploads\/2025\/07\/talleres-hizo-oficial-la-llegada-de-gabriel-baez.jpg 1440w, http:\/\/economiapoliticacba.com\/wp-content\/uploads\/2025\/07\/talleres-hizo-oficial-la-llegada-de-gabriel-baez-1.jpg 768w, http:\/\/economiapoliticacba.com\/wp-content\/uploads\/2025\/07\/talleres-hizo-oficial-la-llegada-de-gabriel-baez-2.jpg 24w, http:\/\/economiapoliticacba.com\/wp-content\/uploads\/2025\/07\/talleres-hizo-oficial-la-llegada-de-gabriel-baez-3.jpg 36w, http:\/\/economiapoliticacba.com\/wp-content\/uploads\/2025\/07\/talleres-hizo-oficial-la-llegada-de-gabriel-baez-4.jpg 48w, http:\/\/economiapoliticacba.com\/wp-content\/uploads\/2025\/07\/talleres-hizo-oficial-la-llegada-de-gabriel-baez-5.jpg 750w, http:\/\/economiapoliticacba.com\/wp-content\/uploads\/2025\/07\/talleres-hizo-oficial-la-llegada-de-gabriel-baez-6.jpg 1140w\" sizes=\"(max-width: 1440px) 100vw, 1440px\"><figcaption class=\"wp-element-caption\">B\u00e1ez en Nacional<\/figcaption><\/figure>\n<p>El argentino se form\u00f3 en las divisiones inferiores de Newell\u2019s y debut\u00f3 en Primera en 2015 con apenas 19 a\u00f1os. Desde entonces, desarroll\u00f3 una carrera con experiencia internacional: jug\u00f3 en Yucat\u00e1n FC (M\u00e9xico), Cerro Largo (Uruguay), Sol de Am\u00e9rica y Cerro Porte\u00f1o (Paraguay), antes de arribar al conjunto tricolor de Montevideo.<\/p>\n<p>Con su llegada, Talleres suma su <strong>tercer refuerzo<\/strong> en este mercado de pases, tras sumar al defensor central Jos\u00e9 Palomino y el mediocampista Mateo C\u00e1ceres.<\/p>\n<figure class=\"wp-block-embed is-type-wp-embed is-provider-canal-showsport wp-block-embed-canal-showsport\"><\/figure>\n","protected":false},"excerpt":{"rendered":"<p>Talleres oficializ\u00f3 este jueves la incorporaci\u00f3n del lateral izquierdo Gabriel B\u00e1ez. La &#8220;T&#8221; adquiri\u00f3 el 100% de los derechos econ\u00f3micos del jugador, que firm\u00f3 contrato hasta el 31 de diciembre de 2027. B\u00e1ez, de 30 a\u00f1os, viene de tener una destacada temporada en Nacional de Uruguay, donde disput\u00f3 26 partidos, convirti\u00f3 3 goles y brind\u00f3 [&hellip;]<\/p>\n","protected":false},"author":1,"featured_media":41240,"comment_status":"closed","ping_status":"closed","sticky":false,"template":"","format":"standard","meta":{"om_disable_all_campaigns":false,"_monsterinsights_skip_tracking":false,"_monsterinsights_sitenote_active":false,"_monsterinsights_sitenote_note":"","_monsterinsights_sitenote_category":0},"categories":[16],"tags":[2897,2906,441,36],"aioseo_notices":[],"_links":{"self":[{"href":"https:\/\/economiapoliticacba.com\/index.php?rest_route=\/wp\/v2\/posts\/41239"}],"collection":[{"href":"https:\/\/economiapoliticacba.com\/index.php?rest_route=\/wp\/v2\/posts"}],"about":[{"href":"https:\/\/economiapoliticacba.com\/index.php?rest_route=\/wp\/v2\/types\/post"}],"author":[{"embeddable":true,"href":"https:\/\/economiapoliticacba.com\/index.php?rest_route=\/wp\/v2\/users\/1"}],"replies":[{"embeddable":true,"href":"https:\/\/economiapoliticacba.com\/index.php?rest_route=%2Fwp%2Fv2%2Fcomments&post=41239"}],"version-history":[{"count":0,"href":"https:\/\/economiapoliticacba.com\/index.php?rest_route=\/wp\/v2\/posts\/41239\/revisions"}],"wp:featuredmedia":[{"embeddable":true,"href":"https:\/\/economiapoliticacba.com\/index.php?rest_route=\/wp\/v2\/media\/41240"}],"wp:attachment":[{"href":"https:\/\/economiapoliticacba.com\/index.php?rest_route=%2Fwp%2Fv2%2Fmedia&parent=41239"}],"wp:term":[{"taxonomy":"category","embeddable":true,"href":"https:\/\/economiapoliticacba.com\/index.php?rest_route=%2Fwp%2Fv2%2Fcategories&post=41239"},{"taxonomy":"post_tag","embeddable":true,"href":"https:\/\/economiapoliticacba.com\/index.php?rest_route=%2Fwp%2Fv2%2Ftags&post=41239"}],"curies":[{"name":"wp","href":"https:\/\/api.w.org\/{rel}","templated":true}]}}