{"id":41154,"date":"2025-07-22T12:21:00","date_gmt":"2025-07-22T12:21:00","guid":{"rendered":"https:\/\/www.iprofesional.com\/legales\/433539-revocan-el-sobreseimiento-a-directivos-de-grido-juicio-por-asociacion-ilicita-fiscal"},"modified":"2025-07-22T12:21:00","modified_gmt":"2025-07-22T12:21:00","slug":"revocan-el-sobreseimiento-a-directivos-de-grido-y-enfrentaran-juicio-por-asociacion-ilicita-fiscal","status":"publish","type":"post","link":"https:\/\/economiapoliticacba.com\/?p=41154","title":{"rendered":"Revocan el sobreseimiento a directivos de Grido y enfrentar\u00e1n juicio por asociaci\u00f3n il\u00edcita fiscal"},"content":{"rendered":"<p><img src=\"http:\/\/economiapoliticacba.com\/wp-content\/uploads\/2025\/07\/revocan-el-sobreseimiento-a-directivos-de-grido-y-enfrentaran-juicio-por-asociacion-ilicita-fiscal.jpg\"><\/p>\n<div><img src=\"http:\/\/economiapoliticacba.com\/wp-content\/uploads\/2025\/07\/revocan-el-sobreseimiento-a-directivos-de-grido-y-enfrentaran-juicio-por-asociacion-ilicita-fiscal.webp\" class=\"ff-og-image-inserted\"><\/div>\n<p>La Sala IV de la C\u00e1mara Federal de Casaci\u00f3n Penal r<a href=\"https:\/\/www.iprofesional.com\/impuestos\/412099-blanqueo-fallo-justicia-perdona-duenos-grido\" target=\"_blank\" title=\"grido\" rel=\"noopener noreferrer\">evoc\u00f3 el sobreseimiento de los directores de Helacor S.A.<\/a>, firma responsable de la cadena de <strong>helader\u00edas Grido,<\/strong> y orden\u00f3 que se realice el juicio oral por el delito de asociaci\u00f3n il\u00edcita fiscal. La decisi\u00f3n, adoptada por mayor\u00eda, alcanza a Oscar Lucas Santiago (padre), Lucas Santiago y Sebasti\u00e1n Oscar Santiago.<\/p>\n<p>La resoluci\u00f3n deja sin efecto el fallo dictado el 16 de agosto de 2023 por el <strong>Tribunal Oral Federal N.\u00ba 2 (TOF2) de C\u00f3rdoba<\/strong>, que hab\u00eda declarado extinguida la acci\u00f3n penal contra los imputados al aplicar retroactivamente la Ley 27.743 y su Decreto Reglamentario 608\/2024. La defensa, a cargo del estudio jur\u00eddico Gram\u00e1tica, Ferrari, Gram\u00e1tica, hab\u00eda solicitado el sobreseimiento bas\u00e1ndose en que esa normativa constitu\u00eda la ley penal m\u00e1s benigna. El tribunal cordob\u00e9s hizo lugar al pedido con los votos de las juezas Noel Costa y Carolina Prado.<\/p>\n<p>Seg\u00fan la acusaci\u00f3n, los empresarios habr\u00edan conformado una organizaci\u00f3n destinada a cometer delitos tributarios entre fines de 2007 y mayo de 2012. Las<strong> maniobras denunciadas<\/strong> habr\u00edan involucrado la producci\u00f3n, distribuci\u00f3n y comercializaci\u00f3n de helados e insumos, e incluso habr\u00edan afectado a otras personas jur\u00eddicas, incluidas franquicias de la marca. El delito investigado va m\u00e1s all\u00e1 de una simple evasi\u00f3n fiscal y se enmarca en la figura penal de asociaci\u00f3n il\u00edcita fiscal.<\/p>\n<h2>La postura del Ministerio P\u00fablico Fiscal<\/h2>\n<p>El Fiscal General Carlos Gonella present\u00f3 un recurso ante la <strong>C\u00e1mara de Casaci\u00f3n <\/strong>contra el fallo del TOF2. En su planteo, sostuvo que la Ley 27.743 no incluye expresamente al delito de asociaci\u00f3n il\u00edcita fiscal entre los beneficiados por el r\u00e9gimen de exteriorizaci\u00f3n voluntaria de activos. Adem\u00e1s, se\u00f1al\u00f3 que la incorporaci\u00f3n de ese delito mediante el Decreto Reglamentario 608\/2024 implicaba una <a href=\"https:\/\/www.iprofesional.com\/impuestos\/412099-blanqueo-fallo-justicia-perdona-duenos-grido\" target=\"_blank\" title=\"grido\" rel=\"noopener noreferrer\">&#8220;injerencia indebida&#8221;<\/a> del Poder Ejecutivo en el \u00e1mbito del Poder Legislativo, lo que a su criterio resulta inconstitucional.<\/p>\n<p>Tambi\u00e9n argument\u00f3 que la figura penal en cuesti\u00f3n no tiene un contenido patrimonial determinado que pueda ser saldado mediante el pago de una suma de dinero. Por esa raz\u00f3n, entendi\u00f3 que <strong>el pago de u$s2.000.000 <\/strong>realizado por los imputados en el marco de la<a href=\"https:\/\/www.iprofesional.com\/negocios\/423333-franquicias-heladerias-exitosas-cuanto-debes-invertir-grido-versus-helados-daniel\" target=\"_blank\" title=\"grido\" rel=\"noopener noreferrer\"> Ley de blanqueo anterior (26.860)<\/a> no implica la cancelaci\u00f3n de la conducta investigada.<\/p>\n<h2>El fallo de Casaci\u00f3n<\/h2>\n<p>Los<strong> jueces Gustavo Hornos y Javier Carbajo <\/strong>integraron la mayor\u00eda que decidi\u00f3<a href=\"https:\/\/www.iprofesional.com\/negocios\/425303-revelan-cuanto-hay-que-invertir-en-franquicia-exitosa-cadena-helados-grido\" target=\"_blank\" title=\"grido\" rel=\"noopener noreferrer\"> revocar el sobreseimiento<\/a>. En sus fundamentos, se\u00f1alaron que la asociaci\u00f3n il\u00edcita fiscal ha sido hist\u00f3ricamente excluida de los beneficios de leyes de blanqueo y que su inclusi\u00f3n en un decreto reglamentario no puede modificar lo dispuesto por el Congreso. Hornos enfatiz\u00f3 que se trata de una figura cuyo da\u00f1o al Estado es indeterminado, sin un perjuicio econ\u00f3mico claramente cuantificable, por lo que no corresponde aplicar una condonaci\u00f3n patrimonial.<\/p>\n<p>La Sala IV record\u00f3 adem\u00e1s que ya se hab\u00eda pronunciado en este caso en 2017, cuando sostuvo que las conductas atribuidas no se relacionan con <strong>obligaciones tributarias<\/strong> concretas regularizables a trav\u00e9s de un plan de pagos. En esta l\u00ednea, sostuvo que el pago efectuado bajo la Ley 26.860 no constituye una cancelaci\u00f3n total de todas las obligaciones que podr\u00edan derivarse del accionar de una organizaci\u00f3n il\u00edcita.<\/p>\n<p>El tribunal precis\u00f3 que la conducta investigada es la de organizar una asociaci\u00f3n con el objetivo de cometer <strong>delitos tributarios <\/strong>de manera habitual e indeterminada. A diferencia de una evasi\u00f3n puntual, esta figura involucra la planificaci\u00f3n y ejecuci\u00f3n sistem\u00e1tica de maniobras para eludir el cumplimiento de las obligaciones fiscales.<\/p>\n<h2>Argumentos en disidencia<\/h2>\n<p>El juez <strong>Diego Barroetave\u00f1a<\/strong> vot\u00f3 en disidencia y consider\u00f3 que deb\u00eda confirmarse el sobreseimiento dictado por el TOF2. En su opini\u00f3n, las leyes de blanqueo deben ser interpretadas con amplitud, atendiendo a su finalidad de generar recursos fiscales y restablecer un marco de paz social.<\/p>\n<p>Barroetave\u00f1a consider\u00f3 que la<strong> Ley 27.743 <\/strong>no excluye de forma expl\u00edcita al delito de asociaci\u00f3n il\u00edcita fiscal, y que su decreto reglamentario s\u00ed contempla su inclusi\u00f3n bajo determinadas condiciones. A su entender, esto bastaba para aplicar la figura de ley penal m\u00e1s benigna y declarar extinguida la acci\u00f3n penal.<\/p>\n<h2>El pr\u00f3ximo paso judicial<\/h2>\n<p>Con esta resoluci\u00f3n, el proceso judicial vuelve al <strong>TOF2 de C\u00f3rdoba<\/strong>, que deber\u00e1 avanzar con la realizaci\u00f3n del juicio oral. El mismo estaba previsto para el a\u00f1o pasado, pero fue suspendido d\u00edas antes de su inicio debido al sobreseimiento ahora revocado. En aquella ocasi\u00f3n, el juez Fabi\u00e1n As\u00eds hab\u00eda votado en disidencia con respecto a sus colegas del TOF2. Su criterio, que no fue mayoritario entonces, es ahora el que prevaleci\u00f3 en Casaci\u00f3n.<\/p>\n<p>El juicio oral deber\u00e1 abordar la acusaci\u00f3n original que imputaba a los empresarios la conformaci\u00f3n de una asociaci\u00f3n il\u00edcita con el objetivo de reducir la carga tributaria mediante maniobras sistem\u00e1ticas. En este proceso se evaluar\u00e1n las pruebas presentadas por la<strong> fiscal\u00eda <\/strong>y las defensas, y se determinar\u00e1 la eventual responsabilidad penal de los acusados.<\/p>\n<p>La causa contra los directores de <strong>Helacor S.A<\/strong>. es una de las m\u00e1s relevantes en materia de delitos tributarios complejos en los \u00faltimos a\u00f1os, por la figura imputada, el monto de dinero involucrado y la estructura organizativa que habr\u00eda sido utilizada. La resoluci\u00f3n de la C\u00e1mara de Casaci\u00f3n marca un precedente respecto de los l\u00edmites de las leyes de blanqueo y su alcance sobre delitos que exceden el \u00e1mbito estrictamente patrimonial.<\/p>\n","protected":false},"excerpt":{"rendered":"<p>La Sala IV de la C\u00e1mara Federal de Casaci\u00f3n Penal revoc\u00f3 el sobreseimiento de los directores de Helacor S.A., firma responsable de la cadena de helader\u00edas Grido, y orden\u00f3 que se realice el juicio oral por el delito de asociaci\u00f3n il\u00edcita fiscal. La decisi\u00f3n, adoptada por mayor\u00eda, alcanza a Oscar Lucas Santiago (padre), Lucas Santiago [&hellip;]<\/p>\n","protected":false},"author":1,"featured_media":41155,"comment_status":"closed","ping_status":"closed","sticky":false,"template":"","format":"standard","meta":{"om_disable_all_campaigns":false,"_monsterinsights_skip_tracking":false,"_monsterinsights_sitenote_active":false,"_monsterinsights_sitenote_note":"","_monsterinsights_sitenote_category":0},"categories":[20],"tags":[],"aioseo_notices":[],"_links":{"self":[{"href":"https:\/\/economiapoliticacba.com\/index.php?rest_route=\/wp\/v2\/posts\/41154"}],"collection":[{"href":"https:\/\/economiapoliticacba.com\/index.php?rest_route=\/wp\/v2\/posts"}],"about":[{"href":"https:\/\/economiapoliticacba.com\/index.php?rest_route=\/wp\/v2\/types\/post"}],"author":[{"embeddable":true,"href":"https:\/\/economiapoliticacba.com\/index.php?rest_route=\/wp\/v2\/users\/1"}],"replies":[{"embeddable":true,"href":"https:\/\/economiapoliticacba.com\/index.php?rest_route=%2Fwp%2Fv2%2Fcomments&post=41154"}],"version-history":[{"count":0,"href":"https:\/\/economiapoliticacba.com\/index.php?rest_route=\/wp\/v2\/posts\/41154\/revisions"}],"wp:featuredmedia":[{"embeddable":true,"href":"https:\/\/economiapoliticacba.com\/index.php?rest_route=\/wp\/v2\/media\/41155"}],"wp:attachment":[{"href":"https:\/\/economiapoliticacba.com\/index.php?rest_route=%2Fwp%2Fv2%2Fmedia&parent=41154"}],"wp:term":[{"taxonomy":"category","embeddable":true,"href":"https:\/\/economiapoliticacba.com\/index.php?rest_route=%2Fwp%2Fv2%2Fcategories&post=41154"},{"taxonomy":"post_tag","embeddable":true,"href":"https:\/\/economiapoliticacba.com\/index.php?rest_route=%2Fwp%2Fv2%2Ftags&post=41154"}],"curies":[{"name":"wp","href":"https:\/\/api.w.org\/{rel}","templated":true}]}}