{"id":41073,"date":"2025-07-18T14:10:00","date_gmt":"2025-07-18T14:10:00","guid":{"rendered":"https:\/\/www.iprofesional.com\/legales\/433312-jose-lopez-rompe-el-silencio-tras-el-escandalo-de-los-bolsos"},"modified":"2025-07-18T14:10:00","modified_gmt":"2025-07-18T14:10:00","slug":"jose-lopez-defendio-su-estilo-de-vida-tras-el-escandalo-de-los-bolsos-y-aseguro-que-llevaba-una-vida-austera-y-digna","status":"publish","type":"post","link":"https:\/\/economiapoliticacba.com\/?p=41073","title":{"rendered":"Jos\u00e9 L\u00f3pez defendi\u00f3 su estilo de vida tras el esc\u00e1ndalo de los bolsos y asegur\u00f3 que llevaba una vida austera y digna."},"content":{"rendered":"<p><img src=\"http:\/\/economiapoliticacba.com\/wp-content\/uploads\/2025\/07\/jose-lopez-defendio-su-estilo-de-vida-tras-el-escandalo-de-los-bolsos-y-aseguro-que-llevaba-una-vida-austera-y-digna.jpg\"><\/p>\n<div id>\n<p> Acusado de arrojar bolsos con u$s9 millones en un convento, relat\u00f3 que tras su excarcelaci\u00f3n trabaj\u00f3 como profesor en universidades y escuelas secundaria <\/p>\n<p><strong>18\/07\/2025<\/strong> &#8211; 11:10hs<\/p>\n<div class=\"image-container img-wide padding-b\"> <picture><source media=\"(max-width:360px)\" srcset=\"https:\/\/resizer.iproimg.com\/unsafe\/360x\/filters:format(webp):quality(85):max_bytes(102400)\/https:\/\/assets.iprofesional.com\/assets\/jpg\/2018\/09\/466000.jpg\" data-srcset=\"https:\/\/resizer.iproimg.com\/unsafe\/360x\/filters:format(webp):quality(85):max_bytes(102400)\/https:\/\/assets.iprofesional.com\/assets\/jpg\/2018\/09\/466000.jpg\" class><source media=\"(max-width:430px)\" srcset=\"https:\/\/resizer.iproimg.com\/unsafe\/360x\/filters:format(webp):quality(85):max_bytes(102400)\/https:\/\/assets.iprofesional.com\/assets\/jpg\/2018\/09\/466000.jpg\" data-srcset=\"https:\/\/resizer.iproimg.com\/unsafe\/360x\/filters:format(webp):quality(85):max_bytes(102400)\/https:\/\/assets.iprofesional.com\/assets\/jpg\/2018\/09\/466000.jpg\" class><source media=\"(max-width:956px)\" srcset=\"https:\/\/resizer.iproimg.com\/unsafe\/640x\/filters:format(webp):quality(85):max_bytes(102400)\/https:\/\/assets.iprofesional.com\/assets\/jpg\/2018\/09\/466000.jpg\" data-srcset=\"https:\/\/resizer.iproimg.com\/unsafe\/640x\/filters:format(webp):quality(85):max_bytes(102400)\/https:\/\/assets.iprofesional.com\/assets\/jpg\/2018\/09\/466000.jpg\" class><img loading=\"lazy\" src=\"http:\/\/economiapoliticacba.com\/wp-content\/uploads\/2025\/07\/jose-lopez-defendio-su-estilo-de-vida-tras-el-escandalo-de-los-bolsos-y-aseguro-que-llevaba-una-vida-austera-y-digna.webp\" data-src=\"http:\/\/economiapoliticacba.com\/wp-content\/uploads\/2025\/07\/jose-lopez-defendio-su-estilo-de-vida-tras-el-escandalo-de-los-bolsos-y-aseguro-que-llevaba-una-vida-austera-y-digna.webp\" class alt=\"Jos\u00e9 L\u00f3pez rompe el silencio en audiencia clave : 'Llevaba una vida austera pero digna'\" width=\"1280px\" height=\"720px\"> <\/picture> <\/div><\/div>\n<div readability=\"113.12175447441\">\n<p><strong>Jos\u00e9 L\u00f3pez<\/strong>, ex secretario de Obras P\u00fablicas, se present\u00f3 este jueves ante el <strong>Tribunal Oral Federal 2 (TOF 2) <\/strong>en una audiencia clave en la que se analiza la posible unificaci\u00f3n de sus condenas por<strong> enriquecimiento il\u00edcito y <a href=\"https:\/\/www.iprofesional.com\/politica\/430399-reves-para-cristina-kirchner-por-administracion-fraudulenta-que-dice-fallo-de-corte-suprema\" target=\"_blank\" title=\"Dur\u00edsimo rev\u00e9s para Cristina Kirchner por &quot;administraci\u00f3n fraudulenta&quot;: el fallo de la Corte, punto por punto\" rel=\"noopener noreferrer\">administraci\u00f3n fraudulenta <\/a><\/strong><a href=\"https:\/\/www.iprofesional.com\/politica\/430399-reves-para-cristina-kirchner-por-administracion-fraudulenta-que-dice-fallo-de-corte-suprema\" target=\"_blank\" title=\"Dur\u00edsimo rev\u00e9s para Cristina Kirchner por &quot;administraci\u00f3n fraudulenta&quot;: el fallo de la Corte, punto por punto\" rel=\"noopener noreferrer\">e<\/a>n perjuicio del Estado, seg\u00fan consta en el expediente judicial.<\/p>\n<p>La imagen de L\u00f3pez contin\u00faa asociada a uno de los episodios m\u00e1s emblem\u00e1ticos de la corrupci\u00f3n en Argentina:<span> la madrugada en que intent\u00f3 esconder bolsos con <strong>9 millones de d\u00f3lares, joyas y armas en un convento de General Rodr\u00edguez.<\/strong> Ese hecho deriv\u00f3 en una condena a <strong>siete a\u00f1os y medio de prisi\u00f3n<\/strong> por portaci\u00f3n de armas y enriquecimiento il\u00edcito.<\/span><\/p>\n<h2>Declaraci\u00f3n desde Ezeiza: &#8220;Llevaba una vida austera, pero digna&#8221;<\/h2>\n<p>En la audiencia, L\u00f3pez declar\u00f3 de virtualmente desde el <strong>Penal de Ezeiza,<\/strong> donde se encuentra detenido desde el 16 de junio, tras la confirmaci\u00f3n de la condena por el <strong>caso Vialidad<\/strong> por parte de la <a href=\"https:\/\/www.iprofesional.com\/legales\/432830-la-corte-suprema-descarto-responsabilidad-de-directores-de-empresas-en-pago-de-indemnizaciones\" target=\"_blank\" title=\"La Corte descart\u00f3 la responsabilidad de los directores de las empresas en el pago de deudas laborales\" rel=\"noopener noreferrer\">Corte Suprema de Justicia.<\/a><\/p>\n<p>El exfuncionario se refiri\u00f3 a su experiencia durante el per\u00edodo en que estuvo en libertad provisional: &#8220;<strong>Me alcanzaba para mantenerme, llevaba una vida de forma austera, pero digna<\/strong>&#8220;, afirm\u00f3. Relat\u00f3 que trabaj\u00f3 como docente en escuelas secundarias y universidades, donde dict\u00f3 clases de f\u00edsica, tambi\u00e9n en formato virtual.<\/p>\n<p>Tambi\u00e9n asegur\u00f3 que estos trabajos le permitieron &#8220;mantenerme en el \u00faltimo tiempo de forma austera pero digna&#8221;, y que hab\u00eda comenzado un proceso de <a href=\"https:\/\/www.iprofesional.com\/politica\/433144-causa-seguros-alberto-fernandez-apelo-su-procesamiento-y-pidio-la-falta-de-merito\" target=\"_blank\" title=\"Alberto Fern\u00e1ndez apel\u00f3 su procesamiento y pidi\u00f3 la falta de m\u00e9rito en la causa &quot;Seguros&quot;\" rel=\"noopener noreferrer\"><strong>reconstrucci\u00f3n familiar <\/strong><\/a>antes de la sentencia definitiva en la causa Vialidad: &#8220;Ya hab\u00eda comenzado un proceso de reconstrucci\u00f3n de los lazos familiares y afectivos&#8221;, explic\u00f3, y agreg\u00f3 que fue nombrado tutor legal de su nieto ante el director de la escuela.<\/p>\n<p>Luego de seis a\u00f1os de prisi\u00f3n, conforme sus palabras, logr\u00f3 insertarse laboralmente en el \u00e1mbito privado: &#8220;<span>Despu\u00e9s de que obtuve la excarcelaci\u00f3n, consegu\u00ed trabajo haciendo determinaciones de precios y seguimiento de contratos<\/span>&#8220;. No obstante, detall\u00f3 que perdi\u00f3 ese empleo &#8220;producto de la situaci\u00f3n medi\u00e1tica&#8221;, en referencia a la fuerte exposici\u00f3n p\u00fablica del caso del convento, que fue cubierto tanto por medios locales como internacionales.<\/p>\n<h2>La defensa pidi\u00f3 una pena \u00fanica de ocho a\u00f1os<\/h2>\n<p>El objetivo de la audiencia fue escuchar los argumentos de las partes sobre la posible unificaci\u00f3n de penas. La defensa de L\u00f3pez, a cargo del defensor oficial <strong>Santiago Finn<\/strong>, solicit\u00f3 aplicar el criterio composicional para unificar las sentencias, lo que decantar\u00eda en una pena \u00fanica de ocho a\u00f1os.<\/p>\n<p>El letrado asever\u00f3 que &#8220;<strong>de haberse juzgado todo en un \u00fanico juicio <a href=\"https:\/\/www.iprofesional.com\/politica\/433050-intimaron-cristina-kirchner-y-demas-condenados-que-depositen-685000-millones-pesos\" target=\"_blank\" title=\"Intimaron a Cristina Kirchner y al resto de los condenados a que depositen $685.000 millones en diez d\u00edas\" rel=\"noopener noreferrer\">la condena <\/a>ser\u00eda menor a la suma aritm\u00e9tica&#8221;<\/strong>, y sostuvo que los delitos por los que fue condenado est\u00e1n interrelacionados.<\/p>\n<h2>Un rol central en el esquema de corrupci\u00f3n de la causa Vialidad<\/h2>\n<p>Del otro lado, el fiscal general<strong> Diego Luciani<\/strong> se opuso a la unificaci\u00f3n y pidi\u00f3 que las penas se acumulen, lo que llevar\u00eda a una condena total de <strong>trece a\u00f1os y medio de prisi\u00f3n.<\/strong> En su alegato, Luciani afirm\u00f3 que <span>&#8220;se juzg\u00f3 un hecho de gran corrupci\u00f3n con las m\u00e1s altas jerarqu\u00edas del gobierno&#8221;, y destac\u00f3 el perjuicio al Estado, calculado en<strong> 537 millones de d\u00f3lares por el tribunal y en cerca de 1.000 millones por la fiscal\u00eda.<\/strong><\/span><\/p>\n<p>En la audiencia, la fiscal\u00eda insisti\u00f3 en que L\u00f3pez desempe\u00f1\u00f3 un rol central en el esquema de corrupci\u00f3n de la causa Vialidad, se\u00f1al\u00e1ndolo como el encargado de distribuir fondos p\u00fablicos y asignar contratos al Grupo Austral, empresa encabezada por L\u00e1zaro B\u00e1ez.<\/p>\n<p>La pesquisa detect\u00f3 irregularidades en <strong>51 licitaciones viales<\/strong> durante los gobiernos kirchneristas, incluyendo sobreprecios, ausencia de competencia y adjudicaciones sistem\u00e1ticas en favor de B\u00e1ez. Seg\u00fan lo estableci\u00f3 el tribunal, L\u00f3pez tuvo un rol fundamental en la organizaci\u00f3n del fraude, al facilitar la distribuci\u00f3n de fondos y asegurar la realizaci\u00f3n de los pagos.<\/p>\n<\/p><\/div>\n","protected":false},"excerpt":{"rendered":"<p>Acusado de arrojar bolsos con u$s9 millones en un convento, relat\u00f3 que tras su excarcelaci\u00f3n trabaj\u00f3 como profesor en universidades y escuelas secundaria 18\/07\/2025 &#8211; 11:10hs Jos\u00e9 L\u00f3pez, ex secretario de Obras P\u00fablicas, se present\u00f3 este jueves ante el Tribunal Oral Federal 2 (TOF 2) en una audiencia clave en la que se analiza la [&hellip;]<\/p>\n","protected":false},"author":1,"featured_media":41074,"comment_status":"closed","ping_status":"closed","sticky":false,"template":"","format":"standard","meta":{"om_disable_all_campaigns":false,"_monsterinsights_skip_tracking":false,"_monsterinsights_sitenote_active":false,"_monsterinsights_sitenote_note":"","_monsterinsights_sitenote_category":0},"categories":[20],"tags":[],"aioseo_notices":[],"_links":{"self":[{"href":"https:\/\/economiapoliticacba.com\/index.php?rest_route=\/wp\/v2\/posts\/41073"}],"collection":[{"href":"https:\/\/economiapoliticacba.com\/index.php?rest_route=\/wp\/v2\/posts"}],"about":[{"href":"https:\/\/economiapoliticacba.com\/index.php?rest_route=\/wp\/v2\/types\/post"}],"author":[{"embeddable":true,"href":"https:\/\/economiapoliticacba.com\/index.php?rest_route=\/wp\/v2\/users\/1"}],"replies":[{"embeddable":true,"href":"https:\/\/economiapoliticacba.com\/index.php?rest_route=%2Fwp%2Fv2%2Fcomments&post=41073"}],"version-history":[{"count":0,"href":"https:\/\/economiapoliticacba.com\/index.php?rest_route=\/wp\/v2\/posts\/41073\/revisions"}],"wp:featuredmedia":[{"embeddable":true,"href":"https:\/\/economiapoliticacba.com\/index.php?rest_route=\/wp\/v2\/media\/41074"}],"wp:attachment":[{"href":"https:\/\/economiapoliticacba.com\/index.php?rest_route=%2Fwp%2Fv2%2Fmedia&parent=41073"}],"wp:term":[{"taxonomy":"category","embeddable":true,"href":"https:\/\/economiapoliticacba.com\/index.php?rest_route=%2Fwp%2Fv2%2Fcategories&post=41073"},{"taxonomy":"post_tag","embeddable":true,"href":"https:\/\/economiapoliticacba.com\/index.php?rest_route=%2Fwp%2Fv2%2Ftags&post=41073"}],"curies":[{"name":"wp","href":"https:\/\/api.w.org\/{rel}","templated":true}]}}