{"id":41044,"date":"2025-07-20T01:56:00","date_gmt":"2025-07-20T01:56:00","guid":{"rendered":"https:\/\/canalshowsport.com.ar\/?p=461052"},"modified":"2025-07-20T01:56:00","modified_gmt":"2025-07-20T01:56:00","slug":"talleres-se-mide-con-independiente-por-la-segunda-fecha-del-torneo-clausura-hora-tv-y-posibles-formaciones","status":"publish","type":"post","link":"https:\/\/economiapoliticacba.com\/?p=41044","title":{"rendered":"Talleres se mide con Independiente por la segunda fecha del Torneo Clausura: hora, TV y posibles formaciones"},"content":{"rendered":"<p>Talleres visita a Independiente por la segunda fecha del Torneo Clausura. Desde las 21.00hs los equipos se medir\u00e1n en el Libertadores de Am\u00e9rica, ex casa del ahora entrenador de la \u2018T\u2019: Carlos T\u00e9vez.<\/p>\n<p>El encuentro lo televisar\u00e1 <em>TNT Sports Premium <\/em> y Ariel Penel ser\u00e1 el encargado de impartir justicia. Sebasti\u00e1n Mart\u00ednez estar\u00e1 en el VAR.<\/p>\n<figure class=\"wp-block-image size-full\"><img loading=\"lazy\" fetchpriority=\"high\" decoding=\"async\" width=\"1280\" height=\"852\" src=\"http:\/\/economiapoliticacba.com\/wp-content\/uploads\/2025\/07\/talleres-se-mide-con-independiente-por-la-segunda-fecha-del-torneo-clausura-hora-tv-y-posibles-formaciones.jpg\" alt=\"Talleres se mide con Independiente por la segunda fecha del Torneo Clausura: hora, TV y posibles formaciones | Canal Showsport\" class=\"wp-image-461054\" srcset=\"http:\/\/economiapoliticacba.com\/wp-content\/uploads\/2025\/07\/talleres-se-mide-con-independiente-por-la-segunda-fecha-del-torneo-clausura-hora-tv-y-posibles-formaciones.jpg 1280w, http:\/\/economiapoliticacba.com\/wp-content\/uploads\/2025\/07\/talleres-se-mide-con-independiente-por-la-segunda-fecha-del-torneo-clausura-hora-tv-y-posibles-formaciones-2.jpg 768w, http:\/\/economiapoliticacba.com\/wp-content\/uploads\/2025\/07\/talleres-se-mide-con-independiente-por-la-segunda-fecha-del-torneo-clausura-hora-tv-y-posibles-formaciones-3.jpg 24w, http:\/\/economiapoliticacba.com\/wp-content\/uploads\/2025\/07\/talleres-se-mide-con-independiente-por-la-segunda-fecha-del-torneo-clausura-hora-tv-y-posibles-formaciones-4.jpg 36w, http:\/\/economiapoliticacba.com\/wp-content\/uploads\/2025\/07\/talleres-se-mide-con-independiente-por-la-segunda-fecha-del-torneo-clausura-hora-tv-y-posibles-formaciones-5.jpg 48w, http:\/\/economiapoliticacba.com\/wp-content\/uploads\/2025\/07\/talleres-se-mide-con-independiente-por-la-segunda-fecha-del-torneo-clausura-hora-tv-y-posibles-formaciones-6.jpg 750w, http:\/\/economiapoliticacba.com\/wp-content\/uploads\/2025\/07\/talleres-se-mide-con-independiente-por-la-segunda-fecha-del-torneo-clausura-hora-tv-y-posibles-formaciones-7.jpg 1140w\" sizes=\"(max-width: 1280px) 100vw, 1280px\"><figcaption class=\"wp-element-caption\"><em>Foto: Prensa Talleres<\/em><\/figcaption><\/figure>\n<p>El Albiazul llega a este compromiso luego de la dura ca\u00edda ante San Lorenzo por 2-1 en el debut. Sequeira fue el autor del gol Matador.<\/p>\n<p>Por su parte, el Rojo llega con un punto a su poder tras igualar 2-2 ante Sarmiento en Jun\u00edn.<\/p>\n<h3 class=\"wp-block-heading\">Posibles formaciones: Independiente &#8211; Talleres<\/h3>\n<p>Independiente: Rodrigo Rey; Leonardo Godoy, Kevin Lom\u00f3naco, Nicol\u00e1s Freire, Santiago Montiel o Federico Vera o Jonathan De Irastorza; Felipe Loyola, Iv\u00e1n Marcone, Luciano Cabral; Walter Mazzanti, Gabriel \u00c1valos, Diego Tarzia o Santiago Montiel. DT: Julio Vaccari.<\/p>\n<p>Talleres: Guido Herrera; Augusto Schott, Santiago Fern\u00e1ndez, Juan Rodr\u00edguez o Jos\u00e9 Luis Palomino, Miguel Navarro; Mat\u00edas Galarza, Juan Camilo Portilla; Luis Sequeira, Rub\u00e9n Botta, Luis Angulo; Federico Girotti. DT: Carlos T\u00e9vez.<\/p>\n<h3 class=\"wp-block-heading\">Independiente vs. Talleres: datos del partido<\/h3>\n<p>&#8211; Hora: 21<br \/>&#8211; TV: TNT Sports Premium<br \/>&#8211; \u00c1rbitro: Ariel Penel<br \/>&#8211; VAR: Sebasti\u00e1n Mart\u00ednez<br \/>&#8211; Estadio: Libertadores de Am\u00e9rica &#8211; Ricardo Enrique Bochini<\/p>\n","protected":false},"excerpt":{"rendered":"<p>Talleres visita a Independiente por la segunda fecha del Torneo Clausura. Desde las 21.00hs los equipos se medir\u00e1n en el Libertadores de Am\u00e9rica, ex casa del ahora entrenador de la \u2018T\u2019: Carlos T\u00e9vez. El encuentro lo televisar\u00e1 TNT Sports Premium y Ariel Penel ser\u00e1 el encargado de impartir justicia. Sebasti\u00e1n Mart\u00ednez estar\u00e1 en el VAR. [&hellip;]<\/p>\n","protected":false},"author":1,"featured_media":41045,"comment_status":"closed","ping_status":"closed","sticky":false,"template":"","format":"standard","meta":{"om_disable_all_campaigns":false,"_monsterinsights_skip_tracking":false,"_monsterinsights_sitenote_active":false,"_monsterinsights_sitenote_note":"","_monsterinsights_sitenote_category":0},"categories":[16,42],"tags":[1406,890,1619,2190,327,36,2865,2192],"aioseo_notices":[],"_links":{"self":[{"href":"https:\/\/economiapoliticacba.com\/index.php?rest_route=\/wp\/v2\/posts\/41044"}],"collection":[{"href":"https:\/\/economiapoliticacba.com\/index.php?rest_route=\/wp\/v2\/posts"}],"about":[{"href":"https:\/\/economiapoliticacba.com\/index.php?rest_route=\/wp\/v2\/types\/post"}],"author":[{"embeddable":true,"href":"https:\/\/economiapoliticacba.com\/index.php?rest_route=\/wp\/v2\/users\/1"}],"replies":[{"embeddable":true,"href":"https:\/\/economiapoliticacba.com\/index.php?rest_route=%2Fwp%2Fv2%2Fcomments&post=41044"}],"version-history":[{"count":0,"href":"https:\/\/economiapoliticacba.com\/index.php?rest_route=\/wp\/v2\/posts\/41044\/revisions"}],"wp:featuredmedia":[{"embeddable":true,"href":"https:\/\/economiapoliticacba.com\/index.php?rest_route=\/wp\/v2\/media\/41045"}],"wp:attachment":[{"href":"https:\/\/economiapoliticacba.com\/index.php?rest_route=%2Fwp%2Fv2%2Fmedia&parent=41044"}],"wp:term":[{"taxonomy":"category","embeddable":true,"href":"https:\/\/economiapoliticacba.com\/index.php?rest_route=%2Fwp%2Fv2%2Fcategories&post=41044"},{"taxonomy":"post_tag","embeddable":true,"href":"https:\/\/economiapoliticacba.com\/index.php?rest_route=%2Fwp%2Fv2%2Ftags&post=41044"}],"curies":[{"name":"wp","href":"https:\/\/api.w.org\/{rel}","templated":true}]}}