{"id":41032,"date":"2025-07-18T20:40:00","date_gmt":"2025-07-18T20:40:00","guid":{"rendered":"https:\/\/www.iprofesional.com\/politica\/433349-manuel-adorni-minimizo-polemica-por-contrato-millonario-adjudicado-a-empresa-familia-menem"},"modified":"2025-07-18T20:40:00","modified_gmt":"2025-07-18T20:40:00","slug":"adorni-minimizo-las-polemicas-por-un-contrato-millonario-adjudicado-a-una-empresa-de-los-menem","status":"publish","type":"post","link":"https:\/\/economiapoliticacba.com\/?p=41032","title":{"rendered":"Adorni minimiz\u00f3 las pol\u00e9micas por un contrato millonario adjudicado a una empresa de los Menem"},"content":{"rendered":"<p><img src=\"http:\/\/economiapoliticacba.com\/wp-content\/uploads\/2025\/07\/adorni-minimizo-las-polemicas-por-un-contrato-millonario-adjudicado-a-una-empresa-de-los-menem.png\"><\/p>\n<div id>\n<p> Una firma propiedad de la familia Menem fue adjudicataria de una licitaci\u00f3n del Banco Naci\u00f3n por $4.000 millones para prestar servicios de vigilancia <\/p>\n<p><strong>18\/07\/2025<\/strong> &#8211; 17:40hs<\/p>\n<div class=\"image-container img-wide padding-b\"> <picture><source media=\"(max-width:360px)\" srcset=\"https:\/\/resizer.iproimg.com\/unsafe\/360x\/filters:format(webp):quality(85):max_bytes(102400)\/https:\/\/assets.iprofesional.com\/assets\/png\/2024\/02\/566678.png\" data-srcset=\"https:\/\/resizer.iproimg.com\/unsafe\/360x\/filters:format(webp):quality(85):max_bytes(102400)\/https:\/\/assets.iprofesional.com\/assets\/png\/2024\/02\/566678.png\" class><source media=\"(max-width:430px)\" srcset=\"https:\/\/resizer.iproimg.com\/unsafe\/360x\/filters:format(webp):quality(85):max_bytes(102400)\/https:\/\/assets.iprofesional.com\/assets\/png\/2024\/02\/566678.png\" data-srcset=\"https:\/\/resizer.iproimg.com\/unsafe\/360x\/filters:format(webp):quality(85):max_bytes(102400)\/https:\/\/assets.iprofesional.com\/assets\/png\/2024\/02\/566678.png\" class><source media=\"(max-width:956px)\" srcset=\"https:\/\/resizer.iproimg.com\/unsafe\/640x\/filters:format(webp):quality(85):max_bytes(102400)\/https:\/\/assets.iprofesional.com\/assets\/png\/2024\/02\/566678.png\" data-srcset=\"https:\/\/resizer.iproimg.com\/unsafe\/640x\/filters:format(webp):quality(85):max_bytes(102400)\/https:\/\/assets.iprofesional.com\/assets\/png\/2024\/02\/566678.png\" class><img loading=\"lazy\" src=\"http:\/\/economiapoliticacba.com\/wp-content\/uploads\/2025\/07\/adorni-minimizo-las-polemicas-por-un-contrato-millonario-adjudicado-a-una-empresa-de-los-menem.webp\" data-src=\"http:\/\/economiapoliticacba.com\/wp-content\/uploads\/2025\/07\/adorni-minimizo-las-polemicas-por-un-contrato-millonario-adjudicado-a-una-empresa-de-los-menem.webp\" class alt=\"martin menem\" width=\"1280px\" height=\"720px\"> <\/picture> <\/div><\/div>\n<div readability=\"102.54952414522\">\n<p>La <strong>empresa Tech Security SRL, propiedad de la familia Menem<\/strong>, fue adjudicataria de <a href=\"https:\/\/www.iprofesional.com\/politica\/431345-ajuste-gobierno-javier-milei-continua-banco-nacion-argentino-cierra-60-sucursales\" target=\"_blank\" rel=\"noopener noreferrer\">una licitaci\u00f3n del Banco Naci\u00f3n<\/a> por <strong>$4.000 millones<\/strong> para prestar servicios de vigilancia en edificios de la entidad estatal.<\/p>\n<p>Tras darse a conocer esta noticia, el vocero&nbsp;<strong><a href=\"https:\/\/www.iprofesional.com\/economia\/432585-adorni-sale-al-cruce-tras-motosierra-estatal\" target=\"_blank\" rel=\"noopener noreferrer\">Manuel Adorni<\/a> <\/strong>habl\u00f3 sobre el tema y dijo que no era una novedad, ya que la firma trabaja desde hace a\u00f1os con el sector p\u00fablico. Y se refiri\u00f3 a una &#8220;operaci\u00f3n medi\u00e1tica&#8221;.<\/p>\n<p>&#8220;<strong>Hace muchos a\u00f1os efectivamente que esta empresa brinda servicios<\/strong>, no tenemos mucho m\u00e1s para decir. Si hay alguna irregularidad, alguien se presentar\u00e1 en la Justicia, pero no creemos que sea el caso&#8221;, destac\u00f3 el funcionario de Javier Milei durante una conferencia de prensa desde la Casa Rosada.<\/p>\n<p>Adem\u00e1s, atac\u00f3&nbsp;a los medios, se\u00f1alando que debe ser &#8220;<strong>una operaci\u00f3n period\u00edstica que no tiene demasiada relevancia<\/strong>&#8221; y destac\u00f3 que la empresa que result\u00f3 ganadora en el concurso &#8220;hace seis o siete a\u00f1os&#8221; que presta servicios al Banco Naci\u00f3n.&nbsp;<\/p>\n<p>&#8220;Si hay alguna irregularidad, tendr\u00e1n que hacer una denuncia, pero no es lo que nosotros observamos. Es una informaci\u00f3n vieja que nuevamente sale al debate p\u00fablico, la ultima vez fue a principios de a\u00f1o, no recuerdo&#8221;, indic\u00f3 al respecto y sigui\u00f3: &#8220;Es un tema conocido, as\u00ed que digo operaci\u00f3n no por algo malo sino porque efectivamente los medios empezaron a levantar un tema que estaba agotado en el debate medi\u00e1tico&#8221;.<\/p>\n<h2>Pol\u00e9mica adjudicaci\u00f3n a una empresa de la familia Menem para la vigilancia del Banco Naci\u00f3n<\/h2>\n<p><span><a href=\"https:\/\/www.iprofesional.com\/politica\/424723-trama-oculta-detras-escandalo-martin-menem-por-chats-filtrados\" target=\"_blank\" rel=\"noopener noreferrer\">El presidente de la C\u00e1mara de Diputados, Mart\u00edn Menem<\/a>, fue socio hasta el 6 de diciembre de 2023, cuando le cedi\u00f3 las acciones a su hermano, ya que unos d\u00edas despu\u00e9s deb\u00eda asumir la titularidad de la C\u00e1mara baja.<\/span> Figuraban tambi\u00e9n en el paquete accionario sus dos hermanos, Adri\u00e1n y Fernando Menem.<\/p>\n<p>El contrato al que accedi\u00f3 la compa\u00f1\u00eda es para brindar sus servicios en la casa central de la banca p\u00fablica, ubicada en Bartolom\u00e9 Mitre al 300, y en otros cuatro establecimientos: el edificio Maip\u00fa, la sede donde acuden los funcionarios y la sucursal ubicada en el Aeroparque Jorge Newbery.<\/p>\n<p>La informaci\u00f3n fue formalizada el 4 de julio al publicarse en el Bolet\u00edn Oficial, donde se indica que la adjudicaci\u00f3n es por<strong> un monto total de $3.933.026.507<\/strong>.<\/p>\n<p>De acuerdo con su p\u00e1gina web, la empresa fue fundada hace 19 a\u00f1os y brinda servicios a museos, hospitales, barrios privados, shoppings y eventos deportivos, adem\u00e1s de ofrecer custodia de ejecutivos y traslado.<\/p>\n<p>Entre sus clientes se mencionan a los clubes River Plate y Racing Club, pero tambi\u00e9n el predio de Ezeiza de la Asociaci\u00f3n del F\u00fatbol Argentino (AFA). Adem\u00e1s, tuvo convenios con el Belgrano Cargas, la Biblioteca Nacional y la municipalidad de Vicente L\u00f3pez, entre otros. En total, cuenta con unos 500 empleados.<\/p>\n<\/p><\/div>\n","protected":false},"excerpt":{"rendered":"<p>Una firma propiedad de la familia Menem fue adjudicataria de una licitaci\u00f3n del Banco Naci\u00f3n por $4.000 millones para prestar servicios de vigilancia 18\/07\/2025 &#8211; 17:40hs La empresa Tech Security SRL, propiedad de la familia Menem, fue adjudicataria de una licitaci\u00f3n del Banco Naci\u00f3n por $4.000 millones para prestar servicios de vigilancia en edificios de [&hellip;]<\/p>\n","protected":false},"author":1,"featured_media":41033,"comment_status":"closed","ping_status":"closed","sticky":false,"template":"","format":"standard","meta":{"om_disable_all_campaigns":false,"_monsterinsights_skip_tracking":false,"_monsterinsights_sitenote_active":false,"_monsterinsights_sitenote_note":"","_monsterinsights_sitenote_category":0},"categories":[20],"tags":[],"aioseo_notices":[],"_links":{"self":[{"href":"https:\/\/economiapoliticacba.com\/index.php?rest_route=\/wp\/v2\/posts\/41032"}],"collection":[{"href":"https:\/\/economiapoliticacba.com\/index.php?rest_route=\/wp\/v2\/posts"}],"about":[{"href":"https:\/\/economiapoliticacba.com\/index.php?rest_route=\/wp\/v2\/types\/post"}],"author":[{"embeddable":true,"href":"https:\/\/economiapoliticacba.com\/index.php?rest_route=\/wp\/v2\/users\/1"}],"replies":[{"embeddable":true,"href":"https:\/\/economiapoliticacba.com\/index.php?rest_route=%2Fwp%2Fv2%2Fcomments&post=41032"}],"version-history":[{"count":0,"href":"https:\/\/economiapoliticacba.com\/index.php?rest_route=\/wp\/v2\/posts\/41032\/revisions"}],"wp:featuredmedia":[{"embeddable":true,"href":"https:\/\/economiapoliticacba.com\/index.php?rest_route=\/wp\/v2\/media\/41033"}],"wp:attachment":[{"href":"https:\/\/economiapoliticacba.com\/index.php?rest_route=%2Fwp%2Fv2%2Fmedia&parent=41032"}],"wp:term":[{"taxonomy":"category","embeddable":true,"href":"https:\/\/economiapoliticacba.com\/index.php?rest_route=%2Fwp%2Fv2%2Fcategories&post=41032"},{"taxonomy":"post_tag","embeddable":true,"href":"https:\/\/economiapoliticacba.com\/index.php?rest_route=%2Fwp%2Fv2%2Ftags&post=41032"}],"curies":[{"name":"wp","href":"https:\/\/api.w.org\/{rel}","templated":true}]}}