{"id":40993,"date":"2025-07-18T14:34:00","date_gmt":"2025-07-18T14:34:00","guid":{"rendered":"https:\/\/www.iprofesional.com\/legales\/433316-la-corte-ordeno-tobillera-electronica-y-mas-restricciones-para-kair-bolsonaro"},"modified":"2025-07-18T14:34:00","modified_gmt":"2025-07-18T14:34:00","slug":"con-tobillera-y-mas-restricciones-la-corte-suprema-de-brasil-endurece-las-medidas-contra-bolsonaro","status":"publish","type":"post","link":"https:\/\/economiapoliticacba.com\/?p=40993","title":{"rendered":"Con tobillera y m\u00e1s restricciones, la Corte Suprema de Brasil endurece las medidas contra Bolsonaro"},"content":{"rendered":"<p><img src=\"http:\/\/economiapoliticacba.com\/wp-content\/uploads\/2025\/07\/con-tobillera-y-mas-restricciones-la-corte-suprema-de-brasil-endurece-las-medidas-contra-bolsonaro.jpg\"><\/p>\n<div id>\n<p> El presidente de Brasil enfrenta un juicio por conspirar contra el orden democr\u00e1tico. De ser hallado culpable, podr\u00eda recibir hasta 40 a\u00f1os de prisi\u00f3n <\/p>\n<p><strong>18\/07\/2025<\/strong> &#8211; 11:34hs<\/p>\n<div class=\"image-container img-wide padding-b\"> <picture><source media=\"(max-width:360px)\" srcset=\"https:\/\/resizer.iproimg.com\/unsafe\/360x\/filters:format(webp):quality(85):max_bytes(102400)\/https:\/\/assets.iprofesional.com\/assets\/jpg\/2020\/04\/495745.jpg\" data-srcset=\"https:\/\/resizer.iproimg.com\/unsafe\/360x\/filters:format(webp):quality(85):max_bytes(102400)\/https:\/\/assets.iprofesional.com\/assets\/jpg\/2020\/04\/495745.jpg\" class><source media=\"(max-width:430px)\" srcset=\"https:\/\/resizer.iproimg.com\/unsafe\/360x\/filters:format(webp):quality(85):max_bytes(102400)\/https:\/\/assets.iprofesional.com\/assets\/jpg\/2020\/04\/495745.jpg\" data-srcset=\"https:\/\/resizer.iproimg.com\/unsafe\/360x\/filters:format(webp):quality(85):max_bytes(102400)\/https:\/\/assets.iprofesional.com\/assets\/jpg\/2020\/04\/495745.jpg\" class><source media=\"(max-width:956px)\" srcset=\"https:\/\/resizer.iproimg.com\/unsafe\/640x\/filters:format(webp):quality(85):max_bytes(102400)\/https:\/\/assets.iprofesional.com\/assets\/jpg\/2020\/04\/495745.jpg\" data-srcset=\"https:\/\/resizer.iproimg.com\/unsafe\/640x\/filters:format(webp):quality(85):max_bytes(102400)\/https:\/\/assets.iprofesional.com\/assets\/jpg\/2020\/04\/495745.jpg\" class><img loading=\"lazy\" src=\"http:\/\/economiapoliticacba.com\/wp-content\/uploads\/2025\/07\/con-tobillera-y-mas-restricciones-la-corte-suprema-de-brasil-endurece-las-medidas-contra-bolsonaro.webp\" data-src=\"http:\/\/economiapoliticacba.com\/wp-content\/uploads\/2025\/07\/con-tobillera-y-mas-restricciones-la-corte-suprema-de-brasil-endurece-las-medidas-contra-bolsonaro.webp\" class alt=\"La Corte Suprema de Brasil limita a Bolsonaro: tobillera, redes bloqueadas y arresto nocturno\" width=\"1280px\" height=\"720px\"> <\/picture> <\/div><\/div>\n<div readability=\"90.519782214156\">\n<p>El Supremo Tribunal Federal de Brasil dispuso este viernes nuevas medidas restrictivas contra el expresidente <strong>Jair Bolsonaro<\/strong>, en el marco de la causa que lo investiga por planear un intento de <strong>golpe de Estado<\/strong> tras <a href=\"https:\/\/www.iprofesional.com\/politica\/433075-entre-el-fenomeno-milei-y-el-ausentismo-encuesta-revela-por-que-menos-gente-va-a-votar\" target=\"_blank\" title=\"Elecciones 2025: una encuesta revela por qu\u00e9 la gente va menos a votar y la contracara del &quot;fen\u00f3meno Milei&quot;\" rel=\"noopener noreferrer\">perder las elecciones<\/a> de 2022 frente a Luiz In\u00e1cio <strong>Lula da Silva.<\/strong><\/p>\n<p>Seg\u00fan reportaron medios brasile\u00f1os, <span>entre las medidas impuestas se destacan el uso obligatorio de una tobillera electr\u00f3nica, el impedimento para utilizar sus redes sociales y el establecimiento de un r\u00e9gimen de arresto domiciliario nocturno. <\/span>Asimismo, se le proh\u00edbe mantener contacto con diplom\u00e1ticos y otros involucrados en la investigaci\u00f3n, as\u00ed como acercarse a sedes diplom\u00e1ticas.<\/p>\n<p>El fallo llega luego de nuevos allanamientos realizados por la Polic\u00eda Federal local en <a href=\"https:\/\/www.iprofesional.com\/realestate\/432820-en-que-barrios-de-buenos-aires-estan-ph-con-mejor-relacion-precio-beneficio\" target=\"_blank\" title=\"Furor por los PH: cu\u00e1les son los barrios donde se logra la mejor relaci\u00f3n precio-beneficio\" rel=\"noopener noreferrer\">propiedades relacionadas<\/a> con Bolsonaro en Brasilia. Los agentes tambi\u00e9n ingresaron a la sede del Partido Liberal (PL), el espacio pol\u00edtico que encabeza el exmandatario.<\/p>\n<h2>Lo acusan de liderar una organizaci\u00f3n golpista<\/h2>\n<p>Bolsonaro es se\u00f1alado por la Justicia brasile\u00f1a como el principal referente de una estructura que intent\u00f3 desconocer los resultados de los comicios presidenciales de 2022. Seg\u00fan el portal G1, las medidas judiciales le exigen permanecer en su residencia entre las 19:00 y las 7:00, y le impiden interactuar con otras personas imputadas.<\/p>\n<p>La fiscal\u00eda general solicit\u00f3 al tribunal que se lo condene por los<span> delitos de &#8220;<strong>organizaci\u00f3n criminal armada&#8221;, &#8220;intento de abolici\u00f3n del estado democr\u00e1tico&#8221;, &#8220;golpe de Estado&#8221;<\/strong> y otros cargos vinculados al da\u00f1o contra <a href=\"https:\/\/www.iprofesional.com\/legales\/432928-inmobiliarias-crisis-que-dice-proyecto-ley-busca-desregular-sector\" target=\"_blank\" title=\"Revoluci\u00f3n en el sector inmobiliario: buscan eliminar regulaciones y abrir el mercado\" rel=\"noopener noreferrer\">bienes <\/a>del Estado.<\/span><\/p>\n<p>La fiscal\u00eda asever\u00f3 que, &#8220;comprobada la participaci\u00f3n de las personas en los hechos, el fiscal general de la rep\u00fablica reforz\u00f3 que sean condenados por (&#8230;) organizaci\u00f3n criminal armada&#8221;, &#8220;tentativa de abolici\u00f3n del estado democr\u00e1tico&#8221;, &#8220;golpe de Estado&#8221; y otros delitos relacionados con da\u00f1os a bienes p\u00fablicos.<\/p>\n<h2>Trump sali\u00f3 en defensa del expresidente brasile\u00f1o<\/h2>\n<p>Mientras avanza la causa, <a href=\"https:\/\/www.iprofesional.com\/politica\/433275-la-casa-blanca-revelo-que-donald-trump-sufre-una-insuficiencia-venosa-cronica-que-sintomas-tiene\" target=\"_blank\" title=\"La Casa Blanca revel\u00f3 que Trump sufre una &quot;insuficiencia venosa cr\u00f3nica&quot;: qu\u00e9 s\u00edntomas padece\" rel=\"noopener noreferrer\">el presidente de Estados Unidos<\/a>,&nbsp;<strong>Donald Trump<\/strong>, manifest\u00f3 nuevamente su respaldo a Bolsonaro. En declaraciones recientes, lo calific\u00f3 como &#8220;un buen hombre&#8221; y asegur\u00f3 que el juicio en su contra es &#8220;<strong>una caza de brujas<\/strong>&#8220;.<\/p>\n<p>En ese sentido, afirm\u00f3 que &#8220;he conocido a muchos primeros ministros, presidentes, reyes y reinas, y s\u00e9 que soy bastante bueno en esto. Bolsonaro no es un hombre<strong> <\/strong>deshonesto<strong>.<\/strong> Ama al pueblo brasile\u00f1o. Luch\u00f3 con ah\u00ednco por el pueblo brasile\u00f1o&#8221;,.<\/p>\n<p>Y agreg\u00f3: &#8220;<span>Lo conozco.<strong> No es amigo m\u00edo, es un conocido<\/strong>. Lo conozco como representante de millones de brasile\u00f1os. Son gente maravillosa. <\/span>\u00c9l ama a su pa\u00eds, luch\u00f3 con ah\u00ednco por esa gente y quieren meterlo en la c\u00e1rcel. Creo que es una caza de brujas y que es muy lamentable&#8221;.<\/p>\n<\/p><\/div>\n","protected":false},"excerpt":{"rendered":"<p>El presidente de Brasil enfrenta un juicio por conspirar contra el orden democr\u00e1tico. De ser hallado culpable, podr\u00eda recibir hasta 40 a\u00f1os de prisi\u00f3n 18\/07\/2025 &#8211; 11:34hs El Supremo Tribunal Federal de Brasil dispuso este viernes nuevas medidas restrictivas contra el expresidente Jair Bolsonaro, en el marco de la causa que lo investiga por planear [&hellip;]<\/p>\n","protected":false},"author":1,"featured_media":40994,"comment_status":"closed","ping_status":"closed","sticky":false,"template":"","format":"standard","meta":{"om_disable_all_campaigns":false,"_monsterinsights_skip_tracking":false,"_monsterinsights_sitenote_active":false,"_monsterinsights_sitenote_note":"","_monsterinsights_sitenote_category":0},"categories":[20],"tags":[],"aioseo_notices":[],"_links":{"self":[{"href":"https:\/\/economiapoliticacba.com\/index.php?rest_route=\/wp\/v2\/posts\/40993"}],"collection":[{"href":"https:\/\/economiapoliticacba.com\/index.php?rest_route=\/wp\/v2\/posts"}],"about":[{"href":"https:\/\/economiapoliticacba.com\/index.php?rest_route=\/wp\/v2\/types\/post"}],"author":[{"embeddable":true,"href":"https:\/\/economiapoliticacba.com\/index.php?rest_route=\/wp\/v2\/users\/1"}],"replies":[{"embeddable":true,"href":"https:\/\/economiapoliticacba.com\/index.php?rest_route=%2Fwp%2Fv2%2Fcomments&post=40993"}],"version-history":[{"count":0,"href":"https:\/\/economiapoliticacba.com\/index.php?rest_route=\/wp\/v2\/posts\/40993\/revisions"}],"wp:featuredmedia":[{"embeddable":true,"href":"https:\/\/economiapoliticacba.com\/index.php?rest_route=\/wp\/v2\/media\/40994"}],"wp:attachment":[{"href":"https:\/\/economiapoliticacba.com\/index.php?rest_route=%2Fwp%2Fv2%2Fmedia&parent=40993"}],"wp:term":[{"taxonomy":"category","embeddable":true,"href":"https:\/\/economiapoliticacba.com\/index.php?rest_route=%2Fwp%2Fv2%2Fcategories&post=40993"},{"taxonomy":"post_tag","embeddable":true,"href":"https:\/\/economiapoliticacba.com\/index.php?rest_route=%2Fwp%2Fv2%2Ftags&post=40993"}],"curies":[{"name":"wp","href":"https:\/\/api.w.org\/{rel}","templated":true}]}}